{"id":71496,"date":"2018-01-10T22:11:04","date_gmt":"2018-01-11T01:11:04","guid":{"rendered":"http:\/\/www.hoymercedes.com.ar\/principal\/?p=71496"},"modified":"2024-11-22T10:45:01","modified_gmt":"2024-11-22T13:45:01","slug":"vecino-fallece-tras-estar-una-semana-grave-luego-de-ser-arrollado-en-colectora","status":"publish","type":"post","link":"https:\/\/www.hoymercedes.com.ar\/principal\/2018\/01\/10\/vecino-fallece-tras-estar-una-semana-grave-luego-de-ser-arrollado-en-colectora\/","title":{"rendered":"Vecino fallece tras estar una semana grave luego de ser arrollado en colectora"},"content":{"rendered":"<p>Este mi\u00e9rcoles se produjo el fellecimiento del vecino Manuel Horacio Rossello, 79 a\u00f1os, tras casi una semana de haber estado internado luego de un siniestro vial ocurrido el pasado jueves en la colectora norte de la Ruta Nacional N\u00b0 5.<\/p>\n<p>De acuerdo a lo informado por esos d\u00edas, Rosello se encontraba trabajando en su puesto de frutas y verduras en cercan\u00edas de la Ruta 5. En horas de la tarde de dicho d\u00eda se dispon\u00eda a reponer la mercader\u00eda desde el galp\u00f3n que se encuentra en dicho lugar y con una carretilla estaba realizando el viaje con varios cajones. Por causas que son materia de investigaci\u00f3n fue embestido por una joven de 23 a\u00f1os que circulaba en moto en sentido Gowland \u2013 Mercedes.<\/p>\n<p>Producto del impacto, Rosello result\u00f3 con heridas m\u00faltiples, traumatismo de cr\u00e1neo y politraumatismos varios por lo que fue trasladado al Hospital Blas L. Dubarry.\u00a0En tanto, la conductora de la motocicleta result\u00f3 tambi\u00e9n con lesiones en la cabeza y varios raspones, pero tras ser tenida en observaci\u00f3n fue dada de alta.\u00a0Se labraron actuaciones por\u00a0 \u201cLesiones culposas\u201d con intervenci\u00f3n de la UFI N\u00b0 6 a cargo del doctor Luis Carcagno.<\/p>\n<p>En la tarde del mi\u00e9rcoles, Rossello falleci\u00f3. Por lo tanto, las actuaciones de la Fiscal\u00eda podr\u00edan verse modificadas ante un posible cambio de caratula en la causa.<\/p>\n","protected":false},"excerpt":{"rendered":"<p>Este mi\u00e9rcoles se produjo el fellecimiento del vecino Manuel Horacio Rossello, 79 a\u00f1os, tras casi una semana de haber estado &#8230; <a title=\"Vecino fallece tras estar una semana grave luego de ser arrollado en colectora\" class=\"read-more\" href=\"https:\/\/www.hoymercedes.com.ar\/principal\/2018\/01\/10\/vecino-fallece-tras-estar-una-semana-grave-luego-de-ser-arrollado-en-colectora\/\" aria-label=\"Leer m\u00e1s sobre Vecino fallece tras estar una semana grave luego de ser arrollado en colectora\">Leer m\u00e1s<\/a><\/p>\n","protected":false},"author":1,"featured_media":118857,"comment_status":"closed","ping_status":"open","sticky":false,"template":"","format":"standard","meta":{"_monsterinsights_skip_tracking":false,"_monsterinsights_sitenote_active":false,"_monsterinsights_sitenote_note":"","_monsterinsights_sitenote_category":0,"jetpack_post_was_ever_published":false,"_jetpack_newsletter_access":"","_jetpack_dont_email_post_to_subs":false,"_jetpack_newsletter_tier_id":0,"_jetpack_memberships_contains_paywalled_content":false,"_jetpack_memberships_contains_paid_content":false,"footnotes":"","jetpack_publicize_message":"","jetpack_publicize_feature_enabled":true,"jetpack_social_post_already_shared":true,"jetpack_social_options":{"image_generator_settings":{"template":"highway","default_image_id":0,"font":"","enabled":false},"version":2},"_wpas_customize_per_network":false},"categories":[85],"tags":[8777,10,10395],"class_list":["post-71496","post","type-post","status-publish","format-standard","has-post-thumbnail","hentry","category-policial","tag-fallecimiento","tag-mercedes","tag-siniestro-vial","generate-columns","tablet-grid-50","mobile-grid-100","grid-parent","grid-50"],"jetpack_publicize_connections":[],"jetpack_featured_media_url":"https:\/\/www.hoymercedes.com.ar\/principal\/wp-content\/uploads\/2020\/10\/21-policia-bragado.jpg","wps_subtitle":"Siniestro vial","jetpack_sharing_enabled":true,"_links":{"self":[{"href":"https:\/\/www.hoymercedes.com.ar\/principal\/wp-json\/wp\/v2\/posts\/71496","targetHints":{"allow":["GET"]}}],"collection":[{"href":"https:\/\/www.hoymercedes.com.ar\/principal\/wp-json\/wp\/v2\/posts"}],"about":[{"href":"https:\/\/www.hoymercedes.com.ar\/principal\/wp-json\/wp\/v2\/types\/post"}],"author":[{"embeddable":true,"href":"https:\/\/www.hoymercedes.com.ar\/principal\/wp-json\/wp\/v2\/users\/1"}],"replies":[{"embeddable":true,"href":"https:\/\/www.hoymercedes.com.ar\/principal\/wp-json\/wp\/v2\/comments?post=71496"}],"version-history":[{"count":0,"href":"https:\/\/www.hoymercedes.com.ar\/principal\/wp-json\/wp\/v2\/posts\/71496\/revisions"}],"wp:featuredmedia":[{"embeddable":true,"href":"https:\/\/www.hoymercedes.com.ar\/principal\/wp-json\/wp\/v2\/media\/118857"}],"wp:attachment":[{"href":"https:\/\/www.hoymercedes.com.ar\/principal\/wp-json\/wp\/v2\/media?parent=71496"}],"wp:term":[{"taxonomy":"category","embeddable":true,"href":"https:\/\/www.hoymercedes.com.ar\/principal\/wp-json\/wp\/v2\/categories?post=71496"},{"taxonomy":"post_tag","embeddable":true,"href":"https:\/\/www.hoymercedes.com.ar\/principal\/wp-json\/wp\/v2\/tags?post=71496"}],"curies":[{"name":"wp","href":"https:\/\/api.w.org\/{rel}","templated":true}]}}