{"id":71499,"date":"2018-01-11T12:51:10","date_gmt":"2018-01-11T15:51:10","guid":{"rendered":"http:\/\/www.hoymercedes.com.ar\/principal\/?p=71499"},"modified":"2018-01-11T12:51:10","modified_gmt":"2018-01-11T15:51:10","slug":"segundo-fin-de-semana-con-musica-en-las-plazas","status":"publish","type":"post","link":"https:\/\/www.hoymercedes.com.ar\/principal\/2018\/01\/11\/segundo-fin-de-semana-con-musica-en-las-plazas\/","title":{"rendered":"Segundo fin de semana con m\u00fasica en las Plazas"},"content":{"rendered":"<p>M\u00fasica en las Plazas llega a \u00abUnidad y Progreso\u00bb. Ser\u00e1 desde la hora 20.30 del s\u00e1bado 13 de enero, en la esquina de 26 y 55. Actuar\u00e1n artistas locales y habr\u00e1 concurso de baile.<\/p>\n<p>La Direcci\u00f3n \u00a0de Cultura contin\u00faa con el ciclo musical en las Plazas.\u00a0El s\u00e1bado 13, desde las 20.30, la continuidad del programa \u00abM\u00fasica en las Plazas\u00bb se dar\u00e1 en el barrio \u00abUnidad y Progreso\u00bb (26 y 55). All\u00ed actuar\u00e1n Los L\u00f3pez Heredia, el tr\u00edo folkl\u00f3rico integrado por Rodrigo Heredia en guitarra, Jos\u00e9 L\u00f3pez L\u00e1strico en bombo y Fausto Lobato en viol\u00edn. Adem\u00e1s, la cantante Fernanda Ottolini dar\u00e1 un show de m\u00fasica latina y, por \u00faltimo, el ritmo tropical con Camilo Rojas y su Banda.<\/p>\n<p>Como en todas las fechas, se realizar\u00e1 el ya cl\u00e1sico concurso de baile con todas las parejas que deseen participar y que los depositar\u00e1 en la final del certamen que se realizar\u00e1 en la \u00faltima de las fechas a desarrollarse en el C. C. La Trocha.<\/p>\n<p>Los vecinos podr\u00e1n disfrutar de sillas especialmente dispuestas por la Municipalidad para quienes quieran contemplar de cerca los espect\u00e1culos musicales y tambi\u00e9n de un destacado servicio de cantina.<\/p>\n<p>Est\u00e1n todos invitados a la tercera fecha de la edici\u00f3n 2018 de M\u00fasica en las plazas, de manera libre y gratuita.<\/p>\n<p>Fuente: Prensa Municipal<\/p>\n","protected":false},"excerpt":{"rendered":"<p>M\u00fasica en las Plazas llega a \u00abUnidad y Progreso\u00bb. Ser\u00e1 desde la hora 20.30 del s\u00e1bado 13 de enero, en &#8230; <a title=\"Segundo fin de semana con m\u00fasica en las Plazas\" class=\"read-more\" href=\"https:\/\/www.hoymercedes.com.ar\/principal\/2018\/01\/11\/segundo-fin-de-semana-con-musica-en-las-plazas\/\" aria-label=\"Leer m\u00e1s sobre Segundo fin de semana con m\u00fasica en las Plazas\">Leer m\u00e1s<\/a><\/p>\n","protected":false},"author":1,"featured_media":71500,"comment_status":"closed","ping_status":"open","sticky":false,"template":"","format":"standard","meta":{"_monsterinsights_skip_tracking":false,"_monsterinsights_sitenote_active":false,"_monsterinsights_sitenote_note":"","_monsterinsights_sitenote_category":0,"jetpack_post_was_ever_published":false,"_jetpack_newsletter_access":"","_jetpack_dont_email_post_to_subs":false,"_jetpack_newsletter_tier_id":0,"_jetpack_memberships_contains_paywalled_content":false,"_jetpack_memberships_contains_paid_content":false,"footnotes":"","jetpack_publicize_message":"","jetpack_publicize_feature_enabled":true,"jetpack_social_post_already_shared":true,"jetpack_social_options":{"image_generator_settings":{"template":"highway","default_image_id":0,"font":"","enabled":false},"version":2},"_wpas_customize_per_network":false},"categories":[104],"tags":[7805,244,10455],"class_list":["post-71499","post","type-post","status-publish","format-standard","has-post-thumbnail","hentry","category-cultura","tag-cultura","tag-municipio-2","tag-musica-en-las-plazas","generate-columns","tablet-grid-50","mobile-grid-100","grid-parent","grid-50"],"jetpack_publicize_connections":[],"jetpack_featured_media_url":"https:\/\/www.hoymercedes.com.ar\/principal\/wp-content\/uploads\/2018\/01\/11-musica-plaza.jpg","wps_subtitle":"Unidad y Progreso y San Luis","jetpack_sharing_enabled":true,"_links":{"self":[{"href":"https:\/\/www.hoymercedes.com.ar\/principal\/wp-json\/wp\/v2\/posts\/71499","targetHints":{"allow":["GET"]}}],"collection":[{"href":"https:\/\/www.hoymercedes.com.ar\/principal\/wp-json\/wp\/v2\/posts"}],"about":[{"href":"https:\/\/www.hoymercedes.com.ar\/principal\/wp-json\/wp\/v2\/types\/post"}],"author":[{"embeddable":true,"href":"https:\/\/www.hoymercedes.com.ar\/principal\/wp-json\/wp\/v2\/users\/1"}],"replies":[{"embeddable":true,"href":"https:\/\/www.hoymercedes.com.ar\/principal\/wp-json\/wp\/v2\/comments?post=71499"}],"version-history":[{"count":0,"href":"https:\/\/www.hoymercedes.com.ar\/principal\/wp-json\/wp\/v2\/posts\/71499\/revisions"}],"wp:featuredmedia":[{"embeddable":true,"href":"https:\/\/www.hoymercedes.com.ar\/principal\/wp-json\/wp\/v2\/media\/71500"}],"wp:attachment":[{"href":"https:\/\/www.hoymercedes.com.ar\/principal\/wp-json\/wp\/v2\/media?parent=71499"}],"wp:term":[{"taxonomy":"category","embeddable":true,"href":"https:\/\/www.hoymercedes.com.ar\/principal\/wp-json\/wp\/v2\/categories?post=71499"},{"taxonomy":"post_tag","embeddable":true,"href":"https:\/\/www.hoymercedes.com.ar\/principal\/wp-json\/wp\/v2\/tags?post=71499"}],"curies":[{"name":"wp","href":"https:\/\/api.w.org\/{rel}","templated":true}]}}