{"id":71549,"date":"2018-01-12T18:00:09","date_gmt":"2018-01-12T21:00:09","guid":{"rendered":"http:\/\/www.hoymercedes.com.ar\/principal\/?p=71549"},"modified":"2018-01-12T17:34:08","modified_gmt":"2018-01-12T20:34:08","slug":"un-detenido-en-allanamiento-anti-droga-de-la-delegacion-local-de-la-policia-federal","status":"publish","type":"post","link":"https:\/\/www.hoymercedes.com.ar\/principal\/2018\/01\/12\/un-detenido-en-allanamiento-anti-droga-de-la-delegacion-local-de-la-policia-federal\/","title":{"rendered":"Un detenido en allanamiento anti droga de la Delegaci\u00f3n Local de la Polic\u00eda Federal"},"content":{"rendered":"<figure id=\"attachment_71550\" aria-describedby=\"caption-attachment-71550\" style=\"width: 620px\" class=\"wp-caption aligncenter\"><img loading=\"lazy\" decoding=\"async\" data-attachment-id=\"71550\" data-permalink=\"https:\/\/www.hoymercedes.com.ar\/principal\/2018\/01\/12\/un-detenido-en-allanamiento-anti-droga-de-la-delegacion-local-de-la-policia-federal\/allanamiento-policiafederal-11-01-2018\/#main\" data-orig-file=\"https:\/\/www.hoymercedes.com.ar\/principal\/wp-content\/uploads\/2018\/01\/allanamiento.policiafederal.11.01.2018.jpg\" data-orig-size=\"1040,585\" data-comments-opened=\"0\" data-image-meta=\"{&quot;aperture&quot;:&quot;0&quot;,&quot;credit&quot;:&quot;&quot;,&quot;camera&quot;:&quot;&quot;,&quot;caption&quot;:&quot;&quot;,&quot;created_timestamp&quot;:&quot;0&quot;,&quot;copyright&quot;:&quot;&quot;,&quot;focal_length&quot;:&quot;0&quot;,&quot;iso&quot;:&quot;0&quot;,&quot;shutter_speed&quot;:&quot;0&quot;,&quot;title&quot;:&quot;&quot;,&quot;orientation&quot;:&quot;0&quot;}\" data-image-title=\"allanamiento.policiafederal.11.01.2018\" data-image-description=\"\" data-image-caption=\"&lt;p&gt;Allanamiento Polic\u00eda Federal Mercedes &lt;\/p&gt;\n\" data-large-file=\"https:\/\/www.hoymercedes.com.ar\/principal\/wp-content\/uploads\/2018\/01\/allanamiento.policiafederal.11.01.2018-1024x576.jpg\" class=\"size-medium wp-image-71550\" src=\"https:\/\/www.hoymercedes.com.ar\/principal\/wp-content\/uploads\/2018\/01\/allanamiento.policiafederal.11.01.2018-630x354.jpg\" alt=\"\" width=\"630\" height=\"354\" srcset=\"https:\/\/www.hoymercedes.com.ar\/principal\/wp-content\/uploads\/2018\/01\/allanamiento.policiafederal.11.01.2018-630x354.jpg 630w, https:\/\/www.hoymercedes.com.ar\/principal\/wp-content\/uploads\/2018\/01\/allanamiento.policiafederal.11.01.2018-150x84.jpg 150w, https:\/\/www.hoymercedes.com.ar\/principal\/wp-content\/uploads\/2018\/01\/allanamiento.policiafederal.11.01.2018-1024x576.jpg 1024w, https:\/\/www.hoymercedes.com.ar\/principal\/wp-content\/uploads\/2018\/01\/allanamiento.policiafederal.11.01.2018.jpg 1040w\" sizes=\"auto, (max-width: 630px) 100vw, 630px\" \/><figcaption id=\"caption-attachment-71550\" class=\"wp-caption-text\">Allanamiento Polic\u00eda Federal Mercedes<\/figcaption><\/figure>\n<p><strong>\u00a0<\/strong><\/p>\n<p>Polic\u00eda Federal Mercedes llev\u00f3 a cabo un allanamiento en nuestra ciudad con el objetivo de seguir efectuando su lucha contra la comercializaci\u00f3n de estupefacientes. Fue en calle 11 y 44 y se detuvo a un masculino. \u201cPanader\u00eda Narco\u201d expresaron desde la Fuerza que denominaron al operativo que llev\u00f3 tiempo de investigaci\u00f3n previo Se incautaron 80 envoltorios listos para comercializar.<\/p>\n<p>La acci\u00f3n gener\u00f3 una gran curiosidad en la barriada que se vio como la Delegaci\u00f3n Mercedes de la Polic\u00eda Federal efectuaba un fuerte operativo que permiti\u00f3 detener a un vecino de la ciudad que ahora est\u00e1 a disposici\u00f3n de la justicia.<\/p>\n<p>Desde la fuerza contaron que \u201clas tareas investigativas a cargo de la Brigada de la Delegaci\u00f3n Mercedes hace 1 mes a la fecha. Se secuestr\u00f3 gran cantidad de coca\u00edna, Tel\u00e9fonos celulares, recortes de nylon y dinero en efectivo. Se dispuso alojamiento en Dependencia Policial y se prosigue investigando\u201d.<\/p>\n<p>Las tareas previas permitieron reunir muchas pruebas y por eso se pudo detener a un vecino apodado \u201cBeto\u201d de 36 a\u00f1os de edad.<\/p>\n<p>En la acci\u00f3n policial intervino el Juzgado de Garant\u00edas N\u00b03 a cargo de Pablo Mor\u00e1n, y la UFI N\u00b0 2 de Sebasti\u00e1n Villalba del Departamento Judicial Mercedes.<\/p>\n","protected":false},"excerpt":{"rendered":"<p>\u00a0 Polic\u00eda Federal Mercedes llev\u00f3 a cabo un allanamiento en nuestra ciudad con el objetivo de seguir efectuando su lucha &#8230; <a title=\"Un detenido en allanamiento anti droga de la Delegaci\u00f3n Local de la Polic\u00eda Federal\" class=\"read-more\" href=\"https:\/\/www.hoymercedes.com.ar\/principal\/2018\/01\/12\/un-detenido-en-allanamiento-anti-droga-de-la-delegacion-local-de-la-policia-federal\/\" aria-label=\"Leer m\u00e1s sobre Un detenido en allanamiento anti droga de la Delegaci\u00f3n Local de la Polic\u00eda Federal\">Leer m\u00e1s<\/a><\/p>\n","protected":false},"author":1,"featured_media":71550,"comment_status":"closed","ping_status":"open","sticky":false,"template":"","format":"standard","meta":{"_monsterinsights_skip_tracking":false,"_monsterinsights_sitenote_active":false,"_monsterinsights_sitenote_note":"","_monsterinsights_sitenote_category":0,"jetpack_post_was_ever_published":false,"_jetpack_newsletter_access":"","_jetpack_dont_email_post_to_subs":false,"_jetpack_newsletter_tier_id":0,"_jetpack_memberships_contains_paywalled_content":false,"_jetpack_memberships_contains_paid_content":false,"footnotes":"","jetpack_publicize_message":"","jetpack_publicize_feature_enabled":true,"jetpack_social_post_already_shared":true,"jetpack_social_options":{"image_generator_settings":{"template":"highway","default_image_id":0,"font":"","enabled":false},"version":2},"_wpas_customize_per_network":false},"categories":[85],"tags":[97,12526,2925],"class_list":["post-71549","post","type-post","status-publish","format-standard","has-post-thumbnail","hentry","category-policial","tag-allanamiento","tag-anti-droga","tag-policia-federal-mercedes","generate-columns","tablet-grid-50","mobile-grid-100","grid-parent","grid-50"],"jetpack_publicize_connections":[],"jetpack_featured_media_url":"https:\/\/www.hoymercedes.com.ar\/principal\/wp-content\/uploads\/2018\/01\/allanamiento.policiafederal.11.01.2018.jpg","wps_subtitle":"En Mercedfes ","jetpack_sharing_enabled":true,"_links":{"self":[{"href":"https:\/\/www.hoymercedes.com.ar\/principal\/wp-json\/wp\/v2\/posts\/71549","targetHints":{"allow":["GET"]}}],"collection":[{"href":"https:\/\/www.hoymercedes.com.ar\/principal\/wp-json\/wp\/v2\/posts"}],"about":[{"href":"https:\/\/www.hoymercedes.com.ar\/principal\/wp-json\/wp\/v2\/types\/post"}],"author":[{"embeddable":true,"href":"https:\/\/www.hoymercedes.com.ar\/principal\/wp-json\/wp\/v2\/users\/1"}],"replies":[{"embeddable":true,"href":"https:\/\/www.hoymercedes.com.ar\/principal\/wp-json\/wp\/v2\/comments?post=71549"}],"version-history":[{"count":0,"href":"https:\/\/www.hoymercedes.com.ar\/principal\/wp-json\/wp\/v2\/posts\/71549\/revisions"}],"wp:featuredmedia":[{"embeddable":true,"href":"https:\/\/www.hoymercedes.com.ar\/principal\/wp-json\/wp\/v2\/media\/71550"}],"wp:attachment":[{"href":"https:\/\/www.hoymercedes.com.ar\/principal\/wp-json\/wp\/v2\/media?parent=71549"}],"wp:term":[{"taxonomy":"category","embeddable":true,"href":"https:\/\/www.hoymercedes.com.ar\/principal\/wp-json\/wp\/v2\/categories?post=71549"},{"taxonomy":"post_tag","embeddable":true,"href":"https:\/\/www.hoymercedes.com.ar\/principal\/wp-json\/wp\/v2\/tags?post=71549"}],"curies":[{"name":"wp","href":"https:\/\/api.w.org\/{rel}","templated":true}]}}