{"id":71558,"date":"2018-01-13T10:00:46","date_gmt":"2018-01-13T13:00:46","guid":{"rendered":"http:\/\/www.hoymercedes.com.ar\/principal\/?p=71558"},"modified":"2018-01-13T09:55:11","modified_gmt":"2018-01-13T12:55:11","slug":"para-las-bandas-el-saldo-de-rock-en-el-galon-es-positivo","status":"publish","type":"post","link":"https:\/\/www.hoymercedes.com.ar\/principal\/2018\/01\/13\/para-las-bandas-el-saldo-de-rock-en-el-galon-es-positivo\/","title":{"rendered":"Para las bandas el saldo de \u00abRock en el gal\u00f3n\u00bb es positivo"},"content":{"rendered":"<p><em><img loading=\"lazy\" decoding=\"async\" data-attachment-id=\"71559\" data-permalink=\"https:\/\/www.hoymercedes.com.ar\/principal\/2018\/01\/13\/para-las-bandas-el-saldo-de-rock-en-el-galon-es-positivo\/rock-sept-02\/#main\" data-orig-file=\"https:\/\/www.hoymercedes.com.ar\/principal\/wp-content\/uploads\/2018\/01\/rock-sept-02.jpg\" data-orig-size=\"4128,2322\" data-comments-opened=\"0\" data-image-meta=\"{&quot;aperture&quot;:&quot;1.9&quot;,&quot;credit&quot;:&quot;&quot;,&quot;camera&quot;:&quot;SM-A510F&quot;,&quot;caption&quot;:&quot;&quot;,&quot;created_timestamp&quot;:&quot;1506212963&quot;,&quot;copyright&quot;:&quot;&quot;,&quot;focal_length&quot;:&quot;3.7&quot;,&quot;iso&quot;:&quot;400&quot;,&quot;shutter_speed&quot;:&quot;0.03030303030303&quot;,&quot;title&quot;:&quot;&quot;,&quot;orientation&quot;:&quot;1&quot;}\" data-image-title=\"Rock en el Galp\u00f3n\" data-image-description=\"\" data-image-caption=\"\" data-large-file=\"https:\/\/www.hoymercedes.com.ar\/principal\/wp-content\/uploads\/2018\/01\/rock-sept-02-1024x576.jpg\" class=\"aligncenter size-medium wp-image-71559\" src=\"https:\/\/www.hoymercedes.com.ar\/principal\/wp-content\/uploads\/2018\/01\/rock-sept-02-630x354.jpg\" alt=\"\" width=\"630\" height=\"354\" srcset=\"https:\/\/www.hoymercedes.com.ar\/principal\/wp-content\/uploads\/2018\/01\/rock-sept-02-630x354.jpg 630w, https:\/\/www.hoymercedes.com.ar\/principal\/wp-content\/uploads\/2018\/01\/rock-sept-02-150x84.jpg 150w, https:\/\/www.hoymercedes.com.ar\/principal\/wp-content\/uploads\/2018\/01\/rock-sept-02-1024x576.jpg 1024w\" sizes=\"auto, (max-width: 630px) 100vw, 630px\" \/><\/em><\/p>\n<p><em>Algunas de las bandas que participaron del ciclo Rock en el Galp\u00f3n analizaron la propuesta. Cultura y Pol\u00edticas Juveniles preparan lo que vendr\u00e1 en materia musical. Se viene un 2018 con m\u00e1s y nuevos objetivos.<\/em><\/p>\n<p>La Direcci\u00f3n de Cultura junto a la Coordinaci\u00f3n de Pol\u00edticas Juveniles trabaj\u00f3 durante todo 2017 en la concreci\u00f3n de un proyecto conjunto que gener\u00f3 un nuevo espacio para la m\u00fasica en Mercedes: Rock en el Galp\u00f3n.<\/p>\n<p>En su primer a\u00f1o, la propuesta convoc\u00f3 a m\u00e1s de cuarenta bandas que compartieron escenario en un destacado n\u00famero de ediciones a lo largo del segundo semestre y provoc\u00f3 que se relacionaran entre s\u00ed con el objetivo de trabajar cada fecha en conjunto:\u00a0\u201c<em>Fue un espacio muy bueno para tocar, sobre todo por conocer a otras banda en el momento de compartir la cantina y los equipos. Nosotros estamos muy contentos de tocar en La Trocha y ojal\u00e1 se pueda hacer este a\u00f1o para seguir apoyando a las bandas. Con la experiencia y la gente que se fue enterando de a poco, este a\u00f1o deber\u00eda ser muy bueno<\/em>\u201d, dicen los Ley Seca, la banda que particip\u00f3 de la fecha n\u00famero cinco junto a Zalhanzan, Yodo Status y La de abajo.<\/p>\n<p>Los grupos inscriptos que fueron parte del nacimiento de la idea, quedaron muy conformes con lo ocurrido y as\u00ed lo demostraron en los sets que prepararon para compartir en p\u00fablico.<\/p>\n<p>Adem\u00e1s, fue un esfuerzo loable el que realiz\u00f3 el equipo de trabajo de la Municipalidad de Mercedes, ya que no s\u00f3lo estableci\u00f3 las redes necesarias para que las bandas trabajasen como un gran equipo, sino que, adem\u00e1s, el aspecto econ\u00f3mico jug\u00f3 un papel preponderante con la compra de luces y sonido especialmente dise\u00f1ado para el galp\u00f3n central del recuperado Centro Cultural. \u201c<em>Sentimos que era muy importante acompa\u00f1ar las necesidades de los m\u00fasicos de mercedes y tratamos de brindarles lo mejor que ten\u00edamos a nuestro alcance<\/em>\u201d, indic\u00f3 Luc\u00eda Capaccio, Directora de Cultura. \u201c<em>Estamos seguros de haber hecho un buen trabajo entre todos<\/em>\u201d, destac\u00f3.<\/p>\n<p>El equipo de de Rock en el Gal\u00f3n est\u00e1 pensando en la edici\u00f3n 2018 y sabe que marzo ser\u00e1 el mes en que se volver\u00e1n a ver las bandas cara a cara para producir todo el a\u00f1o de shows. Sin dudas, las energ\u00edas est\u00e1n a\u00fan encendidas y todos quieren aportar su granito de arena.<\/p>\n<p>\u201c<em>A nosotros nos pareci\u00f3 que durante el 2017 la Direcci\u00f3n de Cultura de la Municipalidad estuvo muy activa a la hora de organizar eventos culturales y siempre pendiente de las necesidades y consultas que ten\u00edan los artistas. Celebramos el trabajo realizado durante 2017 y esperamos la misma energ\u00eda y dedicaci\u00f3n para el 2018<\/em>\u201d, destacaron los integrantes de La guitarra de Giuseppe, una de las bandas que fue parte de la grilla de Rock en el Galp\u00f3n durante el mes de julio.<\/p>\n<p>Los experimentados Voodoo tambi\u00e9n pasaron por las tablas del ciclo de rock y lo hicieron para abrir y cerrar el a\u00f1o. Sin dudas, una banda de renombre que ha jerarquizado el evento y que tambi\u00e9n piensa en lo que vendr\u00e1: \u201c<em>Pensamos que 2017 fue un gran a\u00f1o para las bandas porque, entre otras cosas, se abri\u00f3 este espacio en La Trocha con la consigna de \u00abRock en el galp\u00f3n\u00bb y con la posibilidad, no s\u00f3lo de tocar, sino, tambi\u00e9n, de armar una cantina y poder contar con lo recaudado para gastos que son fijos en una banda. Ojal\u00e1 en 2018 sigamos contando con este espacio para que muchas bandas sean difundidas y se hagan escuchar<\/em>\u201d, comentaron.<\/p>\n<p>\u201c<em>En mi opini\u00f3n<\/em> &#8211; \u00a0Dice Alan, cantante de la banda metal Zalhansan &#8211; <em>es valioso que se haya abierto un espacio como el de La Trocha por las actividades que se presentan a la comunidad. El ciclo \u00abRock en el galp\u00f3n\u00bb fue maravilloso en todas sus fechas y siempre se llen\u00f3<\/em>\u201d.<\/p>\n<p>Con la aprobaci\u00f3n no s\u00f3lo de los artistas, sino tambi\u00e9n del p\u00fablico, 2018 podr\u00e1 marcar una nueva meta para los organizadores de Rock en el Galp\u00f3n. Todo est\u00e1 pensado para que sea un buen a\u00f1o art\u00edstico en general y del rock n\u00b4 roll en particular, cuando en la aldea los garajes empiecen a temblar con los ensayos.<\/p>\n<p><span style=\"color: #808080;\">Fuente: Municipio<\/span><\/p>\n","protected":false},"excerpt":{"rendered":"<p>Algunas de las bandas que participaron del ciclo Rock en el Galp\u00f3n analizaron la propuesta. Cultura y Pol\u00edticas Juveniles preparan &#8230; <a title=\"Para las bandas el saldo de \u00abRock en el gal\u00f3n\u00bb es positivo\" class=\"read-more\" href=\"https:\/\/www.hoymercedes.com.ar\/principal\/2018\/01\/13\/para-las-bandas-el-saldo-de-rock-en-el-galon-es-positivo\/\" aria-label=\"Leer m\u00e1s sobre Para las bandas el saldo de \u00abRock en el gal\u00f3n\u00bb es positivo\">Leer m\u00e1s<\/a><\/p>\n","protected":false},"author":1,"featured_media":71559,"comment_status":"closed","ping_status":"open","sticky":false,"template":"","format":"standard","meta":{"_monsterinsights_skip_tracking":false,"_monsterinsights_sitenote_active":false,"_monsterinsights_sitenote_note":"","_monsterinsights_sitenote_category":0,"jetpack_post_was_ever_published":false,"_jetpack_newsletter_access":"","_jetpack_dont_email_post_to_subs":false,"_jetpack_newsletter_tier_id":0,"_jetpack_memberships_contains_paywalled_content":false,"_jetpack_memberships_contains_paid_content":false,"footnotes":"","jetpack_publicize_message":"","jetpack_publicize_feature_enabled":true,"jetpack_social_post_already_shared":true,"jetpack_social_options":{"image_generator_settings":{"template":"highway","default_image_id":0,"font":"","enabled":false},"version":2},"_wpas_customize_per_network":false},"categories":[104],"tags":[10940,7805,8539,11209],"class_list":["post-71558","post","type-post","status-publish","format-standard","has-post-thumbnail","hentry","category-cultura","tag-centro-cultural-la-trocha","tag-cultura","tag-musica","tag-rock-en-el-galpon","generate-columns","tablet-grid-50","mobile-grid-100","grid-parent","grid-50"],"jetpack_publicize_connections":[],"jetpack_featured_media_url":"https:\/\/www.hoymercedes.com.ar\/principal\/wp-content\/uploads\/2018\/01\/rock-sept-02.jpg","wps_subtitle":"","jetpack_sharing_enabled":true,"_links":{"self":[{"href":"https:\/\/www.hoymercedes.com.ar\/principal\/wp-json\/wp\/v2\/posts\/71558","targetHints":{"allow":["GET"]}}],"collection":[{"href":"https:\/\/www.hoymercedes.com.ar\/principal\/wp-json\/wp\/v2\/posts"}],"about":[{"href":"https:\/\/www.hoymercedes.com.ar\/principal\/wp-json\/wp\/v2\/types\/post"}],"author":[{"embeddable":true,"href":"https:\/\/www.hoymercedes.com.ar\/principal\/wp-json\/wp\/v2\/users\/1"}],"replies":[{"embeddable":true,"href":"https:\/\/www.hoymercedes.com.ar\/principal\/wp-json\/wp\/v2\/comments?post=71558"}],"version-history":[{"count":0,"href":"https:\/\/www.hoymercedes.com.ar\/principal\/wp-json\/wp\/v2\/posts\/71558\/revisions"}],"wp:featuredmedia":[{"embeddable":true,"href":"https:\/\/www.hoymercedes.com.ar\/principal\/wp-json\/wp\/v2\/media\/71559"}],"wp:attachment":[{"href":"https:\/\/www.hoymercedes.com.ar\/principal\/wp-json\/wp\/v2\/media?parent=71558"}],"wp:term":[{"taxonomy":"category","embeddable":true,"href":"https:\/\/www.hoymercedes.com.ar\/principal\/wp-json\/wp\/v2\/categories?post=71558"},{"taxonomy":"post_tag","embeddable":true,"href":"https:\/\/www.hoymercedes.com.ar\/principal\/wp-json\/wp\/v2\/tags?post=71558"}],"curies":[{"name":"wp","href":"https:\/\/api.w.org\/{rel}","templated":true}]}}