{"id":71568,"date":"2018-01-14T11:30:20","date_gmt":"2018-01-14T14:30:20","guid":{"rendered":"http:\/\/www.hoymercedes.com.ar\/principal\/?p=71568"},"modified":"2018-01-13T09:53:21","modified_gmt":"2018-01-13T12:53:21","slug":"una-rica-experiencia-que-mercedinos-ya-hicieron-subir-a-lo-mas-alto-de-la-basilica-de-lujan","status":"publish","type":"post","link":"https:\/\/www.hoymercedes.com.ar\/principal\/2018\/01\/14\/una-rica-experiencia-que-mercedinos-ya-hicieron-subir-a-lo-mas-alto-de-la-basilica-de-lujan\/","title":{"rendered":"Una rica experiencia que mercedinos ya hicieron: subir a lo m\u00e1s alto de la Bas\u00edlica de Luj\u00e1n"},"content":{"rendered":"<figure id=\"attachment_71569\" aria-describedby=\"caption-attachment-71569\" style=\"width: 590px\" class=\"wp-caption aligncenter\"><img loading=\"lazy\" decoding=\"async\" data-attachment-id=\"71569\" data-permalink=\"https:\/\/www.hoymercedes.com.ar\/principal\/2018\/01\/14\/una-rica-experiencia-que-mercedinos-ya-hicieron-subir-a-lo-mas-alto-de-la-basilica-de-lujan\/visitasmucbla-lujanhoy\/#main\" data-orig-file=\"https:\/\/www.hoymercedes.com.ar\/principal\/wp-content\/uploads\/2018\/01\/VisitasMUCBLA-lujanhoy.jpg\" data-orig-size=\"600,420\" data-comments-opened=\"0\" data-image-meta=\"{&quot;aperture&quot;:&quot;0&quot;,&quot;credit&quot;:&quot;&quot;,&quot;camera&quot;:&quot;&quot;,&quot;caption&quot;:&quot;&quot;,&quot;created_timestamp&quot;:&quot;0&quot;,&quot;copyright&quot;:&quot;&quot;,&quot;focal_length&quot;:&quot;0&quot;,&quot;iso&quot;:&quot;0&quot;,&quot;shutter_speed&quot;:&quot;0&quot;,&quot;title&quot;:&quot;&quot;,&quot;orientation&quot;:&quot;1&quot;}\" data-image-title=\"VisitasMUCBLA-lujanhoy\" data-image-description=\"\" data-image-caption=\"&lt;p&gt;Conocer la historia regional por medio de sus monumentos. Foto: Luj\u00e1nHoy&lt;\/p&gt;\n\" data-large-file=\"https:\/\/www.hoymercedes.com.ar\/principal\/wp-content\/uploads\/2018\/01\/VisitasMUCBLA-lujanhoy.jpg\" class=\"size-full wp-image-71569\" src=\"https:\/\/www.hoymercedes.com.ar\/principal\/wp-content\/uploads\/2018\/01\/VisitasMUCBLA-lujanhoy.jpg\" alt=\"\" width=\"600\" height=\"420\" srcset=\"https:\/\/www.hoymercedes.com.ar\/principal\/wp-content\/uploads\/2018\/01\/VisitasMUCBLA-lujanhoy.jpg 600w, https:\/\/www.hoymercedes.com.ar\/principal\/wp-content\/uploads\/2018\/01\/VisitasMUCBLA-lujanhoy-150x105.jpg 150w\" sizes=\"auto, (max-width: 600px) 100vw, 600px\" \/><figcaption id=\"caption-attachment-71569\" class=\"wp-caption-text\">Conocer la historia regional por medio de sus monumentos. Foto: Luj\u00e1nHoy<\/figcaption><\/figure>\n<p><strong>\u00a0<\/strong><\/p>\n<p>Una interesante propuesta hist\u00f3rica y cultural se puede vivir desde hace un tiempo en la vecina localidad de Luj\u00e1n, donde un grupo de mercedinos fue de los primeros contingentes en disfrutar. Se trata del acceso a los menos conocidos espacios de la Bas\u00edlica de Lujan, incluyendo criptas, nave principal y subir el ascenso a las galer\u00edas A Giorno y Trifori. Por primera vez en la historia los turistas logran arribar a tales espacios.<\/p>\n<p>El paso 25 de noviembre se efectu\u00f3 por vez primera la apertura y la delegaci\u00f3n inaugural estuvo compuesta por visitantes de Mar del Plata, Lan\u00fas, Luj\u00e1n y mercedinos estando a cargo la bendici\u00f3n del cura p\u00e1rroco rector, Daniel Blanchoud.<\/p>\n<p>Es \u201cun recorrido a trav\u00e9s de escaleras angostas y avances paulatinos, una visita distendida y tranquila al interior de la Bas\u00edlica Nuestra Se\u00f1ora de Luj\u00e1n descubre diferentes sitios guardados dentro del santuario. La propuesta finaliza en la galer\u00eda A Giorno, lugar donde se unen las dos torres del campanario, y que brinda una gran vista hacia la Plaza Belgrano y la Avenida Nuestra Se\u00f1ora de Luj\u00e1n\u201d<\/p>\n<p>\u201cMUCBLA (Museos y cripta de la Bas\u00edlica Nuestra Se\u00f1ora de Luj\u00e1n) presenta una actividad para conocer la historia del templo y desentra\u00f1ar las curiosidades que a los lujanenses y visitantes despierta la Bas\u00edlica. Sin precedentes en la historia, el recorrido est\u00e1 habilitado al p\u00fablico los s\u00e1bados y domingos en turnos de visitas con una hora de duraci\u00f3n\u201d, especific\u00f3 el sitio de noticias Luj\u00e1n Hoy.<\/p>\n<p>Para poder realizar la visita y vivir la experiencia se debe hacer reserva previa ya que los grupos de ascenso son reducidos. Se hace \u201ca trav\u00e9s de la p\u00e1gina de Facebook Museos y Cripta Bas\u00edlica Ntra. Sra. de Luj\u00e1n \u2013 MUCBLA, en la opci\u00f3n \u201creservar\u201d. Tambi\u00e9n es posible hacerlo v\u00eda mail a visitasbasilica@gmail.com o a excepci\u00f3n de disponibilidad al momento de la actividad. El valor es de 100 pesos para los habitantes de Luj\u00e1n, quienes deben presentar la documentaci\u00f3n que confirme la residencia local, adem\u00e1s de jubilados y religiosos. Para residentes argentinos la entrada cuesta 150 pesos y 200 pesos a extranjeros\u201d especific\u00f3 el medio colega.<\/p>\n","protected":false},"excerpt":{"rendered":"<p>\u00a0 Una interesante propuesta hist\u00f3rica y cultural se puede vivir desde hace un tiempo en la vecina localidad de Luj\u00e1n, &#8230; <a title=\"Una rica experiencia que mercedinos ya hicieron: subir a lo m\u00e1s alto de la Bas\u00edlica de Luj\u00e1n\" class=\"read-more\" href=\"https:\/\/www.hoymercedes.com.ar\/principal\/2018\/01\/14\/una-rica-experiencia-que-mercedinos-ya-hicieron-subir-a-lo-mas-alto-de-la-basilica-de-lujan\/\" aria-label=\"Leer m\u00e1s sobre Una rica experiencia que mercedinos ya hicieron: subir a lo m\u00e1s alto de la Bas\u00edlica de Luj\u00e1n\">Leer m\u00e1s<\/a><\/p>\n","protected":false},"author":1,"featured_media":71569,"comment_status":"closed","ping_status":"open","sticky":false,"template":"","format":"standard","meta":{"_monsterinsights_skip_tracking":false,"_monsterinsights_sitenote_active":false,"_monsterinsights_sitenote_note":"","_monsterinsights_sitenote_category":0,"jetpack_post_was_ever_published":false,"_jetpack_newsletter_access":"","_jetpack_dont_email_post_to_subs":false,"_jetpack_newsletter_tier_id":0,"_jetpack_memberships_contains_paywalled_content":false,"_jetpack_memberships_contains_paid_content":false,"footnotes":"","jetpack_publicize_message":"","jetpack_publicize_feature_enabled":true,"jetpack_social_post_already_shared":true,"jetpack_social_options":{"image_generator_settings":{"template":"highway","default_image_id":0,"font":"","enabled":false},"version":2},"_wpas_customize_per_network":false},"categories":[104],"tags":[660,244,12528],"class_list":["post-71568","post","type-post","status-publish","format-standard","has-post-thumbnail","hentry","category-cultura","tag-basilica-de-lujan","tag-municipio-2","tag-visita-guiada","generate-columns","tablet-grid-50","mobile-grid-100","grid-parent","grid-50"],"jetpack_publicize_connections":[],"jetpack_featured_media_url":"https:\/\/www.hoymercedes.com.ar\/principal\/wp-content\/uploads\/2018\/01\/VisitasMUCBLA-lujanhoy.jpg","wps_subtitle":"Historica regional","jetpack_sharing_enabled":true,"_links":{"self":[{"href":"https:\/\/www.hoymercedes.com.ar\/principal\/wp-json\/wp\/v2\/posts\/71568","targetHints":{"allow":["GET"]}}],"collection":[{"href":"https:\/\/www.hoymercedes.com.ar\/principal\/wp-json\/wp\/v2\/posts"}],"about":[{"href":"https:\/\/www.hoymercedes.com.ar\/principal\/wp-json\/wp\/v2\/types\/post"}],"author":[{"embeddable":true,"href":"https:\/\/www.hoymercedes.com.ar\/principal\/wp-json\/wp\/v2\/users\/1"}],"replies":[{"embeddable":true,"href":"https:\/\/www.hoymercedes.com.ar\/principal\/wp-json\/wp\/v2\/comments?post=71568"}],"version-history":[{"count":0,"href":"https:\/\/www.hoymercedes.com.ar\/principal\/wp-json\/wp\/v2\/posts\/71568\/revisions"}],"wp:featuredmedia":[{"embeddable":true,"href":"https:\/\/www.hoymercedes.com.ar\/principal\/wp-json\/wp\/v2\/media\/71569"}],"wp:attachment":[{"href":"https:\/\/www.hoymercedes.com.ar\/principal\/wp-json\/wp\/v2\/media?parent=71568"}],"wp:term":[{"taxonomy":"category","embeddable":true,"href":"https:\/\/www.hoymercedes.com.ar\/principal\/wp-json\/wp\/v2\/categories?post=71568"},{"taxonomy":"post_tag","embeddable":true,"href":"https:\/\/www.hoymercedes.com.ar\/principal\/wp-json\/wp\/v2\/tags?post=71568"}],"curies":[{"name":"wp","href":"https:\/\/api.w.org\/{rel}","templated":true}]}}