{"id":71572,"date":"2018-01-13T12:07:22","date_gmt":"2018-01-13T15:07:22","guid":{"rendered":"http:\/\/www.hoymercedes.com.ar\/principal\/?p=71572"},"modified":"2018-01-13T10:35:33","modified_gmt":"2018-01-13T13:35:33","slug":"mercedinos-participaron-de-la-audiencia-publica-por-la-ruta-5","status":"publish","type":"post","link":"https:\/\/www.hoymercedes.com.ar\/principal\/2018\/01\/13\/mercedinos-participaron-de-la-audiencia-publica-por-la-ruta-5\/","title":{"rendered":"Mercedinos participaron de la audiencia p\u00fablica por la Ruta 5"},"content":{"rendered":"<p>Este viernes 12 de enero, se realiz\u00f3 en la localidad de 9 de Julio una audiencia p\u00fablica que tuvo como objetivo principal encontrarse con los vecinos de las localidades aleda\u00f1as a la Ruta Nacional N\u00b0 5 y hablar de las licitaciones de obras por el Corredor B, desde Lujan a Santa Rosa (La Pampa).<\/p>\n<figure id=\"attachment_71574\" aria-describedby=\"caption-attachment-71574\" style=\"width: 620px\" class=\"wp-caption aligncenter\"><img loading=\"lazy\" decoding=\"async\" data-attachment-id=\"71574\" data-permalink=\"https:\/\/www.hoymercedes.com.ar\/principal\/2018\/01\/13\/mercedinos-participaron-de-la-audiencia-publica-por-la-ruta-5\/13-uduv-r5\/#main\" data-orig-file=\"https:\/\/www.hoymercedes.com.ar\/principal\/wp-content\/uploads\/2018\/01\/13-uduv-R5.jpg\" data-orig-size=\"750,500\" data-comments-opened=\"0\" data-image-meta=\"{&quot;aperture&quot;:&quot;1.9&quot;,&quot;credit&quot;:&quot;&quot;,&quot;camera&quot;:&quot;SM-J710MN&quot;,&quot;caption&quot;:&quot;&quot;,&quot;created_timestamp&quot;:&quot;1515764593&quot;,&quot;copyright&quot;:&quot;&quot;,&quot;focal_length&quot;:&quot;3.7&quot;,&quot;iso&quot;:&quot;125&quot;,&quot;shutter_speed&quot;:&quot;0.03030303030303&quot;,&quot;title&quot;:&quot;&quot;,&quot;orientation&quot;:&quot;1&quot;}\" data-image-title=\"13 uduv R5\" data-image-description=\"\" data-image-caption=\"&lt;p&gt;Vecinos de Mercedes, Suipacha y localidades del corredor 5 presentes en la audiencia p\u00fablica. &lt;\/p&gt;\n\" data-large-file=\"https:\/\/www.hoymercedes.com.ar\/principal\/wp-content\/uploads\/2018\/01\/13-uduv-R5.jpg\" class=\"size-medium wp-image-71574\" src=\"https:\/\/www.hoymercedes.com.ar\/principal\/wp-content\/uploads\/2018\/01\/13-uduv-R5-630x420.jpg\" alt=\"\" width=\"630\" height=\"420\" srcset=\"https:\/\/www.hoymercedes.com.ar\/principal\/wp-content\/uploads\/2018\/01\/13-uduv-R5-630x420.jpg 630w, https:\/\/www.hoymercedes.com.ar\/principal\/wp-content\/uploads\/2018\/01\/13-uduv-R5-150x100.jpg 150w, https:\/\/www.hoymercedes.com.ar\/principal\/wp-content\/uploads\/2018\/01\/13-uduv-R5.jpg 750w\" sizes=\"auto, (max-width: 630px) 100vw, 630px\" \/><figcaption id=\"caption-attachment-71574\" class=\"wp-caption-text\">Vecinos de Mercedes, Suipacha y localidades del corredor 5 presentes en la audiencia p\u00fablica.<\/figcaption><\/figure>\n<p>Durante toda la ma\u00f1ana del viernes, en el Palacio Municipal de 9 de Julio, participaron cerca de 60 personas de distintas localidades entre funcionarios municipales, referentes de las sociedades rurales de la regi\u00f3n, empresarios, organizaciones no gubernamentales, entre otros. De Mercedes se hicieron presentes dos de los vecinos que encabezaron los reclamos por la Autov\u00eda 5, Carlos Mosso y Jorge Retegui. Con ellos tambi\u00e9n estuvieron Martina Manfredi y Guillermo Esain, ambos de la localidad de Suipacha y Julio Mascheroni y Alejandro Digloria representando a los vecinos autoconvocados de 9 de Julio.<\/p>\n<p>\u00abLa Audiencia fue muy explicativa, presentada en Power Point, casi no dejando lugar a dudas o consultas por los participantes\u00bb, cont\u00f3 Carlos Mosso a su regreso. \u00abEs dif\u00edcil resumir tres horas de audiencia, pero podemos resaltar que las obras contar\u00e1n con\u00a0tres variantes en Suipacha, Chivilcoy y Alberti; y una cabina de peaje m\u00e1s en la variante de Chivilcoy, que podr\u00e1 ser evitado utilizando la traza vieja o existente en la actualidad. La\u00a0obra completa se estima en 900 millones de d\u00f3lares que incluye autopista Lujan-Bragado, ruta segura Bragado-Anguil, autopista Anguil-Santa Rosa, cruces a desnivel, colectoras, iluminaci\u00f3n de cruces, por ejemplo\u00bb, agreg\u00f3 Mosso de acuerdo a la informaci\u00f3n brindada en la audiencia p\u00fablica.<\/p>\n<p>Asimismo, cont\u00f3 que calculan que el proyecto estar\u00e1 terminado en 5 a\u00f1os, teniendo en cuenta que las ofertas de la licitaci\u00f3n se recibir\u00e1n en marzo y se adjudicar\u00e1n las obras en abril del a\u00f1o que reci\u00e9n inicia.<\/p>\n<p>\u00abMuchos expositores tomamos la palabra dejando inquietudes las cuales ser\u00e1n respondidas oportunamente en tiempo breve estipulado.\u00a0Podemos decir que volvimos muy conformes y solo resta esperar la inauguraci\u00f3n del empalme en Lujan en los meses de marzo-abril y comienzo de obras este mismo a\u00f1o\u00bb, agreg\u00f3 Mosso.<\/p>\n<p>\u00abLos autoconvocados no bajamos los brazos, seguiremos bregando en pos de las Obras y Seguridad Vial por sobre todas las cosas, aprovechando en el buen sentido, el permanente di\u00e1logo y participaci\u00f3n que \u00e9sta gesti\u00f3n de Vialidad Nacional nos concede\u00bb, concluy\u00f3 uno de los vecinos presentes en la audiencia p\u00fablica por la ruta 5 hasta La Pampa.<\/p>\n<figure id=\"attachment_71573\" aria-describedby=\"caption-attachment-71573\" style=\"width: 620px\" class=\"wp-caption aligncenter\"><img loading=\"lazy\" decoding=\"async\" data-attachment-id=\"71573\" data-permalink=\"https:\/\/www.hoymercedes.com.ar\/principal\/2018\/01\/13\/mercedinos-participaron-de-la-audiencia-publica-por-la-ruta-5\/13-ruta-5\/#main\" data-orig-file=\"https:\/\/www.hoymercedes.com.ar\/principal\/wp-content\/uploads\/2018\/01\/13-ruta-5.jpg\" data-orig-size=\"750,500\" data-comments-opened=\"0\" data-image-meta=\"{&quot;aperture&quot;:&quot;1.9&quot;,&quot;credit&quot;:&quot;&quot;,&quot;camera&quot;:&quot;SM-J710MN&quot;,&quot;caption&quot;:&quot;&quot;,&quot;created_timestamp&quot;:&quot;1515757880&quot;,&quot;copyright&quot;:&quot;&quot;,&quot;focal_length&quot;:&quot;3.7&quot;,&quot;iso&quot;:&quot;40&quot;,&quot;shutter_speed&quot;:&quot;0.02&quot;,&quot;title&quot;:&quot;&quot;,&quot;orientation&quot;:&quot;1&quot;}\" data-image-title=\"13 ruta 5\" data-image-description=\"\" data-image-caption=\"&lt;p&gt;Proyecto para la Ruta Nacional 5&lt;\/p&gt;\n\" data-large-file=\"https:\/\/www.hoymercedes.com.ar\/principal\/wp-content\/uploads\/2018\/01\/13-ruta-5.jpg\" class=\"size-medium wp-image-71573\" src=\"https:\/\/www.hoymercedes.com.ar\/principal\/wp-content\/uploads\/2018\/01\/13-ruta-5-630x420.jpg\" alt=\"\" width=\"630\" height=\"420\" srcset=\"https:\/\/www.hoymercedes.com.ar\/principal\/wp-content\/uploads\/2018\/01\/13-ruta-5-630x420.jpg 630w, https:\/\/www.hoymercedes.com.ar\/principal\/wp-content\/uploads\/2018\/01\/13-ruta-5-150x100.jpg 150w, https:\/\/www.hoymercedes.com.ar\/principal\/wp-content\/uploads\/2018\/01\/13-ruta-5.jpg 750w\" sizes=\"auto, (max-width: 630px) 100vw, 630px\" \/><figcaption id=\"caption-attachment-71573\" class=\"wp-caption-text\">Proyecto para la Ruta Nacional 5<\/figcaption><\/figure>\n","protected":false},"excerpt":{"rendered":"<p>Este viernes 12 de enero, se realiz\u00f3 en la localidad de 9 de Julio una audiencia p\u00fablica que tuvo como &#8230; <a title=\"Mercedinos participaron de la audiencia p\u00fablica por la Ruta 5\" class=\"read-more\" href=\"https:\/\/www.hoymercedes.com.ar\/principal\/2018\/01\/13\/mercedinos-participaron-de-la-audiencia-publica-por-la-ruta-5\/\" aria-label=\"Leer m\u00e1s sobre Mercedinos participaron de la audiencia p\u00fablica por la Ruta 5\">Leer m\u00e1s<\/a><\/p>\n","protected":false},"author":1,"featured_media":71574,"comment_status":"closed","ping_status":"open","sticky":false,"template":"","format":"standard","meta":{"_monsterinsights_skip_tracking":false,"_monsterinsights_sitenote_active":false,"_monsterinsights_sitenote_note":"","_monsterinsights_sitenote_category":0,"jetpack_post_was_ever_published":false,"_jetpack_newsletter_access":"","_jetpack_dont_email_post_to_subs":false,"_jetpack_newsletter_tier_id":0,"_jetpack_memberships_contains_paywalled_content":false,"_jetpack_memberships_contains_paid_content":false,"footnotes":"","jetpack_publicize_message":"","jetpack_publicize_feature_enabled":true,"jetpack_social_post_already_shared":true,"jetpack_social_options":{"image_generator_settings":{"template":"highway","default_image_id":0,"font":"","enabled":false},"version":2},"_wpas_customize_per_network":false},"categories":[8],"tags":[3601,10120,62,11397,10,11631,12530,559],"class_list":["post-71572","post","type-post","status-publish","format-standard","has-post-thumbnail","hentry","category-sociedad","tag-audiencia-publica","tag-autopista","tag-chivilcoy","tag-la-pampa","tag-mercedes","tag-ruta-nacional-n-5","tag-santa-rosa","tag-suipacha","generate-columns","tablet-grid-50","mobile-grid-100","grid-parent","grid-50"],"jetpack_publicize_connections":[],"jetpack_featured_media_url":"https:\/\/www.hoymercedes.com.ar\/principal\/wp-content\/uploads\/2018\/01\/13-uduv-R5.jpg","wps_subtitle":"En la localidad de 9 de Julio","jetpack_sharing_enabled":true,"_links":{"self":[{"href":"https:\/\/www.hoymercedes.com.ar\/principal\/wp-json\/wp\/v2\/posts\/71572","targetHints":{"allow":["GET"]}}],"collection":[{"href":"https:\/\/www.hoymercedes.com.ar\/principal\/wp-json\/wp\/v2\/posts"}],"about":[{"href":"https:\/\/www.hoymercedes.com.ar\/principal\/wp-json\/wp\/v2\/types\/post"}],"author":[{"embeddable":true,"href":"https:\/\/www.hoymercedes.com.ar\/principal\/wp-json\/wp\/v2\/users\/1"}],"replies":[{"embeddable":true,"href":"https:\/\/www.hoymercedes.com.ar\/principal\/wp-json\/wp\/v2\/comments?post=71572"}],"version-history":[{"count":0,"href":"https:\/\/www.hoymercedes.com.ar\/principal\/wp-json\/wp\/v2\/posts\/71572\/revisions"}],"wp:featuredmedia":[{"embeddable":true,"href":"https:\/\/www.hoymercedes.com.ar\/principal\/wp-json\/wp\/v2\/media\/71574"}],"wp:attachment":[{"href":"https:\/\/www.hoymercedes.com.ar\/principal\/wp-json\/wp\/v2\/media?parent=71572"}],"wp:term":[{"taxonomy":"category","embeddable":true,"href":"https:\/\/www.hoymercedes.com.ar\/principal\/wp-json\/wp\/v2\/categories?post=71572"},{"taxonomy":"post_tag","embeddable":true,"href":"https:\/\/www.hoymercedes.com.ar\/principal\/wp-json\/wp\/v2\/tags?post=71572"}],"curies":[{"name":"wp","href":"https:\/\/api.w.org\/{rel}","templated":true}]}}