{"id":71590,"date":"2018-01-15T13:00:29","date_gmt":"2018-01-15T16:00:29","guid":{"rendered":"http:\/\/www.hoymercedes.com.ar\/principal\/?p=71590"},"modified":"2018-01-16T09:45:53","modified_gmt":"2018-01-16T12:45:53","slug":"secretaria-de-seguridad-se-reunio-con-representantes-de-ferrocarriles-argentinos","status":"publish","type":"post","link":"https:\/\/www.hoymercedes.com.ar\/principal\/2018\/01\/15\/secretaria-de-seguridad-se-reunio-con-representantes-de-ferrocarriles-argentinos\/","title":{"rendered":"Secretar\u00eda de Seguridad se reuni\u00f3 con representantes de Ferrocarriles Argentinos"},"content":{"rendered":"<p><strong>\u00a0<\/strong><\/p>\n<figure id=\"attachment_71592\" aria-describedby=\"caption-attachment-71592\" style=\"width: 620px\" class=\"wp-caption aligncenter\"><img loading=\"lazy\" decoding=\"async\" data-attachment-id=\"71592\" data-permalink=\"https:\/\/www.hoymercedes.com.ar\/principal\/2018\/01\/15\/secretaria-de-seguridad-se-reunio-con-representantes-de-ferrocarriles-argentinos\/reunion-ffrr_a-2\/#main\" data-orig-file=\"https:\/\/www.hoymercedes.com.ar\/principal\/wp-content\/uploads\/2018\/01\/Reunion-FFRR_A-1.jpg\" data-orig-size=\"730,487\" data-comments-opened=\"0\" data-image-meta=\"{&quot;aperture&quot;:&quot;0&quot;,&quot;credit&quot;:&quot;&quot;,&quot;camera&quot;:&quot;&quot;,&quot;caption&quot;:&quot;&quot;,&quot;created_timestamp&quot;:&quot;0&quot;,&quot;copyright&quot;:&quot;&quot;,&quot;focal_length&quot;:&quot;0&quot;,&quot;iso&quot;:&quot;0&quot;,&quot;shutter_speed&quot;:&quot;0&quot;,&quot;title&quot;:&quot;&quot;,&quot;orientation&quot;:&quot;0&quot;}\" data-image-title=\"Reunion-FFRR_A\" data-image-description=\"\" data-image-caption=\"&lt;p&gt;Reuni\u00f3n de trabajo&lt;\/p&gt;\n\" data-large-file=\"https:\/\/www.hoymercedes.com.ar\/principal\/wp-content\/uploads\/2018\/01\/Reunion-FFRR_A-1.jpg\" class=\"size-medium wp-image-71592\" src=\"https:\/\/www.hoymercedes.com.ar\/principal\/wp-content\/uploads\/2018\/01\/Reunion-FFRR_A-1-630x420.jpg\" alt=\"\" width=\"630\" height=\"420\" srcset=\"https:\/\/www.hoymercedes.com.ar\/principal\/wp-content\/uploads\/2018\/01\/Reunion-FFRR_A-1-630x420.jpg 630w, https:\/\/www.hoymercedes.com.ar\/principal\/wp-content\/uploads\/2018\/01\/Reunion-FFRR_A-1-150x100.jpg 150w, https:\/\/www.hoymercedes.com.ar\/principal\/wp-content\/uploads\/2018\/01\/Reunion-FFRR_A-1.jpg 730w\" sizes=\"auto, (max-width: 630px) 100vw, 630px\" \/><figcaption id=\"caption-attachment-71592\" class=\"wp-caption-text\">Reuni\u00f3n de trabajo<\/figcaption><\/figure>\n<p>La reuni\u00f3n, calificada como muy valiosa y productiva por sus participantes, se llev\u00f3 a cabo en el \u00e1mbito del Palacio Municipal. Se trabajaron diversos temas, como una mejor se\u00f1alizaci\u00f3n de los pasos a nivel, el mantenimiento de los predios ferroviarios, seguridad vial cercana a las v\u00edas, entre otros temas.<\/p>\n<p>Al respecto, consultada por los medios, la doctora Josefina Kelly, secretaria de seguridad de la Comuna, sostuvo que \u201ces un encuentro, como tantas veces hemos tenido, a pedido del intendente, para avanzar en temas\u201d<\/p>\n<p>M\u00e1s adelante comento que \u201cestuvimos con representantes de la gerencia, del \u00e1rea de seguridad y de infraestructura de la l\u00ednea Sarmiento de Trenes Argentina donde se est\u00e1 trabajando para hacer tambi\u00e9n un convenio marco con el Municipio, donde colaborando mutuamente logremos llevar mejoras para todos los vecinos\u201d, cont\u00f3 y detallo que \u201ctambi\u00e9n trabajamos en algo que hace varios meses el intendente viene solicitando y con diversas notas y expedientes que es la posibilidad de montar una dependencia de la Polic\u00eda Local en espacio del ferrocarril, c\u00f3mo as\u00ed tambi\u00e9n otros usos, mantenimientos y dando respuestas a inquietudes vecinales\u201d<\/p>\n<p>Es un trabajo que venimos realizando desde hace mucho tiempo y se espera dar respuestas positivas a los mercedinos, narraron.<\/p>\n<p>Desde la gesti\u00f3n fueron parte la mencionada secretaria, el Director Esteban Rossi y la sub secretaria Clara Zunino.<\/p>\n<p>\u201cEsperamos poder tener un final feliz para todos, sabiendo lo valioso que podr\u00eda ser para Mercedes contar con uso y cuidado de algunos de los espacios que son estrat\u00e9gicos y podr\u00edan dar soluci\u00f3n a distintas cuestiones, desde seguridad a viales, embellecimiento, como bien hemos visto en otros espacios\u201d cont\u00f3 Kelly.<\/p>\n<p><span style=\"color: #808080;\">Fuente: Municipio<\/span><\/p>\n","protected":false},"excerpt":{"rendered":"<p>\u00a0 La reuni\u00f3n, calificada como muy valiosa y productiva por sus participantes, se llev\u00f3 a cabo en el \u00e1mbito del &#8230; <a title=\"Secretar\u00eda de Seguridad se reuni\u00f3 con representantes de Ferrocarriles Argentinos\" class=\"read-more\" href=\"https:\/\/www.hoymercedes.com.ar\/principal\/2018\/01\/15\/secretaria-de-seguridad-se-reunio-con-representantes-de-ferrocarriles-argentinos\/\" aria-label=\"Leer m\u00e1s sobre Secretar\u00eda de Seguridad se reuni\u00f3 con representantes de Ferrocarriles Argentinos\">Leer m\u00e1s<\/a><\/p>\n","protected":false},"author":1,"featured_media":71592,"comment_status":"closed","ping_status":"open","sticky":false,"template":"","format":"standard","meta":{"_monsterinsights_skip_tracking":false,"_monsterinsights_sitenote_active":false,"_monsterinsights_sitenote_note":"","_monsterinsights_sitenote_category":0,"jetpack_post_was_ever_published":false,"_jetpack_newsletter_access":"","_jetpack_dont_email_post_to_subs":false,"_jetpack_newsletter_tier_id":0,"_jetpack_memberships_contains_paywalled_content":false,"_jetpack_memberships_contains_paid_content":false,"footnotes":"","jetpack_publicize_message":"","jetpack_publicize_feature_enabled":true,"jetpack_social_post_already_shared":true,"jetpack_social_options":{"image_generator_settings":{"template":"highway","default_image_id":0,"font":"","enabled":false},"version":2},"_wpas_customize_per_network":false},"categories":[30],"tags":[8437,244,11080,9271],"class_list":["post-71590","post","type-post","status-publish","format-standard","has-post-thumbnail","hentry","category-municipio","tag-josefina-kelly","tag-municipio-2","tag-secretaria-de-seguridad","tag-tren-sarmiento","generate-columns","tablet-grid-50","mobile-grid-100","grid-parent","grid-50"],"jetpack_publicize_connections":[],"jetpack_featured_media_url":"https:\/\/www.hoymercedes.com.ar\/principal\/wp-content\/uploads\/2018\/01\/Reunion-FFRR_A-1.jpg","wps_subtitle":"Gesti\u00f3n","jetpack_sharing_enabled":true,"_links":{"self":[{"href":"https:\/\/www.hoymercedes.com.ar\/principal\/wp-json\/wp\/v2\/posts\/71590","targetHints":{"allow":["GET"]}}],"collection":[{"href":"https:\/\/www.hoymercedes.com.ar\/principal\/wp-json\/wp\/v2\/posts"}],"about":[{"href":"https:\/\/www.hoymercedes.com.ar\/principal\/wp-json\/wp\/v2\/types\/post"}],"author":[{"embeddable":true,"href":"https:\/\/www.hoymercedes.com.ar\/principal\/wp-json\/wp\/v2\/users\/1"}],"replies":[{"embeddable":true,"href":"https:\/\/www.hoymercedes.com.ar\/principal\/wp-json\/wp\/v2\/comments?post=71590"}],"version-history":[{"count":0,"href":"https:\/\/www.hoymercedes.com.ar\/principal\/wp-json\/wp\/v2\/posts\/71590\/revisions"}],"wp:featuredmedia":[{"embeddable":true,"href":"https:\/\/www.hoymercedes.com.ar\/principal\/wp-json\/wp\/v2\/media\/71592"}],"wp:attachment":[{"href":"https:\/\/www.hoymercedes.com.ar\/principal\/wp-json\/wp\/v2\/media?parent=71590"}],"wp:term":[{"taxonomy":"category","embeddable":true,"href":"https:\/\/www.hoymercedes.com.ar\/principal\/wp-json\/wp\/v2\/categories?post=71590"},{"taxonomy":"post_tag","embeddable":true,"href":"https:\/\/www.hoymercedes.com.ar\/principal\/wp-json\/wp\/v2\/tags?post=71590"}],"curies":[{"name":"wp","href":"https:\/\/api.w.org\/{rel}","templated":true}]}}