{"id":71595,"date":"2018-01-14T17:32:41","date_gmt":"2018-01-14T20:32:41","guid":{"rendered":"http:\/\/www.hoymercedes.com.ar\/principal\/?p=71595"},"modified":"2018-01-16T09:20:36","modified_gmt":"2018-01-16T12:20:36","slug":"vuelco-en-rn5-sin-victimas-pero-con-marihuana-y-alcohol","status":"publish","type":"post","link":"https:\/\/www.hoymercedes.com.ar\/principal\/2018\/01\/14\/vuelco-en-rn5-sin-victimas-pero-con-marihuana-y-alcohol\/","title":{"rendered":"Vuelco en RN\u00b05: sin v\u00edctimas, pero con marihuana y alcohol"},"content":{"rendered":"<figure id=\"attachment_71597\" aria-describedby=\"caption-attachment-71597\" style=\"width: 620px\" class=\"wp-caption aligncenter\"><img loading=\"lazy\" decoding=\"async\" data-attachment-id=\"71597\" data-permalink=\"https:\/\/www.hoymercedes.com.ar\/principal\/2018\/01\/14\/vuelco-en-rn5-sin-victimas-pero-con-marihuana-y-alcohol\/vuelco-r5-2\/#main\" data-orig-file=\"https:\/\/www.hoymercedes.com.ar\/principal\/wp-content\/uploads\/2018\/01\/vuelco.r5.jpg\" data-orig-size=\"731,549\" data-comments-opened=\"0\" data-image-meta=\"{&quot;aperture&quot;:&quot;0&quot;,&quot;credit&quot;:&quot;&quot;,&quot;camera&quot;:&quot;&quot;,&quot;caption&quot;:&quot;&quot;,&quot;created_timestamp&quot;:&quot;0&quot;,&quot;copyright&quot;:&quot;&quot;,&quot;focal_length&quot;:&quot;0&quot;,&quot;iso&quot;:&quot;0&quot;,&quot;shutter_speed&quot;:&quot;0&quot;,&quot;title&quot;:&quot;&quot;,&quot;orientation&quot;:&quot;0&quot;}\" data-image-title=\"vuelco.r5\" data-image-description=\"\" data-image-caption=\"&lt;p&gt;Vuelco en Ruta 5 &amp;#8211; Foto: Oscar Lasala&lt;\/p&gt;\n\" data-large-file=\"https:\/\/www.hoymercedes.com.ar\/principal\/wp-content\/uploads\/2018\/01\/vuelco.r5.jpg\" class=\"size-medium wp-image-71597\" src=\"https:\/\/www.hoymercedes.com.ar\/principal\/wp-content\/uploads\/2018\/01\/vuelco.r5-630x473.jpg\" alt=\"\" width=\"630\" height=\"473\" srcset=\"https:\/\/www.hoymercedes.com.ar\/principal\/wp-content\/uploads\/2018\/01\/vuelco.r5-630x473.jpg 630w, https:\/\/www.hoymercedes.com.ar\/principal\/wp-content\/uploads\/2018\/01\/vuelco.r5-150x113.jpg 150w, https:\/\/www.hoymercedes.com.ar\/principal\/wp-content\/uploads\/2018\/01\/vuelco.r5.jpg 731w\" sizes=\"auto, (max-width: 630px) 100vw, 630px\" \/><figcaption id=\"caption-attachment-71597\" class=\"wp-caption-text\">Vuelco en Ruta 5 &#8211; Foto: Oscar Lasala<\/figcaption><\/figure>\n<p>A la altura del km 124.500, jurisdicci\u00f3n Suipacha, cerca de las 6.30 hs se produjo un vuelvo de un remisero que circulaba en un Fiat Palio Blanco. Se supo que el control de alcoholemia dio que ten\u00eda 1.23 G\/l en sangre. En el caso se dio intervenci\u00f3n a la UFI N\u00b02 del Departamento Judicial Mercedes porque se le encontr\u00f3 18.9g de marihuana en su poder.<\/p>\n<p>El hecho gener\u00f3 la l\u00f3gica preocupaci\u00f3n por un nuevo siniestro vial. El conductor result\u00f3 ileso, pero, se dio intervenci\u00f3n a las fuerzas de seguridad por las caracter\u00edsticas del hecho.<\/p>\n<p>El veh\u00edculo iba en direcci\u00f3n Mercedes \u2013 Suipacha. El conductor era \u00fanico ocupante y result\u00f3 ileso. Intervino el HOMEI, la Polic\u00eda Comunal y los Bomberos Voluntarios de la vecina ciudad de Suipacha.<\/p>\n<p>EL tr\u00e1nsito estuvo brevemente interrumpido dado que r\u00e1pidamente lograron liberar la zona.<\/p>\n<p>Se trata de un masculino de 32 a\u00f1os de edad de la localidad de Chivilcoy.<\/p>\n<p>Se inform\u00f3 que por alguna raz\u00f3n pierde el control del vehiculo, se cruza de mano y da contra el guad raid del sentido opuesto, gener\u00e1ndose el vuelco.<\/p>\n<figure id=\"attachment_71598\" aria-describedby=\"caption-attachment-71598\" style=\"width: 620px\" class=\"wp-caption aligncenter\"><img loading=\"lazy\" decoding=\"async\" data-attachment-id=\"71598\" data-permalink=\"https:\/\/www.hoymercedes.com.ar\/principal\/2018\/01\/14\/vuelco-en-rn5-sin-victimas-pero-con-marihuana-y-alcohol\/vuelco-r52\/#main\" data-orig-file=\"https:\/\/www.hoymercedes.com.ar\/principal\/wp-content\/uploads\/2018\/01\/vuelco.r52.jpg\" data-orig-size=\"730,548\" data-comments-opened=\"0\" data-image-meta=\"{&quot;aperture&quot;:&quot;0&quot;,&quot;credit&quot;:&quot;&quot;,&quot;camera&quot;:&quot;&quot;,&quot;caption&quot;:&quot;&quot;,&quot;created_timestamp&quot;:&quot;0&quot;,&quot;copyright&quot;:&quot;&quot;,&quot;focal_length&quot;:&quot;0&quot;,&quot;iso&quot;:&quot;0&quot;,&quot;shutter_speed&quot;:&quot;0&quot;,&quot;title&quot;:&quot;&quot;,&quot;orientation&quot;:&quot;0&quot;}\" data-image-title=\"vuelco.r52\" data-image-description=\"\" data-image-caption=\"&lt;p&gt;Vuelco en Ruta 5 &amp;#8211; Foto: Oscar Lasala&lt;\/p&gt;\n\" data-large-file=\"https:\/\/www.hoymercedes.com.ar\/principal\/wp-content\/uploads\/2018\/01\/vuelco.r52.jpg\" class=\"size-medium wp-image-71598\" src=\"https:\/\/www.hoymercedes.com.ar\/principal\/wp-content\/uploads\/2018\/01\/vuelco.r52-630x473.jpg\" alt=\"\" width=\"630\" height=\"473\" srcset=\"https:\/\/www.hoymercedes.com.ar\/principal\/wp-content\/uploads\/2018\/01\/vuelco.r52-630x473.jpg 630w, https:\/\/www.hoymercedes.com.ar\/principal\/wp-content\/uploads\/2018\/01\/vuelco.r52-150x113.jpg 150w, https:\/\/www.hoymercedes.com.ar\/principal\/wp-content\/uploads\/2018\/01\/vuelco.r52.jpg 730w\" sizes=\"auto, (max-width: 630px) 100vw, 630px\" \/><figcaption id=\"caption-attachment-71598\" class=\"wp-caption-text\">Vuelco en Ruta 5 &#8211; Foto: Oscar Lasala<\/figcaption><\/figure>\n<p>Desde Suipacha, Jorge Lasala, inform\u00f3 que \u201cseg\u00fan se dio a conocer a trav\u00e9s de la secretaria de seguridad local, ante la actitud incorrecta que manifestaba el conductor del autom\u00f3vil, se dispone hacerle el correspondiente an\u00e1lisis de alcoholemia resultando positivo, arrojando 1.23 G\/l, por lo que se le labra la correspondiente infracci\u00f3n, asimismo tambi\u00e9n se incauta un envoltorio conteniendo 18:9 gramos de marihuana por lo que se le inicia una causa por infracci\u00f3n a la ley 23737, con intervenci\u00f3n de la UFI N\u00b0 2 del Departamento Judicial Mercedes\u201d<\/p>\n","protected":false},"excerpt":{"rendered":"<p>A la altura del km 124.500, jurisdicci\u00f3n Suipacha, cerca de las 6.30 hs se produjo un vuelvo de un remisero &#8230; <a title=\"Vuelco en RN\u00b05: sin v\u00edctimas, pero con marihuana y alcohol\" class=\"read-more\" href=\"https:\/\/www.hoymercedes.com.ar\/principal\/2018\/01\/14\/vuelco-en-rn5-sin-victimas-pero-con-marihuana-y-alcohol\/\" aria-label=\"Leer m\u00e1s sobre Vuelco en RN\u00b05: sin v\u00edctimas, pero con marihuana y alcohol\">Leer m\u00e1s<\/a><\/p>\n","protected":false},"author":1,"featured_media":71598,"comment_status":"closed","ping_status":"open","sticky":false,"template":"","format":"standard","meta":{"_monsterinsights_skip_tracking":false,"_monsterinsights_sitenote_active":false,"_monsterinsights_sitenote_note":"","_monsterinsights_sitenote_category":0,"jetpack_post_was_ever_published":false,"_jetpack_newsletter_access":"","_jetpack_dont_email_post_to_subs":false,"_jetpack_newsletter_tier_id":0,"_jetpack_memberships_contains_paywalled_content":false,"_jetpack_memberships_contains_paid_content":false,"footnotes":"","jetpack_publicize_message":"","jetpack_publicize_feature_enabled":true,"jetpack_social_post_already_shared":true,"jetpack_social_options":{"image_generator_settings":{"template":"highway","default_image_id":0,"font":"","enabled":false},"version":2},"_wpas_customize_per_network":false},"categories":[85],"tags":[96,12532,12531],"class_list":["post-71595","post","type-post","status-publish","format-standard","has-post-thumbnail","hentry","category-policial","tag-policial-2","tag-siniestro-ruta-5","tag-vuelco-en-r5","generate-columns","tablet-grid-50","mobile-grid-100","grid-parent","grid-50"],"jetpack_publicize_connections":[],"jetpack_featured_media_url":"https:\/\/www.hoymercedes.com.ar\/principal\/wp-content\/uploads\/2018\/01\/vuelco.r52.jpg","wps_subtitle":"La sac\u00f3 \"barata\"","jetpack_sharing_enabled":true,"_links":{"self":[{"href":"https:\/\/www.hoymercedes.com.ar\/principal\/wp-json\/wp\/v2\/posts\/71595","targetHints":{"allow":["GET"]}}],"collection":[{"href":"https:\/\/www.hoymercedes.com.ar\/principal\/wp-json\/wp\/v2\/posts"}],"about":[{"href":"https:\/\/www.hoymercedes.com.ar\/principal\/wp-json\/wp\/v2\/types\/post"}],"author":[{"embeddable":true,"href":"https:\/\/www.hoymercedes.com.ar\/principal\/wp-json\/wp\/v2\/users\/1"}],"replies":[{"embeddable":true,"href":"https:\/\/www.hoymercedes.com.ar\/principal\/wp-json\/wp\/v2\/comments?post=71595"}],"version-history":[{"count":0,"href":"https:\/\/www.hoymercedes.com.ar\/principal\/wp-json\/wp\/v2\/posts\/71595\/revisions"}],"wp:featuredmedia":[{"embeddable":true,"href":"https:\/\/www.hoymercedes.com.ar\/principal\/wp-json\/wp\/v2\/media\/71598"}],"wp:attachment":[{"href":"https:\/\/www.hoymercedes.com.ar\/principal\/wp-json\/wp\/v2\/media?parent=71595"}],"wp:term":[{"taxonomy":"category","embeddable":true,"href":"https:\/\/www.hoymercedes.com.ar\/principal\/wp-json\/wp\/v2\/categories?post=71595"},{"taxonomy":"post_tag","embeddable":true,"href":"https:\/\/www.hoymercedes.com.ar\/principal\/wp-json\/wp\/v2\/tags?post=71595"}],"curies":[{"name":"wp","href":"https:\/\/api.w.org\/{rel}","templated":true}]}}