{"id":71626,"date":"2018-01-17T08:46:01","date_gmt":"2018-01-17T11:46:01","guid":{"rendered":"http:\/\/www.hoymercedes.com.ar\/principal\/?p=71626"},"modified":"2018-01-16T22:04:28","modified_gmt":"2018-01-17T01:04:28","slug":"el-viernes-19-habra-un-torneo-de-penales-en-el-martin-rodriguez","status":"publish","type":"post","link":"https:\/\/www.hoymercedes.com.ar\/principal\/2018\/01\/17\/el-viernes-19-habra-un-torneo-de-penales-en-el-martin-rodriguez\/","title":{"rendered":"El viernes 19 habr\u00e1 un torneo de penales en el Mart\u00edn Rodr\u00edguez"},"content":{"rendered":"<p>La Direcci\u00f3n de Deportes de la Municipalidad de Mercedes anunci\u00f3 que este viernes 19 de enero llevar\u00e1 a cabo una nueva edici\u00f3n del Torneo de Penales. A partir de la hora 19, en el predio a cielo abierto Mart\u00edn Rodr\u00edguez el torneo contar\u00e1 con diferentes categor\u00edas para hombres y mujeres. Adem\u00e1s de entregarse premios y regalos.<\/p>\n<p>Nuevamente se realizar\u00e1 un torneo de penales que tiene como objetivo fomentar el deporte entre los mercedinos.\u00a0 El evento contar\u00e1 con categor\u00edas libres; quienes se quieran inscribir deber\u00e1n comunicarse al 434369, de lunes a viernes de 9 a 12, o tambi\u00e9n v\u00eda Facebook buscando \u201cMart\u00edn Rodr\u00edguez\u201d en dicha red social.<\/p>\n<p>Este tipo de actividades intentan fomentar el deporte y la mancomuni\u00f3n entre los mercedinos. As\u00ed lo entiende el intendente de nuestra ciudad, el Dr. Juan Ignacio Ustarroz, quien dijo\u00a0 \u201cestas experiencias deportivas conllevan un enriquecimiento, tanto\u00a0 personal como grupal\u201d.<\/p>\n<p>Adem\u00e1s, remarc\u00f3 que va m\u00e1s all\u00e1 del resultado: \u201clo importante es ser parte de una actividad grupal que divierta y ayude a la cercan\u00eda con el otro, misma, que nos ayudar\u00e1 a recuperar y mejorar los valores como sociedad\u201d.<\/p>\n<p>Fuente: Prensa Municipal<\/p>\n<p><img loading=\"lazy\" decoding=\"async\" data-attachment-id=\"71624\" data-permalink=\"https:\/\/www.hoymercedes.com.ar\/principal\/2018\/01\/16\/tardes-de-gimnasia-aerobica-y-funcional-en-la-rotonda\/17-muni-penales\/#main\" data-orig-file=\"https:\/\/www.hoymercedes.com.ar\/principal\/wp-content\/uploads\/2018\/01\/17-muni-penales.jpeg\" data-orig-size=\"750,574\" data-comments-opened=\"0\" data-image-meta=\"{&quot;aperture&quot;:&quot;0&quot;,&quot;credit&quot;:&quot;&quot;,&quot;camera&quot;:&quot;&quot;,&quot;caption&quot;:&quot;&quot;,&quot;created_timestamp&quot;:&quot;0&quot;,&quot;copyright&quot;:&quot;&quot;,&quot;focal_length&quot;:&quot;0&quot;,&quot;iso&quot;:&quot;0&quot;,&quot;shutter_speed&quot;:&quot;0&quot;,&quot;title&quot;:&quot;&quot;,&quot;orientation&quot;:&quot;0&quot;}\" data-image-title=\"17 muni penales\" data-image-description=\"\" data-image-caption=\"\" data-large-file=\"https:\/\/www.hoymercedes.com.ar\/principal\/wp-content\/uploads\/2018\/01\/17-muni-penales.jpeg\" class=\"size-medium wp-image-71624 aligncenter\" src=\"https:\/\/www.hoymercedes.com.ar\/principal\/wp-content\/uploads\/2018\/01\/17-muni-penales-630x482.jpeg\" alt=\"\" width=\"630\" height=\"482\" srcset=\"https:\/\/www.hoymercedes.com.ar\/principal\/wp-content\/uploads\/2018\/01\/17-muni-penales-630x482.jpeg 630w, https:\/\/www.hoymercedes.com.ar\/principal\/wp-content\/uploads\/2018\/01\/17-muni-penales-150x115.jpeg 150w, https:\/\/www.hoymercedes.com.ar\/principal\/wp-content\/uploads\/2018\/01\/17-muni-penales.jpeg 750w\" sizes=\"auto, (max-width: 630px) 100vw, 630px\" \/><\/p>\n","protected":false},"excerpt":{"rendered":"<p>La Direcci\u00f3n de Deportes de la Municipalidad de Mercedes anunci\u00f3 que este viernes 19 de enero llevar\u00e1 a cabo una &#8230; <a title=\"El viernes 19 habr\u00e1 un torneo de penales en el Mart\u00edn Rodr\u00edguez\" class=\"read-more\" href=\"https:\/\/www.hoymercedes.com.ar\/principal\/2018\/01\/17\/el-viernes-19-habra-un-torneo-de-penales-en-el-martin-rodriguez\/\" aria-label=\"Leer m\u00e1s sobre El viernes 19 habr\u00e1 un torneo de penales en el Mart\u00edn Rodr\u00edguez\">Leer m\u00e1s<\/a><\/p>\n","protected":false},"author":1,"featured_media":71624,"comment_status":"closed","ping_status":"open","sticky":false,"template":"","format":"standard","meta":{"_monsterinsights_skip_tracking":false,"_monsterinsights_sitenote_active":false,"_monsterinsights_sitenote_note":"","_monsterinsights_sitenote_category":0,"jetpack_post_was_ever_published":false,"_jetpack_newsletter_access":"","_jetpack_dont_email_post_to_subs":false,"_jetpack_newsletter_tier_id":0,"_jetpack_memberships_contains_paywalled_content":false,"_jetpack_memberships_contains_paid_content":false,"footnotes":"","jetpack_publicize_message":"","jetpack_publicize_feature_enabled":true,"jetpack_social_post_already_shared":true,"jetpack_social_options":{"image_generator_settings":{"template":"highway","default_image_id":0,"font":"","enabled":false},"version":2},"_wpas_customize_per_network":false},"categories":[21],"tags":[204,10,244,10520,8178],"class_list":["post-71626","post","type-post","status-publish","format-standard","has-post-thumbnail","hentry","category-deportes","tag-deportes-2","tag-mercedes","tag-municipio-2","tag-penales","tag-torneo-de-penales","generate-columns","tablet-grid-50","mobile-grid-100","grid-parent","grid-50"],"jetpack_publicize_connections":[],"jetpack_featured_media_url":"https:\/\/www.hoymercedes.com.ar\/principal\/wp-content\/uploads\/2018\/01\/17-muni-penales.jpeg","wps_subtitle":"Para diferentes categor\u00edas","jetpack_sharing_enabled":true,"_links":{"self":[{"href":"https:\/\/www.hoymercedes.com.ar\/principal\/wp-json\/wp\/v2\/posts\/71626","targetHints":{"allow":["GET"]}}],"collection":[{"href":"https:\/\/www.hoymercedes.com.ar\/principal\/wp-json\/wp\/v2\/posts"}],"about":[{"href":"https:\/\/www.hoymercedes.com.ar\/principal\/wp-json\/wp\/v2\/types\/post"}],"author":[{"embeddable":true,"href":"https:\/\/www.hoymercedes.com.ar\/principal\/wp-json\/wp\/v2\/users\/1"}],"replies":[{"embeddable":true,"href":"https:\/\/www.hoymercedes.com.ar\/principal\/wp-json\/wp\/v2\/comments?post=71626"}],"version-history":[{"count":0,"href":"https:\/\/www.hoymercedes.com.ar\/principal\/wp-json\/wp\/v2\/posts\/71626\/revisions"}],"wp:featuredmedia":[{"embeddable":true,"href":"https:\/\/www.hoymercedes.com.ar\/principal\/wp-json\/wp\/v2\/media\/71624"}],"wp:attachment":[{"href":"https:\/\/www.hoymercedes.com.ar\/principal\/wp-json\/wp\/v2\/media?parent=71626"}],"wp:term":[{"taxonomy":"category","embeddable":true,"href":"https:\/\/www.hoymercedes.com.ar\/principal\/wp-json\/wp\/v2\/categories?post=71626"},{"taxonomy":"post_tag","embeddable":true,"href":"https:\/\/www.hoymercedes.com.ar\/principal\/wp-json\/wp\/v2\/tags?post=71626"}],"curies":[{"name":"wp","href":"https:\/\/api.w.org\/{rel}","templated":true}]}}