{"id":71636,"date":"2018-01-17T11:35:45","date_gmt":"2018-01-17T14:35:45","guid":{"rendered":"http:\/\/www.hoymercedes.com.ar\/principal\/?p=71636"},"modified":"2018-01-17T10:07:31","modified_gmt":"2018-01-17T13:07:31","slug":"continuan-las-salidas-para-adultos-mayores","status":"publish","type":"post","link":"https:\/\/www.hoymercedes.com.ar\/principal\/2018\/01\/17\/continuan-las-salidas-para-adultos-mayores\/","title":{"rendered":"Contin\u00faan las salidas para Adultos Mayores"},"content":{"rendered":"<p>La Direcci\u00f3n de Adultos Mayores de la Municipalidad de Mercedes dio a conocer una nueva agenda de excursiones gratuitas que ella organiza. Una agenda que incluye una visita al Observatorio Municipal, una vuelta por \u00abla Gallinita\u00bb o una visita al pueblo rural Carlos Keen. Para inscribirse, los interesados deber\u00e1n presentarse en persona en la oficina de la Direcci\u00f3n en el Hogar Villa Abrille.<\/p>\n<p>De acuerdo a la grilla dada a conocer por la Direcci\u00f3n de Adultos la primera salida es el 18 de enero es a Carlos Keen con salida a la hora 17 desde Plaza San Mart\u00edn. Al d\u00eda siguiente, la salida es al Observatorio Municipal, saliendo desde la hora 20 desde Plaza San Mart\u00edn.<\/p>\n<p>La semana siguiente, el d\u00eda 23 de enero, la propuesta es hacer una vuelta en Gallinita. Saliendo desde la Plaza San Luis a la hora 19 a costo del Municipio. El viernes 26, la excursi\u00f3n es de nuevo a Carlos Keen.<\/p>\n<p>La inscripci\u00f3n es de 8 a 13 horas, en la oficina de la Direcci\u00f3n de Adultos Mayores en el Hogar Villa Abrille en calle 25, entre 16 y 18. Tambi\u00e9n se puede consultar v\u00eda telef\u00f3nica al\u00a0435035.<\/p>\n<p>&nbsp;<\/p>\n","protected":false},"excerpt":{"rendered":"<p>La Direcci\u00f3n de Adultos Mayores de la Municipalidad de Mercedes dio a conocer una nueva agenda de excursiones gratuitas que &#8230; <a title=\"Contin\u00faan las salidas para Adultos Mayores\" class=\"read-more\" href=\"https:\/\/www.hoymercedes.com.ar\/principal\/2018\/01\/17\/continuan-las-salidas-para-adultos-mayores\/\" aria-label=\"Leer m\u00e1s sobre Contin\u00faan las salidas para Adultos Mayores\">Leer m\u00e1s<\/a><\/p>\n","protected":false},"author":1,"featured_media":71637,"comment_status":"closed","ping_status":"open","sticky":false,"template":"","format":"standard","meta":{"_monsterinsights_skip_tracking":false,"_monsterinsights_sitenote_active":false,"_monsterinsights_sitenote_note":"","_monsterinsights_sitenote_category":0,"jetpack_post_was_ever_published":false,"_jetpack_newsletter_access":"","_jetpack_dont_email_post_to_subs":false,"_jetpack_newsletter_tier_id":0,"_jetpack_memberships_contains_paywalled_content":false,"_jetpack_memberships_contains_paid_content":false,"footnotes":"","jetpack_publicize_message":"","jetpack_publicize_feature_enabled":true,"jetpack_social_post_already_shared":true,"jetpack_social_options":{"image_generator_settings":{"template":"highway","default_image_id":0,"font":"","enabled":false},"version":2},"_wpas_customize_per_network":false},"categories":[30],"tags":[8806,12538,10,244],"class_list":["post-71636","post","type-post","status-publish","format-standard","has-post-thumbnail","hentry","category-municipio","tag-direccion-de-adultos-mayores","tag-excursiones","tag-mercedes","tag-municipio-2","generate-columns","tablet-grid-50","mobile-grid-100","grid-parent","grid-50"],"jetpack_publicize_connections":[],"jetpack_featured_media_url":"https:\/\/www.hoymercedes.com.ar\/principal\/wp-content\/uploads\/2018\/01\/17-adultos-mayores.jpg","wps_subtitle":"En enero","jetpack_sharing_enabled":true,"_links":{"self":[{"href":"https:\/\/www.hoymercedes.com.ar\/principal\/wp-json\/wp\/v2\/posts\/71636","targetHints":{"allow":["GET"]}}],"collection":[{"href":"https:\/\/www.hoymercedes.com.ar\/principal\/wp-json\/wp\/v2\/posts"}],"about":[{"href":"https:\/\/www.hoymercedes.com.ar\/principal\/wp-json\/wp\/v2\/types\/post"}],"author":[{"embeddable":true,"href":"https:\/\/www.hoymercedes.com.ar\/principal\/wp-json\/wp\/v2\/users\/1"}],"replies":[{"embeddable":true,"href":"https:\/\/www.hoymercedes.com.ar\/principal\/wp-json\/wp\/v2\/comments?post=71636"}],"version-history":[{"count":0,"href":"https:\/\/www.hoymercedes.com.ar\/principal\/wp-json\/wp\/v2\/posts\/71636\/revisions"}],"wp:featuredmedia":[{"embeddable":true,"href":"https:\/\/www.hoymercedes.com.ar\/principal\/wp-json\/wp\/v2\/media\/71637"}],"wp:attachment":[{"href":"https:\/\/www.hoymercedes.com.ar\/principal\/wp-json\/wp\/v2\/media?parent=71636"}],"wp:term":[{"taxonomy":"category","embeddable":true,"href":"https:\/\/www.hoymercedes.com.ar\/principal\/wp-json\/wp\/v2\/categories?post=71636"},{"taxonomy":"post_tag","embeddable":true,"href":"https:\/\/www.hoymercedes.com.ar\/principal\/wp-json\/wp\/v2\/tags?post=71636"}],"curies":[{"name":"wp","href":"https:\/\/api.w.org\/{rel}","templated":true}]}}