{"id":71644,"date":"2018-01-17T17:32:34","date_gmt":"2018-01-17T20:32:34","guid":{"rendered":"http:\/\/www.hoymercedes.com.ar\/principal\/?p=71644"},"modified":"2018-01-17T17:32:34","modified_gmt":"2018-01-17T20:32:34","slug":"comienzan-los-arreglos-de-los-banos-de-la-tecnica-n-1","status":"publish","type":"post","link":"https:\/\/www.hoymercedes.com.ar\/principal\/2018\/01\/17\/comienzan-los-arreglos-de-los-banos-de-la-tecnica-n-1\/","title":{"rendered":"Comienzan los arreglos de los ba\u00f1os de la T\u00e9cnica N\u00b0 1"},"content":{"rendered":"<p>D\u00edas atr\u00e1s se iniciaron los preparativos para comenzar con la obra de restauraci\u00f3n de los ba\u00f1os en la Escuela de Ense\u00f1anza T\u00e9cnica N\u00b0 1 de Mercedes. Una obra a cargo de la empresa MH SA, que se realizar\u00e1 en un plazo de 60 d\u00edas con un presupuesto superior a dos millones de pesos.<\/p>\n<p>La Presidente del Consejo Escolar, Ana Darritchon cont\u00f3 que el d\u00eda martes se iniciaron las obras de los ba\u00f1os de la Escuela T\u00e9cnica N\u00b0 1. \u00abEsta es una obra que viene directamente de provincia. Se pondr\u00e1n en valor los ba\u00f1os existentes. La obra en s\u00ed empieza en estos d\u00edas, pero el martes se entregaron las llaves a la empresa y se acord\u00f3 la organizaci\u00f3n de los trabajos con los directivos de la Escuela\u00bb, explic\u00f3 en di\u00e1logo con una radio de la ciudad de Mercedes.<\/p>\n<figure id=\"attachment_71645\" aria-describedby=\"caption-attachment-71645\" style=\"width: 338px\" class=\"wp-caption aligncenter\"><img loading=\"lazy\" decoding=\"async\" data-attachment-id=\"71645\" data-permalink=\"https:\/\/www.hoymercedes.com.ar\/principal\/2018\/01\/17\/comienzan-los-arreglos-de-los-banos-de-la-tecnica-n-1\/17-banos-tecnica-1-1\/#main\" data-orig-file=\"https:\/\/www.hoymercedes.com.ar\/principal\/wp-content\/uploads\/2018\/01\/17-ba\u00f1os-tecnica-1-1.jpg\" data-orig-size=\"421,750\" data-comments-opened=\"0\" data-image-meta=\"{&quot;aperture&quot;:&quot;0&quot;,&quot;credit&quot;:&quot;&quot;,&quot;camera&quot;:&quot;&quot;,&quot;caption&quot;:&quot;&quot;,&quot;created_timestamp&quot;:&quot;0&quot;,&quot;copyright&quot;:&quot;&quot;,&quot;focal_length&quot;:&quot;0&quot;,&quot;iso&quot;:&quot;0&quot;,&quot;shutter_speed&quot;:&quot;0&quot;,&quot;title&quot;:&quot;&quot;,&quot;orientation&quot;:&quot;0&quot;}\" data-image-title=\"17 ba\u00f1os tecnica 1 1\" data-image-description=\"\" data-image-caption=\"&lt;p&gt;Los ba\u00f1os de la escuela t\u00e9cnica ser\u00e1n arreglados en el verano. &lt;\/p&gt;\n\" data-large-file=\"https:\/\/www.hoymercedes.com.ar\/principal\/wp-content\/uploads\/2018\/01\/17-ba\u00f1os-tecnica-1-1.jpg\" class=\"size-medium wp-image-71645\" src=\"https:\/\/www.hoymercedes.com.ar\/principal\/wp-content\/uploads\/2018\/01\/17-ba\u00f1os-tecnica-1-1-348x620.jpg\" alt=\"\" width=\"348\" height=\"620\" srcset=\"https:\/\/www.hoymercedes.com.ar\/principal\/wp-content\/uploads\/2018\/01\/17-ba\u00f1os-tecnica-1-1-348x620.jpg 348w, https:\/\/www.hoymercedes.com.ar\/principal\/wp-content\/uploads\/2018\/01\/17-ba\u00f1os-tecnica-1-1-84x150.jpg 84w, https:\/\/www.hoymercedes.com.ar\/principal\/wp-content\/uploads\/2018\/01\/17-ba\u00f1os-tecnica-1-1.jpg 421w\" sizes=\"auto, (max-width: 348px) 100vw, 348px\" \/><figcaption id=\"caption-attachment-71645\" class=\"wp-caption-text\">Los ba\u00f1os de la escuela t\u00e9cnica ser\u00e1n arreglados en el verano.<\/figcaption><\/figure>\n<p>Por otra parte, la Presidente del Consejo Escolar habl\u00f3 de la postergaci\u00f3n de la apertura de sobres de la licitaci\u00f3n para las obras en la <a href=\"https:\/\/www.hoymercedes.com.ar\/principal\/2018\/01\/05\/ana-darritchon-la-realizacion-de-las-obras-en-la-escuela-normal-no-estan-en-duda\/\" target=\"_blank\" rel=\"noopener\">Escuela Normal de Mercedes<\/a>. La Subsecretaria de Pol\u00edticas Docentes del Ministerio de Educaci\u00f3n de la Provincia anunci\u00f3 la postergaci\u00f3n \u00abpor cuestiones de organizaci\u00f3n administrativa\u00bb. La nueva fecha es el 25 de enero.<\/p>\n<p>\u00abLas obras de la Unidad Ejecutora Provincial las llevar\u00e1 a cabo la DPI, la Direcci\u00f3n Provincial de Infraestructura. Es una reorganizaci\u00f3n dentro del organigrama de la Direcci\u00f3n General de Escuelas que no influye en la continuidad de las obras. En principio, la fecha prevista para la licitaci\u00f3n de las obras en la Escuela Normal es el 25 de enero. Son m\u00e1s de 46 millones de pesos para la puesta en valor de toda la parte que da para la Av. 29. Los salones, los techos y los ventanales de vidrio que est\u00e1n oxidados. Las otras dos partes se hacen despu\u00e9s. No se iniciar\u00eda en no menos de un mes y medio\u00bb, explic\u00f3 Darritchon anticipando que habr\u00eda que reubicar a algunos alumnos de la Escuela Normal, modifcaciones que se comunicar\u00e1n cuando se tome la decisi\u00f3n.<\/p>\n<p><img loading=\"lazy\" decoding=\"async\" data-attachment-id=\"71646\" data-permalink=\"https:\/\/www.hoymercedes.com.ar\/principal\/2018\/01\/17\/comienzan-los-arreglos-de-los-banos-de-la-tecnica-n-1\/17-banos-tecnica-1-2\/#main\" data-orig-file=\"https:\/\/www.hoymercedes.com.ar\/principal\/wp-content\/uploads\/2018\/01\/17-ba\u00f1os-tecnica-1-2.jpg\" data-orig-size=\"750,421\" data-comments-opened=\"0\" data-image-meta=\"{&quot;aperture&quot;:&quot;0&quot;,&quot;credit&quot;:&quot;&quot;,&quot;camera&quot;:&quot;&quot;,&quot;caption&quot;:&quot;&quot;,&quot;created_timestamp&quot;:&quot;0&quot;,&quot;copyright&quot;:&quot;&quot;,&quot;focal_length&quot;:&quot;0&quot;,&quot;iso&quot;:&quot;0&quot;,&quot;shutter_speed&quot;:&quot;0&quot;,&quot;title&quot;:&quot;&quot;,&quot;orientation&quot;:&quot;0&quot;}\" data-image-title=\"17 ba\u00f1os tecnica 1 2\" data-image-description=\"\" data-image-caption=\"\" data-large-file=\"https:\/\/www.hoymercedes.com.ar\/principal\/wp-content\/uploads\/2018\/01\/17-ba\u00f1os-tecnica-1-2.jpg\" class=\"aligncenter size-medium wp-image-71646\" src=\"https:\/\/www.hoymercedes.com.ar\/principal\/wp-content\/uploads\/2018\/01\/17-ba\u00f1os-tecnica-1-2-630x354.jpg\" alt=\"\" width=\"630\" height=\"354\" srcset=\"https:\/\/www.hoymercedes.com.ar\/principal\/wp-content\/uploads\/2018\/01\/17-ba\u00f1os-tecnica-1-2-630x354.jpg 630w, https:\/\/www.hoymercedes.com.ar\/principal\/wp-content\/uploads\/2018\/01\/17-ba\u00f1os-tecnica-1-2-150x84.jpg 150w, https:\/\/www.hoymercedes.com.ar\/principal\/wp-content\/uploads\/2018\/01\/17-ba\u00f1os-tecnica-1-2.jpg 750w\" sizes=\"auto, (max-width: 630px) 100vw, 630px\" \/><\/p>\n<p>Asimismo, &#8211; y respondiendo a Silvia Gandolfi, con quien compartieron la comisi\u00f3n directiva de la FEB hasta 2015 &#8211; Darritchon destac\u00f3 que \u00ablos protocolos de seguridad\u00bb no se cumplir\u00eda en ninguna de las escuelas de Mercedes. \u00abSi hablamos de los protocolos de seguridad que deber\u00edan cumplirse de manera estricta, ninguna de las escuelas cumple. Porque no cumplen con la cantidad de luz que debe tener cada sal\u00f3n, ni las sillas que tiene cada docente es la corresponde, por ejemplo. Las sillas de los alumnos tienen la forma correspondiente de acuerdo a la edad. Ni entrada, ni salida de seguridad, ni los carteles de evacuaci\u00f3n, ni los docentes estamos capacitados por si pasa algo para organizar a los alumnos para salir del edificio. Me atrevo a decir que la ciudad no est\u00e1 organizada en caso de que pase algo realmente grave en alguna escuela. Si hablamos del protocolo de seguridad, tendr\u00edamos que clausurar todos los edificios escolares, de todos los niveles. Si somos conscientes de que much\u00edsimos a\u00f1os no se hizo absolutamente nada, no hubo mantenimiento, ni puesta en valor, ni respuesta para nada, no podemos pretender que en dos a\u00f1os los protocolos se pongan en marcha al cien por cien\u00bb, marc\u00f3 la Presidente del Consejo Escolar a trav\u00e9s de los micr\u00f3fonos de FM Santa Mar\u00eda.<\/p>\n","protected":false},"excerpt":{"rendered":"<p>D\u00edas atr\u00e1s se iniciaron los preparativos para comenzar con la obra de restauraci\u00f3n de los ba\u00f1os en la Escuela de &#8230; <a title=\"Comienzan los arreglos de los ba\u00f1os de la T\u00e9cnica N\u00b0 1\" class=\"read-more\" href=\"https:\/\/www.hoymercedes.com.ar\/principal\/2018\/01\/17\/comienzan-los-arreglos-de-los-banos-de-la-tecnica-n-1\/\" aria-label=\"Leer m\u00e1s sobre Comienzan los arreglos de los ba\u00f1os de la T\u00e9cnica N\u00b0 1\">Leer m\u00e1s<\/a><\/p>\n","protected":false},"author":1,"featured_media":71646,"comment_status":"closed","ping_status":"open","sticky":false,"template":"","format":"standard","meta":{"_monsterinsights_skip_tracking":false,"_monsterinsights_sitenote_active":false,"_monsterinsights_sitenote_note":"","_monsterinsights_sitenote_category":0,"jetpack_post_was_ever_published":false,"_jetpack_newsletter_access":"","_jetpack_dont_email_post_to_subs":false,"_jetpack_newsletter_tier_id":0,"_jetpack_memberships_contains_paywalled_content":false,"_jetpack_memberships_contains_paid_content":false,"footnotes":"","jetpack_publicize_message":"","jetpack_publicize_feature_enabled":true,"jetpack_social_post_already_shared":true,"jetpack_social_options":{"image_generator_settings":{"template":"highway","default_image_id":0,"font":"","enabled":false},"version":2},"_wpas_customize_per_network":false},"categories":[23],"tags":[1317,47,12541,10,1014,12540],"class_list":["post-71644","post","type-post","status-publish","format-standard","has-post-thumbnail","hentry","category-educacion","tag-consejo-escolar","tag-educacion-2","tag-eet-n-1","tag-mercedes","tag-obras","tag-obras-escuela-tecnica-n-1","generate-columns","tablet-grid-50","mobile-grid-100","grid-parent","grid-50"],"jetpack_publicize_connections":[],"jetpack_featured_media_url":"https:\/\/www.hoymercedes.com.ar\/principal\/wp-content\/uploads\/2018\/01\/17-ba\u00f1os-tecnica-1-2.jpg","wps_subtitle":"Ultimando detalles","jetpack_sharing_enabled":true,"_links":{"self":[{"href":"https:\/\/www.hoymercedes.com.ar\/principal\/wp-json\/wp\/v2\/posts\/71644","targetHints":{"allow":["GET"]}}],"collection":[{"href":"https:\/\/www.hoymercedes.com.ar\/principal\/wp-json\/wp\/v2\/posts"}],"about":[{"href":"https:\/\/www.hoymercedes.com.ar\/principal\/wp-json\/wp\/v2\/types\/post"}],"author":[{"embeddable":true,"href":"https:\/\/www.hoymercedes.com.ar\/principal\/wp-json\/wp\/v2\/users\/1"}],"replies":[{"embeddable":true,"href":"https:\/\/www.hoymercedes.com.ar\/principal\/wp-json\/wp\/v2\/comments?post=71644"}],"version-history":[{"count":0,"href":"https:\/\/www.hoymercedes.com.ar\/principal\/wp-json\/wp\/v2\/posts\/71644\/revisions"}],"wp:featuredmedia":[{"embeddable":true,"href":"https:\/\/www.hoymercedes.com.ar\/principal\/wp-json\/wp\/v2\/media\/71646"}],"wp:attachment":[{"href":"https:\/\/www.hoymercedes.com.ar\/principal\/wp-json\/wp\/v2\/media?parent=71644"}],"wp:term":[{"taxonomy":"category","embeddable":true,"href":"https:\/\/www.hoymercedes.com.ar\/principal\/wp-json\/wp\/v2\/categories?post=71644"},{"taxonomy":"post_tag","embeddable":true,"href":"https:\/\/www.hoymercedes.com.ar\/principal\/wp-json\/wp\/v2\/tags?post=71644"}],"curies":[{"name":"wp","href":"https:\/\/api.w.org\/{rel}","templated":true}]}}