{"id":71685,"date":"2018-01-19T22:19:48","date_gmt":"2018-01-20T01:19:48","guid":{"rendered":"http:\/\/www.hoymercedes.com.ar\/principal\/?p=71685"},"modified":"2018-01-20T10:32:59","modified_gmt":"2018-01-20T13:32:59","slug":"accidente-fatal-en-ffrr-sarmiento-en-cruce-av-1","status":"publish","type":"post","link":"https:\/\/www.hoymercedes.com.ar\/principal\/2018\/01\/19\/accidente-fatal-en-ffrr-sarmiento-en-cruce-av-1\/","title":{"rendered":"Accidente fatal en FFCC Sarmiento en cruce Av. 1"},"content":{"rendered":"<figure id=\"attachment_71686\" aria-describedby=\"caption-attachment-71686\" style=\"width: 620px\" class=\"wp-caption aligncenter\"><img loading=\"lazy\" decoding=\"async\" data-attachment-id=\"71686\" data-permalink=\"https:\/\/www.hoymercedes.com.ar\/principal\/2018\/01\/19\/accidente-fatal-en-ffrr-sarmiento-en-cruce-av-1\/img-20180119-wa0088\/#main\" data-orig-file=\"https:\/\/www.hoymercedes.com.ar\/principal\/wp-content\/uploads\/2018\/01\/IMG-20180119-WA0088.jpg\" data-orig-size=\"1032,774\" data-comments-opened=\"0\" data-image-meta=\"{&quot;aperture&quot;:&quot;0&quot;,&quot;credit&quot;:&quot;&quot;,&quot;camera&quot;:&quot;&quot;,&quot;caption&quot;:&quot;&quot;,&quot;created_timestamp&quot;:&quot;0&quot;,&quot;copyright&quot;:&quot;&quot;,&quot;focal_length&quot;:&quot;0&quot;,&quot;iso&quot;:&quot;0&quot;,&quot;shutter_speed&quot;:&quot;0&quot;,&quot;title&quot;:&quot;&quot;,&quot;orientation&quot;:&quot;0&quot;}\" data-image-title=\"Accidente ffrr\" data-image-description=\"\" data-image-caption=\"&lt;p&gt;Accidente fatal&lt;\/p&gt;\n\" data-large-file=\"https:\/\/www.hoymercedes.com.ar\/principal\/wp-content\/uploads\/2018\/01\/IMG-20180119-WA0088-1024x768.jpg\" class=\"size-medium wp-image-71686\" src=\"https:\/\/www.hoymercedes.com.ar\/principal\/wp-content\/uploads\/2018\/01\/IMG-20180119-WA0088-630x473.jpg\" alt=\"\" width=\"630\" height=\"473\" srcset=\"https:\/\/www.hoymercedes.com.ar\/principal\/wp-content\/uploads\/2018\/01\/IMG-20180119-WA0088-630x473.jpg 630w, https:\/\/www.hoymercedes.com.ar\/principal\/wp-content\/uploads\/2018\/01\/IMG-20180119-WA0088-150x113.jpg 150w, https:\/\/www.hoymercedes.com.ar\/principal\/wp-content\/uploads\/2018\/01\/IMG-20180119-WA0088-1024x768.jpg 1024w, https:\/\/www.hoymercedes.com.ar\/principal\/wp-content\/uploads\/2018\/01\/IMG-20180119-WA0088.jpg 1032w\" sizes=\"auto, (max-width: 630px) 100vw, 630px\" \/><figcaption id=\"caption-attachment-71686\" class=\"wp-caption-text\">Accidente fatal<\/figcaption><\/figure>\n<p>En v\u00edas del ferrocarril Sarmiento y avenida 1, por causas que son materia de investigaci\u00f3n, una formaci\u00f3n arroll\u00f3 a una persona. Las primeras informaciones dan cuenta de que ser\u00eda un masculino mayor de edad. La calle se encuentra cortada por la actuaci\u00f3n de los peritos y polic\u00edas.<\/p>\n","protected":false},"excerpt":{"rendered":"<p>En v\u00edas del ferrocarril Sarmiento y avenida 1, por causas que son materia de investigaci\u00f3n, una formaci\u00f3n arroll\u00f3 a una &#8230; <a title=\"Accidente fatal en FFCC Sarmiento en cruce Av. 1\" class=\"read-more\" href=\"https:\/\/www.hoymercedes.com.ar\/principal\/2018\/01\/19\/accidente-fatal-en-ffrr-sarmiento-en-cruce-av-1\/\" aria-label=\"Leer m\u00e1s sobre Accidente fatal en FFCC Sarmiento en cruce Av. 1\">Leer m\u00e1s<\/a><\/p>\n","protected":false},"author":1,"featured_media":71686,"comment_status":"closed","ping_status":"open","sticky":false,"template":"","format":"standard","meta":{"_monsterinsights_skip_tracking":false,"_monsterinsights_sitenote_active":false,"_monsterinsights_sitenote_note":"","_monsterinsights_sitenote_category":0,"jetpack_post_was_ever_published":false,"_jetpack_newsletter_access":"","_jetpack_dont_email_post_to_subs":false,"_jetpack_newsletter_tier_id":0,"_jetpack_memberships_contains_paywalled_content":false,"_jetpack_memberships_contains_paid_content":false,"footnotes":"","jetpack_publicize_message":"","jetpack_publicize_feature_enabled":true,"jetpack_social_post_already_shared":true,"jetpack_social_options":{"image_generator_settings":{"template":"highway","default_image_id":0,"font":"","enabled":false},"version":2},"_wpas_customize_per_network":false},"categories":[85],"tags":[12545,96,12353],"class_list":["post-71685","post","type-post","status-publish","format-standard","has-post-thumbnail","hentry","category-policial","tag-ferrocarril-sarmiento","tag-policial-2","tag-tren","generate-columns","tablet-grid-50","mobile-grid-100","grid-parent","grid-50"],"jetpack_publicize_connections":[],"jetpack_featured_media_url":"https:\/\/www.hoymercedes.com.ar\/principal\/wp-content\/uploads\/2018\/01\/IMG-20180119-WA0088.jpg","wps_subtitle":"En la noche del viernes","jetpack_sharing_enabled":true,"_links":{"self":[{"href":"https:\/\/www.hoymercedes.com.ar\/principal\/wp-json\/wp\/v2\/posts\/71685","targetHints":{"allow":["GET"]}}],"collection":[{"href":"https:\/\/www.hoymercedes.com.ar\/principal\/wp-json\/wp\/v2\/posts"}],"about":[{"href":"https:\/\/www.hoymercedes.com.ar\/principal\/wp-json\/wp\/v2\/types\/post"}],"author":[{"embeddable":true,"href":"https:\/\/www.hoymercedes.com.ar\/principal\/wp-json\/wp\/v2\/users\/1"}],"replies":[{"embeddable":true,"href":"https:\/\/www.hoymercedes.com.ar\/principal\/wp-json\/wp\/v2\/comments?post=71685"}],"version-history":[{"count":0,"href":"https:\/\/www.hoymercedes.com.ar\/principal\/wp-json\/wp\/v2\/posts\/71685\/revisions"}],"wp:featuredmedia":[{"embeddable":true,"href":"https:\/\/www.hoymercedes.com.ar\/principal\/wp-json\/wp\/v2\/media\/71686"}],"wp:attachment":[{"href":"https:\/\/www.hoymercedes.com.ar\/principal\/wp-json\/wp\/v2\/media?parent=71685"}],"wp:term":[{"taxonomy":"category","embeddable":true,"href":"https:\/\/www.hoymercedes.com.ar\/principal\/wp-json\/wp\/v2\/categories?post=71685"},{"taxonomy":"post_tag","embeddable":true,"href":"https:\/\/www.hoymercedes.com.ar\/principal\/wp-json\/wp\/v2\/tags?post=71685"}],"curies":[{"name":"wp","href":"https:\/\/api.w.org\/{rel}","templated":true}]}}