{"id":71715,"date":"2018-01-21T21:25:02","date_gmt":"2018-01-22T00:25:02","guid":{"rendered":"http:\/\/www.hoymercedes.com.ar\/principal\/?p=71715"},"modified":"2018-01-22T09:29:07","modified_gmt":"2018-01-22T12:29:07","slug":"velez-2-san-martin-2-los-hijos-le-dieron-alegrias-a-sus-padres-en-el-debut","status":"publish","type":"post","link":"https:\/\/www.hoymercedes.com.ar\/principal\/2018\/01\/21\/velez-2-san-martin-2-los-hijos-le-dieron-alegrias-a-sus-padres-en-el-debut\/","title":{"rendered":"V\u00e9lez 2 &#8211; San Mart\u00edn 2: Los hijos le dieron alegr\u00edas a sus padres en el debut"},"content":{"rendered":"<p><strong>Foto: Facebook Club Atl\u00e9tico San Mart\u00edn.<\/strong><em><strong> Comenz\u00f3 el f\u00fatbol para la ciudad de Mercedes y el puntapi\u00e9 inicial lo dieron V\u00e9lez y AMEFIP &#8211; Barrio San Mart\u00edn en un partido que comenz\u00f3 35 minutos m\u00e1s tarde debido a que la Federaci\u00f3n Norte no design\u00f3 terna arbitral y el inconveniente lo tuvo que solucionar la Liga Mercedina. Por la Zona E, los equipos mercedinos finalizaron 2 a 2, con goles de los hijos de los DT: Facundo Ballesteros los dos de V\u00e9lez y Marcos Camargo los de San Mart\u00edn.\u00a0<\/strong><\/em><\/p>\n<p><img loading=\"lazy\" decoding=\"async\" data-attachment-id=\"71716\" data-permalink=\"https:\/\/www.hoymercedes.com.ar\/principal\/2018\/01\/21\/velez-2-san-martin-2-los-hijos-le-dieron-alegrias-a-sus-padres-en-el-debut\/amefip-san-martin-debut-federacion-norte\/#main\" data-orig-file=\"https:\/\/www.hoymercedes.com.ar\/principal\/wp-content\/uploads\/2018\/01\/AMEFIP-San-Martin-Debut-Federacion-Norte.jpg\" data-orig-size=\"960,720\" data-comments-opened=\"0\" data-image-meta=\"{&quot;aperture&quot;:&quot;0&quot;,&quot;credit&quot;:&quot;&quot;,&quot;camera&quot;:&quot;&quot;,&quot;caption&quot;:&quot;&quot;,&quot;created_timestamp&quot;:&quot;0&quot;,&quot;copyright&quot;:&quot;&quot;,&quot;focal_length&quot;:&quot;0&quot;,&quot;iso&quot;:&quot;0&quot;,&quot;shutter_speed&quot;:&quot;0&quot;,&quot;title&quot;:&quot;&quot;,&quot;orientation&quot;:&quot;0&quot;}\" data-image-title=\"AMEFIP San Martin Debut Federacion Norte\" data-image-description=\"\" data-image-caption=\"\" data-large-file=\"https:\/\/www.hoymercedes.com.ar\/principal\/wp-content\/uploads\/2018\/01\/AMEFIP-San-Martin-Debut-Federacion-Norte.jpg\" class=\"aligncenter size-medium wp-image-71716\" src=\"https:\/\/www.hoymercedes.com.ar\/principal\/wp-content\/uploads\/2018\/01\/AMEFIP-San-Martin-Debut-Federacion-Norte-630x473.jpg\" alt=\"\" width=\"630\" height=\"473\" srcset=\"https:\/\/www.hoymercedes.com.ar\/principal\/wp-content\/uploads\/2018\/01\/AMEFIP-San-Martin-Debut-Federacion-Norte-630x473.jpg 630w, https:\/\/www.hoymercedes.com.ar\/principal\/wp-content\/uploads\/2018\/01\/AMEFIP-San-Martin-Debut-Federacion-Norte-150x113.jpg 150w, https:\/\/www.hoymercedes.com.ar\/principal\/wp-content\/uploads\/2018\/01\/AMEFIP-San-Martin-Debut-Federacion-Norte.jpg 960w\" sizes=\"auto, (max-width: 630px) 100vw, 630px\" \/><\/p>\n<p>Fue un partido t\u00edpico de inicio de temporada, donde los dos clubes, que no tuvieron una gran cantidad de amistosos previos, tuvieron varios errores normales para ser el primer partido del a\u00f1o en un encuentro que no tuvo muchas situaciones de peligro pero, las que hubo, o terminaron adentro del arco o fuero demasiado riesgosas.<\/p>\n<p>Comenz\u00f3 V\u00e9lez dominando la mitad de la cancha pero sin tener profundidad, mientras que el v\u00e9rtigo que propon\u00eda el equipo de Jorge Camargo y Marcelo Rementer\u00eda y fue AMEFIP el que tuvo la primera situaci\u00f3n de peligro que no se lleg\u00f3 a concretar. El primer gol lleg\u00f3 a los 17 minutos del primer tiempo a trav\u00e9s de Marcos Camargo. A partir de ahi, Barrio San Mart\u00edn dej\u00f3 de tener predominio en el juego y V\u00e9lez comenz\u00f3 a dominar la pelota, sin embargo no ten\u00eda profundidad, hasta que a los 38 minutos fue Facundo Ballesteros el que consigui\u00f3 el empate.<\/p>\n<p>En el segundo tiempo, Marcos Camargo en una contra consigui\u00f3 a los 11 minutos el 2 a 1 y V\u00e9lez otra vez fue a la carga, pero, como en el inicio, sin ideas de juego como para lastimar. Luego, Nicol\u00e1s Montenegro vio dos veces seguida la amarilla. Primero por protestar y segundo por tirar la pelota. Mihura lo amonest\u00f3 en ambas situaciones y se fue expulsado. Con esto, los cambios de \u00abMam\u00f3n\u00bb Ballesteros fueron en busca del empate y este lleg\u00f3 a los 46 minutos, cuando la pelota qued\u00f3 boyando en el \u00e1rea y su hijo Facundo volvi\u00f3 a rematar en forma violenta para poner el empate con el que morir\u00eda el partido.<\/p>\n<p>El otro encuentro que debi\u00f3 jugarse, entre Argentino y Rivadavia de Chacabuco debi\u00f3 jugarse tambi\u00e9n este s\u00e1bado, pero un inconveniente en la entrega de la lista de buena fe de Argentino hizo que el encuentro quede postergado. Entre lunes y martes la Federaci\u00f3n Norte resolver\u00e1 si el rival de Quilmes en 2016 puede jugar el torneo o no.<\/p>\n<p><strong>S\u00edntesis<\/strong><\/p>\n<p><strong>V\u00e9lez 2:<\/strong> Daniel Buzzi, Lucas Alfonso, Jorge Lizarraga, Franco L\u00f3pez, Dami\u00e1n Quiroga; Mart\u00edn Dom\u00e9, Franco Vivas, Juan G\u00f3mez, Luis Giacoy, Juan Ram\u00edrez y Facundo Ballesteros. <strong>DT:<\/strong> Ernesto Ballesteros. <strong>Relevos:<\/strong> Kevin L\u00e9rtora, \u00c1lvaro D\u00edaz, Maxi Dorado.<\/p>\n<p><strong>AMEFIP &#8211; Barrio San Mart\u00edn 2:<\/strong> Tom\u00e1s Borrasca, Cristian Santana, Mat\u00edas Ag\u00fcero, Jonatan Torre, Juan Quiroga, Sergio Bartolomeo, Mauro Sigona, Nicol\u00e1s Montenegro, \u00c1ngel Calder\u00f3n, Axel Reyne y Marcos Camargo. <strong>DT:<\/strong> Marcelo Rementer\u00eda &#8211; Jorge Camargo. <strong>Relevos:<\/strong> Jorge Bartolomeo, Gabriel Maldonado, Franco Mart\u00ednez, Federico Del Biando.<\/p>\n<p><strong>Goles en el PT:<\/strong> 17\u00b4 Marcos Camargo para AMEFIP y 38\u00b4 Facundo Ballesteros para V\u00e9lez.<\/p>\n<p><strong>Goles en el ST:<\/strong> 11\u00b4 Marcos Camargo para AMEFIP y 46\u00b4 Facundo Ballesteros para V\u00e9lez.<\/p>\n<p><strong>Cambios:<\/strong> Dante D\u00edaz por G\u00f3mez, Miguel Maldonado por Giacoy y Federico Amaya por Vivas en V\u00e9lez. Germ\u00e1n Lucero por Calder\u00f3n, Ra\u00fal Quintana por Reyne y Nicol\u00e1s Santana por Cristian Santana.<\/p>\n<p><strong>Amonestados:<\/strong> Germ\u00e1n Lucero en AMEFIP<\/p>\n<p><strong>Expulsado:<\/strong> Nicol\u00e1s Montenegro en AMEFIP por doble amarilla.<\/p>\n<p><strong>\u00c1rbitro:<\/strong> Javier Mihura (h). Asistentes: Carlos Pocaressi y Gustavo Pedraza.<\/p>\n","protected":false},"excerpt":{"rendered":"<p>Foto: Facebook Club Atl\u00e9tico San Mart\u00edn. Comenz\u00f3 el f\u00fatbol para la ciudad de Mercedes y el puntapi\u00e9 inicial lo dieron &#8230; <a title=\"V\u00e9lez 2 &#8211; San Mart\u00edn 2: Los hijos le dieron alegr\u00edas a sus padres en el debut\" class=\"read-more\" href=\"https:\/\/www.hoymercedes.com.ar\/principal\/2018\/01\/21\/velez-2-san-martin-2-los-hijos-le-dieron-alegrias-a-sus-padres-en-el-debut\/\" aria-label=\"Leer m\u00e1s sobre V\u00e9lez 2 &#8211; San Mart\u00edn 2: Los hijos le dieron alegr\u00edas a sus padres en el debut\">Leer m\u00e1s<\/a><\/p>\n","protected":false},"author":1,"featured_media":71716,"comment_status":"closed","ping_status":"open","sticky":false,"template":"","format":"standard","meta":{"_monsterinsights_skip_tracking":false,"_monsterinsights_sitenote_active":false,"_monsterinsights_sitenote_note":"","_monsterinsights_sitenote_category":0,"jetpack_post_was_ever_published":false,"_jetpack_newsletter_access":"","_jetpack_dont_email_post_to_subs":false,"_jetpack_newsletter_tier_id":0,"_jetpack_memberships_contains_paywalled_content":false,"_jetpack_memberships_contains_paid_content":false,"footnotes":"","jetpack_publicize_message":"","jetpack_publicize_feature_enabled":true,"jetpack_social_post_already_shared":true,"jetpack_social_options":{"image_generator_settings":{"template":"highway","default_image_id":0,"font":"","enabled":false},"version":2},"_wpas_customize_per_network":false},"categories":[21],"tags":[204,8426,1003,12547,1499,445],"class_list":["post-71715","post","type-post","status-publish","format-standard","has-post-thumbnail","hentry","category-deportes","tag-deportes-2","tag-federacion-norte","tag-futbol","tag-resultado","tag-san-martin","tag-velez","generate-columns","tablet-grid-50","mobile-grid-100","grid-parent","grid-50"],"jetpack_publicize_connections":[],"jetpack_featured_media_url":"https:\/\/www.hoymercedes.com.ar\/principal\/wp-content\/uploads\/2018\/01\/AMEFIP-San-Martin-Debut-Federacion-Norte.jpg","wps_subtitle":"Federaci\u00f3n Norte","jetpack_sharing_enabled":true,"_links":{"self":[{"href":"https:\/\/www.hoymercedes.com.ar\/principal\/wp-json\/wp\/v2\/posts\/71715","targetHints":{"allow":["GET"]}}],"collection":[{"href":"https:\/\/www.hoymercedes.com.ar\/principal\/wp-json\/wp\/v2\/posts"}],"about":[{"href":"https:\/\/www.hoymercedes.com.ar\/principal\/wp-json\/wp\/v2\/types\/post"}],"author":[{"embeddable":true,"href":"https:\/\/www.hoymercedes.com.ar\/principal\/wp-json\/wp\/v2\/users\/1"}],"replies":[{"embeddable":true,"href":"https:\/\/www.hoymercedes.com.ar\/principal\/wp-json\/wp\/v2\/comments?post=71715"}],"version-history":[{"count":0,"href":"https:\/\/www.hoymercedes.com.ar\/principal\/wp-json\/wp\/v2\/posts\/71715\/revisions"}],"wp:featuredmedia":[{"embeddable":true,"href":"https:\/\/www.hoymercedes.com.ar\/principal\/wp-json\/wp\/v2\/media\/71716"}],"wp:attachment":[{"href":"https:\/\/www.hoymercedes.com.ar\/principal\/wp-json\/wp\/v2\/media?parent=71715"}],"wp:term":[{"taxonomy":"category","embeddable":true,"href":"https:\/\/www.hoymercedes.com.ar\/principal\/wp-json\/wp\/v2\/categories?post=71715"},{"taxonomy":"post_tag","embeddable":true,"href":"https:\/\/www.hoymercedes.com.ar\/principal\/wp-json\/wp\/v2\/tags?post=71715"}],"curies":[{"name":"wp","href":"https:\/\/api.w.org\/{rel}","templated":true}]}}