{"id":71737,"date":"2018-01-23T08:56:31","date_gmt":"2018-01-23T11:56:31","guid":{"rendered":"http:\/\/www.hoymercedes.com.ar\/principal\/?p=71737"},"modified":"2018-01-22T19:17:54","modified_gmt":"2018-01-22T22:17:54","slug":"quedo-inaugurada-la-obra-de-remodelacion-de-la-pileta-del-unzue","status":"publish","type":"post","link":"https:\/\/www.hoymercedes.com.ar\/principal\/2018\/01\/23\/quedo-inaugurada-la-obra-de-remodelacion-de-la-pileta-del-unzue\/","title":{"rendered":"Qued\u00f3 inaugurada la obra de remodelaci\u00f3n de la pileta del Unzu\u00e9"},"content":{"rendered":"<p>La Municipalidad de Mercedes dej\u00f3 inaugurada\u00a0 la colonia de vacaciones en el Instituto Unzu\u00e9. Para lograr esto se invirti\u00f3 en la refacci\u00f3n de pileta del instituto de menores, acondicionando tambi\u00e9n las instalaciones aleda\u00f1as.<\/p>\n<p><img loading=\"lazy\" decoding=\"async\" data-attachment-id=\"71740\" data-permalink=\"https:\/\/www.hoymercedes.com.ar\/principal\/2018\/01\/23\/quedo-inaugurada-la-obra-de-remodelacion-de-la-pileta-del-unzue\/23-pileta-1\/#main\" data-orig-file=\"https:\/\/www.hoymercedes.com.ar\/principal\/wp-content\/uploads\/2018\/01\/23-pileta-1.jpg\" data-orig-size=\"750,501\" data-comments-opened=\"0\" data-image-meta=\"{&quot;aperture&quot;:&quot;0&quot;,&quot;credit&quot;:&quot;&quot;,&quot;camera&quot;:&quot;&quot;,&quot;caption&quot;:&quot;&quot;,&quot;created_timestamp&quot;:&quot;0&quot;,&quot;copyright&quot;:&quot;&quot;,&quot;focal_length&quot;:&quot;0&quot;,&quot;iso&quot;:&quot;0&quot;,&quot;shutter_speed&quot;:&quot;0&quot;,&quot;title&quot;:&quot;&quot;,&quot;orientation&quot;:&quot;0&quot;}\" data-image-title=\"23 pileta 1\" data-image-description=\"\" data-image-caption=\"\" data-large-file=\"https:\/\/www.hoymercedes.com.ar\/principal\/wp-content\/uploads\/2018\/01\/23-pileta-1.jpg\" class=\"aligncenter size-medium wp-image-71740\" src=\"https:\/\/www.hoymercedes.com.ar\/principal\/wp-content\/uploads\/2018\/01\/23-pileta-1-630x421.jpg\" alt=\"\" width=\"630\" height=\"421\" srcset=\"https:\/\/www.hoymercedes.com.ar\/principal\/wp-content\/uploads\/2018\/01\/23-pileta-1-630x421.jpg 630w, https:\/\/www.hoymercedes.com.ar\/principal\/wp-content\/uploads\/2018\/01\/23-pileta-1-150x100.jpg 150w, https:\/\/www.hoymercedes.com.ar\/principal\/wp-content\/uploads\/2018\/01\/23-pileta-1.jpg 750w\" sizes=\"auto, (max-width: 630px) 100vw, 630px\" \/><\/p>\n<p>El intendente de Mercedes, Juan Ignacio Ustarroz dijo \u201cse respira en el ambiente un clima de mucha felicidad, de alegr\u00eda y un inmenso amor por haber logrado un objetivo muy importante, que es recuperar una pileta para poder ponerla al servicio de los ni\u00f1os\u201d y a\u00f1adi\u00f3 \u201cesto lo hemos hecho entre todos porque, como siempre decimos, a nuestra ciudad la hacemos entre todos, y eso para nosotros es una realidad\u201d.<\/p>\n<p>Hay que mencionar que la pileta del ex instituto Unzu\u00e9 hab\u00eda quedado totalmente inutilizable debido a las inundaciones que se dieron en el lugar y, \u00a0gracias a la iniciativa del Municipio de Mercedes y a una r\u00e1pida puesta en marcha, se pudo recuperar y poner en funcionamiento para el disfrute de todos los chicos de nuestra comunidad.\u00a0 Y se\u00f1al\u00f3 \u201cesta pileta va a ser para los chicos de diferentes barrios, para los hijos de los trabajadores, para quienes concurran al club, en fin, para todos los mercedinos\u201d.<\/p>\n<p><img loading=\"lazy\" decoding=\"async\" data-attachment-id=\"71741\" data-permalink=\"https:\/\/www.hoymercedes.com.ar\/principal\/2018\/01\/23\/quedo-inaugurada-la-obra-de-remodelacion-de-la-pileta-del-unzue\/23-pileta-2\/#main\" data-orig-file=\"https:\/\/www.hoymercedes.com.ar\/principal\/wp-content\/uploads\/2018\/01\/23-pileta-2.jpg\" data-orig-size=\"750,501\" data-comments-opened=\"0\" data-image-meta=\"{&quot;aperture&quot;:&quot;0&quot;,&quot;credit&quot;:&quot;&quot;,&quot;camera&quot;:&quot;&quot;,&quot;caption&quot;:&quot;&quot;,&quot;created_timestamp&quot;:&quot;0&quot;,&quot;copyright&quot;:&quot;&quot;,&quot;focal_length&quot;:&quot;0&quot;,&quot;iso&quot;:&quot;0&quot;,&quot;shutter_speed&quot;:&quot;0&quot;,&quot;title&quot;:&quot;&quot;,&quot;orientation&quot;:&quot;0&quot;}\" data-image-title=\"23 pileta 2\" data-image-description=\"\" data-image-caption=\"\" data-large-file=\"https:\/\/www.hoymercedes.com.ar\/principal\/wp-content\/uploads\/2018\/01\/23-pileta-2.jpg\" class=\"aligncenter size-medium wp-image-71741\" src=\"https:\/\/www.hoymercedes.com.ar\/principal\/wp-content\/uploads\/2018\/01\/23-pileta-2-630x421.jpg\" alt=\"\" width=\"630\" height=\"421\" srcset=\"https:\/\/www.hoymercedes.com.ar\/principal\/wp-content\/uploads\/2018\/01\/23-pileta-2-630x421.jpg 630w, https:\/\/www.hoymercedes.com.ar\/principal\/wp-content\/uploads\/2018\/01\/23-pileta-2-150x100.jpg 150w, https:\/\/www.hoymercedes.com.ar\/principal\/wp-content\/uploads\/2018\/01\/23-pileta-2.jpg 750w\" sizes=\"auto, (max-width: 630px) 100vw, 630px\" \/><\/p>\n<p>Por otro lado afirm\u00f3 \u201cdesde el Municipio pensamos que hay que darle lo mejor a los chicos, y lo mejor son hechos, no son ficciones, no son promesas y\u00a0 hoy tenemos esta realidad en nuestra ciudad, en contraposici\u00f3n a la otra pileta, a la de los 39 millones de pesos\u201d y agreg\u00f3 \u201cesta pileta cost\u00f3 427 mil pesos que se invirtieron para la felicidad de nuestro pueblo, para la felicidad de nuestros ni\u00f1os\u201d.<\/p>\n<p>Adem\u00e1s, Ustarroz pidi\u00f3 un fuerte aplauso para todos los trabajadores \u201cpor este objetivo conseguido\u201d.\u00a0Al finalizar el intendente se\u00f1al\u00f3 \u201ctenemos una alegr\u00eda muy grande y esto nos da fuerzas para seguir trabajando e invitar a toda la comunidad mercedina a ponernos hombro a hombro para seguir avanzando por el camino del deporte, la salud, del desarrollo social, del empleo y del trabajo\u201d y agrego \u201cen nuestra ciudad los privilegiados son los ni\u00f1os, felicitaciones a todos y a seguir trabajando por m\u00e1s derechos y alegr\u00eda para nuestro pueblo\u201d.<\/p>\n<p>&nbsp;<\/p>\n<p>Fuente: Prensa Municipal<\/p>\n","protected":false},"excerpt":{"rendered":"<p>La Municipalidad de Mercedes dej\u00f3 inaugurada\u00a0 la colonia de vacaciones en el Instituto Unzu\u00e9. Para lograr esto se invirti\u00f3 en &#8230; <a title=\"Qued\u00f3 inaugurada la obra de remodelaci\u00f3n de la pileta del Unzu\u00e9\" class=\"read-more\" href=\"https:\/\/www.hoymercedes.com.ar\/principal\/2018\/01\/23\/quedo-inaugurada-la-obra-de-remodelacion-de-la-pileta-del-unzue\/\" aria-label=\"Leer m\u00e1s sobre Qued\u00f3 inaugurada la obra de remodelaci\u00f3n de la pileta del Unzu\u00e9\">Leer m\u00e1s<\/a><\/p>\n","protected":false},"author":1,"featured_media":71740,"comment_status":"closed","ping_status":"open","sticky":false,"template":"","format":"standard","meta":{"_monsterinsights_skip_tracking":false,"_monsterinsights_sitenote_active":false,"_monsterinsights_sitenote_note":"","_monsterinsights_sitenote_category":0,"jetpack_post_was_ever_published":false,"_jetpack_newsletter_access":"","_jetpack_dont_email_post_to_subs":false,"_jetpack_newsletter_tier_id":0,"_jetpack_memberships_contains_paywalled_content":false,"_jetpack_memberships_contains_paid_content":false,"footnotes":"","jetpack_publicize_message":"","jetpack_publicize_feature_enabled":true,"jetpack_social_post_already_shared":true,"jetpack_social_options":{"image_generator_settings":{"template":"highway","default_image_id":0,"font":"","enabled":false},"version":2},"_wpas_customize_per_network":false},"categories":[30],"tags":[8456,1077,244,4510],"class_list":["post-71737","post","type-post","status-publish","format-standard","has-post-thumbnail","hentry","category-municipio","tag-colonia-de-vacaciones","tag-instituto-unzue","tag-municipio-2","tag-pileta","generate-columns","tablet-grid-50","mobile-grid-100","grid-parent","grid-50"],"jetpack_publicize_connections":[],"jetpack_featured_media_url":"https:\/\/www.hoymercedes.com.ar\/principal\/wp-content\/uploads\/2018\/01\/23-pileta-1.jpg","wps_subtitle":"Abrieron la Colonia de Vacaciones","jetpack_sharing_enabled":true,"_links":{"self":[{"href":"https:\/\/www.hoymercedes.com.ar\/principal\/wp-json\/wp\/v2\/posts\/71737","targetHints":{"allow":["GET"]}}],"collection":[{"href":"https:\/\/www.hoymercedes.com.ar\/principal\/wp-json\/wp\/v2\/posts"}],"about":[{"href":"https:\/\/www.hoymercedes.com.ar\/principal\/wp-json\/wp\/v2\/types\/post"}],"author":[{"embeddable":true,"href":"https:\/\/www.hoymercedes.com.ar\/principal\/wp-json\/wp\/v2\/users\/1"}],"replies":[{"embeddable":true,"href":"https:\/\/www.hoymercedes.com.ar\/principal\/wp-json\/wp\/v2\/comments?post=71737"}],"version-history":[{"count":0,"href":"https:\/\/www.hoymercedes.com.ar\/principal\/wp-json\/wp\/v2\/posts\/71737\/revisions"}],"wp:featuredmedia":[{"embeddable":true,"href":"https:\/\/www.hoymercedes.com.ar\/principal\/wp-json\/wp\/v2\/media\/71740"}],"wp:attachment":[{"href":"https:\/\/www.hoymercedes.com.ar\/principal\/wp-json\/wp\/v2\/media?parent=71737"}],"wp:term":[{"taxonomy":"category","embeddable":true,"href":"https:\/\/www.hoymercedes.com.ar\/principal\/wp-json\/wp\/v2\/categories?post=71737"},{"taxonomy":"post_tag","embeddable":true,"href":"https:\/\/www.hoymercedes.com.ar\/principal\/wp-json\/wp\/v2\/tags?post=71737"}],"curies":[{"name":"wp","href":"https:\/\/api.w.org\/{rel}","templated":true}]}}