{"id":71743,"date":"2018-01-23T11:00:00","date_gmt":"2018-01-23T14:00:00","guid":{"rendered":"http:\/\/www.hoymercedes.com.ar\/principal\/?p=71743"},"modified":"2018-01-23T10:33:58","modified_gmt":"2018-01-23T13:33:58","slug":"comunicaciones-y-velez-cerca-de-tener-su-cancha-para-ser-locales-en-primera","status":"publish","type":"post","link":"https:\/\/www.hoymercedes.com.ar\/principal\/2018\/01\/23\/comunicaciones-y-velez-cerca-de-tener-su-cancha-para-ser-locales-en-primera\/","title":{"rendered":"Comunicaciones y V\u00e9lez, cerca de tener su cancha para ser locales en Primera"},"content":{"rendered":"<p><strong><em>El estadio de la Liga Mercedina es el \u00fanico habilitado, hasta el momento, para que se disputen partidos oficiales de Primera Divisi\u00f3n y con el tiempo esto pas\u00f3 a ser un gran problema para la organizaci\u00f3n del torneo ya que la cantidad de clubes aument\u00f3 demasiado en los \u00faltimos a\u00f1os y con ello, la cantidad de partidos, haciendo obligatorio en la temporada pasada tener que jugar hasta seis partidos por fin de semana.<\/em><\/strong><\/p>\n<figure id=\"attachment_71744\" aria-describedby=\"caption-attachment-71744\" style=\"width: 542px\" class=\"wp-caption aligncenter\"><img loading=\"lazy\" decoding=\"async\" data-attachment-id=\"71744\" data-permalink=\"https:\/\/www.hoymercedes.com.ar\/principal\/2018\/01\/23\/comunicaciones-y-velez-cerca-de-tener-su-cancha-para-ser-locales-en-primera\/julio-torres-y-jose-alfonso\/#main\" data-orig-file=\"https:\/\/www.hoymercedes.com.ar\/principal\/wp-content\/uploads\/2018\/01\/Julio-Torres-y-Jose-Alfonso.jpg\" data-orig-size=\"552,265\" data-comments-opened=\"0\" data-image-meta=\"{&quot;aperture&quot;:&quot;0&quot;,&quot;credit&quot;:&quot;&quot;,&quot;camera&quot;:&quot;&quot;,&quot;caption&quot;:&quot;&quot;,&quot;created_timestamp&quot;:&quot;0&quot;,&quot;copyright&quot;:&quot;&quot;,&quot;focal_length&quot;:&quot;0&quot;,&quot;iso&quot;:&quot;0&quot;,&quot;shutter_speed&quot;:&quot;0&quot;,&quot;title&quot;:&quot;&quot;,&quot;orientation&quot;:&quot;1&quot;}\" data-image-title=\"Julio Torres y Jose Alfonso\" data-image-description=\"\" data-image-caption=\"\" data-large-file=\"https:\/\/www.hoymercedes.com.ar\/principal\/wp-content\/uploads\/2018\/01\/Julio-Torres-y-Jose-Alfonso.jpg\" class=\"wp-image-71744 size-full\" src=\"https:\/\/www.hoymercedes.com.ar\/principal\/wp-content\/uploads\/2018\/01\/Julio-Torres-y-Jose-Alfonso.jpg\" alt=\"\" width=\"552\" height=\"265\" srcset=\"https:\/\/www.hoymercedes.com.ar\/principal\/wp-content\/uploads\/2018\/01\/Julio-Torres-y-Jose-Alfonso.jpg 552w, https:\/\/www.hoymercedes.com.ar\/principal\/wp-content\/uploads\/2018\/01\/Julio-Torres-y-Jose-Alfonso-150x72.jpg 150w\" sizes=\"auto, (max-width: 552px) 100vw, 552px\" \/><figcaption id=\"caption-attachment-71744\" class=\"wp-caption-text\">Julio Torres, DT de Comunicaciones y Jos\u00e9 Alfonso, presidente de V\u00e9lez.<\/figcaption><\/figure>\n<p>Con esto, surgi\u00f3 como tema emergente la chance de que algunas instituciones pusieran manos a la obra para la construcci\u00f3n de sus propias canchas para poder ser locales. Algo necesario a la hora de sumar arraigo de los barrios en los partidos de Primera Divisi\u00f3n.<\/p>\n<p>Con mucha ayuda de la Municipalidad, los clubes fueron creciendo en este tema y Comunicaciones logr\u00f3 el a\u00f1o pasado tener su propia cancha para jugar con el equipo de Reserva y ahora sigue trabajando para conseguir la habilitaci\u00f3n para ser local con Primera Divisi\u00f3n. En el caso de V\u00e9lez, desde el a\u00f1o pasado tambi\u00e9n se empez\u00f3 a trabajar fuerte para lograrlo y su presidente Jos\u00e9 Alfonso estima que en los pr\u00f3ximos meses este sue\u00f1o se podr\u00e1 hacer realidad, ya que la idea es debutar el 3 de marzo en cancha propia.<\/p>\n<p>En di\u00e1logo con FM La Tribuna, el presidente de la Liga Mercedina, Esteban Marcelo, coment\u00f3 que estuvo en m\u00e1s de una oportunidad presente el APREVIDE a trav\u00e9s de su Secretario Ejecutivo, Gustavo Guerra, quien se\u00f1al\u00f3 los trabajos a realizar en cada uno de los predios para poder conseguir la habilitaci\u00f3n deseada.<\/p>\n<p>Por tanto, de continuar los avances de esta manera, la temporada 2018 contar\u00e1 con tres escenarios para que el f\u00fatbol de Primera se pueda disputar sin inconvenientes en la ciudad de Mercedes, ya que cuando el clima apremia, el calendario se aprieta demasiado y la falta de canchas hace que el torneo se retrase m\u00e1s de lo debido, adem\u00e1s de que el piso de la Liga Mercedina tendr\u00e1 m\u00e1s descanso y no quedar\u00e1 tan arruinado como ocurri\u00f3 en la temporada pasada.<\/p>\n","protected":false},"excerpt":{"rendered":"<p>El estadio de la Liga Mercedina es el \u00fanico habilitado, hasta el momento, para que se disputen partidos oficiales de &#8230; <a title=\"Comunicaciones y V\u00e9lez, cerca de tener su cancha para ser locales en Primera\" class=\"read-more\" href=\"https:\/\/www.hoymercedes.com.ar\/principal\/2018\/01\/23\/comunicaciones-y-velez-cerca-de-tener-su-cancha-para-ser-locales-en-primera\/\" aria-label=\"Leer m\u00e1s sobre Comunicaciones y V\u00e9lez, cerca de tener su cancha para ser locales en Primera\">Leer m\u00e1s<\/a><\/p>\n","protected":false},"author":1,"featured_media":71744,"comment_status":"closed","ping_status":"open","sticky":false,"template":"","format":"standard","meta":{"_monsterinsights_skip_tracking":false,"_monsterinsights_sitenote_active":false,"_monsterinsights_sitenote_note":"","_monsterinsights_sitenote_category":0,"jetpack_post_was_ever_published":false,"_jetpack_newsletter_access":"","_jetpack_dont_email_post_to_subs":false,"_jetpack_newsletter_tier_id":0,"_jetpack_memberships_contains_paywalled_content":false,"_jetpack_memberships_contains_paid_content":false,"footnotes":"","jetpack_publicize_message":"","jetpack_publicize_feature_enabled":true,"jetpack_social_post_already_shared":true,"jetpack_social_options":{"image_generator_settings":{"template":"highway","default_image_id":0,"font":"","enabled":false},"version":2},"_wpas_customize_per_network":false},"categories":[21],"tags":[2253,204,1003,1901,445],"class_list":["post-71743","post","type-post","status-publish","format-standard","has-post-thumbnail","hentry","category-deportes","tag-comunicaciones","tag-deportes-2","tag-futbol","tag-liga-mercedina","tag-velez","generate-columns","tablet-grid-50","mobile-grid-100","grid-parent","grid-50"],"jetpack_publicize_connections":[],"jetpack_featured_media_url":"https:\/\/www.hoymercedes.com.ar\/principal\/wp-content\/uploads\/2018\/01\/Julio-Torres-y-Jose-Alfonso.jpg","wps_subtitle":"Liga Mercedina","jetpack_sharing_enabled":true,"_links":{"self":[{"href":"https:\/\/www.hoymercedes.com.ar\/principal\/wp-json\/wp\/v2\/posts\/71743","targetHints":{"allow":["GET"]}}],"collection":[{"href":"https:\/\/www.hoymercedes.com.ar\/principal\/wp-json\/wp\/v2\/posts"}],"about":[{"href":"https:\/\/www.hoymercedes.com.ar\/principal\/wp-json\/wp\/v2\/types\/post"}],"author":[{"embeddable":true,"href":"https:\/\/www.hoymercedes.com.ar\/principal\/wp-json\/wp\/v2\/users\/1"}],"replies":[{"embeddable":true,"href":"https:\/\/www.hoymercedes.com.ar\/principal\/wp-json\/wp\/v2\/comments?post=71743"}],"version-history":[{"count":0,"href":"https:\/\/www.hoymercedes.com.ar\/principal\/wp-json\/wp\/v2\/posts\/71743\/revisions"}],"wp:featuredmedia":[{"embeddable":true,"href":"https:\/\/www.hoymercedes.com.ar\/principal\/wp-json\/wp\/v2\/media\/71744"}],"wp:attachment":[{"href":"https:\/\/www.hoymercedes.com.ar\/principal\/wp-json\/wp\/v2\/media?parent=71743"}],"wp:term":[{"taxonomy":"category","embeddable":true,"href":"https:\/\/www.hoymercedes.com.ar\/principal\/wp-json\/wp\/v2\/categories?post=71743"},{"taxonomy":"post_tag","embeddable":true,"href":"https:\/\/www.hoymercedes.com.ar\/principal\/wp-json\/wp\/v2\/tags?post=71743"}],"curies":[{"name":"wp","href":"https:\/\/api.w.org\/{rel}","templated":true}]}}