{"id":71749,"date":"2018-01-24T07:31:19","date_gmt":"2018-01-24T10:31:19","guid":{"rendered":"http:\/\/www.hoymercedes.com.ar\/principal\/?p=71749"},"modified":"2018-01-23T10:23:08","modified_gmt":"2018-01-23T13:23:08","slug":"juan-pedro-gatti-y-pablo-montuori-titulares-en-el-amistoso-de-colon-de-chivilcoy","status":"publish","type":"post","link":"https:\/\/www.hoymercedes.com.ar\/principal\/2018\/01\/24\/juan-pedro-gatti-y-pablo-montuori-titulares-en-el-amistoso-de-colon-de-chivilcoy\/","title":{"rendered":"Juan Pedro Gatti y Pablo Montuori, titulares en el amistoso de Col\u00f3n de Chivilcoy"},"content":{"rendered":"<p><strong>Diario La Raz\u00f3n.<\/strong><em><strong> Deportivo Col\u00f3n de Chivilcoy jug\u00f3 un amistoso este fin de semana ante Norberto de la Riestra pensando en el debut del pr\u00f3ximo 4 de febrero por el Federal C, cuando enfrente a Trocha en condici\u00f3n de local y los dos mercedinos que tiene en el plantel fueron tenidos en cuenta para lo que parece ser, el primer equipo del rojinegro.<\/strong><\/em><\/p>\n<p><img loading=\"lazy\" decoding=\"async\" data-attachment-id=\"71751\" data-permalink=\"https:\/\/www.hoymercedes.com.ar\/principal\/2018\/01\/24\/juan-pedro-gatti-y-pablo-montuori-titulares-en-el-amistoso-de-colon-de-chivilcoy\/montuori-y-gatti-refuerzos-de-colon-de-chivilcoy\/#main\" data-orig-file=\"https:\/\/www.hoymercedes.com.ar\/principal\/wp-content\/uploads\/2018\/01\/Montuori-y-Gatti-refuerzos-de-Col\u00f3n-de-Chivilcoy.jpg\" data-orig-size=\"680,319\" data-comments-opened=\"0\" data-image-meta=\"{&quot;aperture&quot;:&quot;0&quot;,&quot;credit&quot;:&quot;&quot;,&quot;camera&quot;:&quot;&quot;,&quot;caption&quot;:&quot;&quot;,&quot;created_timestamp&quot;:&quot;0&quot;,&quot;copyright&quot;:&quot;&quot;,&quot;focal_length&quot;:&quot;0&quot;,&quot;iso&quot;:&quot;0&quot;,&quot;shutter_speed&quot;:&quot;0&quot;,&quot;title&quot;:&quot;&quot;,&quot;orientation&quot;:&quot;1&quot;}\" data-image-title=\"Montuori y Gatti, refuerzos de Col\u00f3n de Chivilcoy\" data-image-description=\"\" data-image-caption=\"\" data-large-file=\"https:\/\/www.hoymercedes.com.ar\/principal\/wp-content\/uploads\/2018\/01\/Montuori-y-Gatti-refuerzos-de-Col\u00f3n-de-Chivilcoy.jpg\" class=\"aligncenter size-medium wp-image-71751\" src=\"https:\/\/www.hoymercedes.com.ar\/principal\/wp-content\/uploads\/2018\/01\/Montuori-y-Gatti-refuerzos-de-Col\u00f3n-de-Chivilcoy-630x296.jpg\" alt=\"\" width=\"630\" height=\"296\" srcset=\"https:\/\/www.hoymercedes.com.ar\/principal\/wp-content\/uploads\/2018\/01\/Montuori-y-Gatti-refuerzos-de-Col\u00f3n-de-Chivilcoy-630x296.jpg 630w, https:\/\/www.hoymercedes.com.ar\/principal\/wp-content\/uploads\/2018\/01\/Montuori-y-Gatti-refuerzos-de-Col\u00f3n-de-Chivilcoy-150x70.jpg 150w, https:\/\/www.hoymercedes.com.ar\/principal\/wp-content\/uploads\/2018\/01\/Montuori-y-Gatti-refuerzos-de-Col\u00f3n-de-Chivilcoy.jpg 680w\" sizes=\"auto, (max-width: 630px) 100vw, 630px\" \/><\/p>\n<p>Se jugaron cuatro tiempos. En el primero Col\u00f3n puso en cancha y entendemos que salvo excepciones, el equipo que Abalos debe tener en su cabeza; sali\u00f3 r\u00e1pido Lucas Noguera con un problema en el tobillo, pero arrancaron Cristopher De Feliche, Lucas Noguera, Juan Pesro Gatti, Maximiliano De R\u00f3o, Mat\u00edas Del Pratt, Ger\u00f3nimo Laphitzborde, Nicol\u00e1s Giaccone, Pablo Montuori, Dardo Sosa, Cristopher Torres y Emiliano Abalos. Mat\u00edas Del Pratt fue una salida muy interesante por izquierda, por velocidad y buen manejo de la pelota buscando el di\u00e1logo con los volantes internos y desbordando para llegar al fondo y meter centros.<\/p>\n<p>Col\u00f3n intent\u00f3 jugar, extender al equipo en el campo y llegar por afuera, mantuvo la pelota y para ello muchas veces al ser apretado en el medio, la jug\u00f3 hacia atr\u00e1s, incluso con el arquero, para iniciar nuevos avances, Abalos y Torres incisivos como siempre y Sosa, a pesar de que ven\u00eda de vacaciones, mostr\u00f3 su velocidad y contundencia.<\/p>\n","protected":false},"excerpt":{"rendered":"<p>Diario La Raz\u00f3n. Deportivo Col\u00f3n de Chivilcoy jug\u00f3 un amistoso este fin de semana ante Norberto de la Riestra pensando &#8230; <a title=\"Juan Pedro Gatti y Pablo Montuori, titulares en el amistoso de Col\u00f3n de Chivilcoy\" class=\"read-more\" href=\"https:\/\/www.hoymercedes.com.ar\/principal\/2018\/01\/24\/juan-pedro-gatti-y-pablo-montuori-titulares-en-el-amistoso-de-colon-de-chivilcoy\/\" aria-label=\"Leer m\u00e1s sobre Juan Pedro Gatti y Pablo Montuori, titulares en el amistoso de Col\u00f3n de Chivilcoy\">Leer m\u00e1s<\/a><\/p>\n","protected":false},"author":1,"featured_media":71751,"comment_status":"closed","ping_status":"open","sticky":false,"template":"","format":"standard","meta":{"_monsterinsights_skip_tracking":false,"_monsterinsights_sitenote_active":false,"_monsterinsights_sitenote_note":"","_monsterinsights_sitenote_category":0,"jetpack_post_was_ever_published":false,"_jetpack_newsletter_access":"","_jetpack_dont_email_post_to_subs":false,"_jetpack_newsletter_tier_id":0,"_jetpack_memberships_contains_paywalled_content":false,"_jetpack_memberships_contains_paid_content":false,"footnotes":"","jetpack_publicize_message":"","jetpack_publicize_feature_enabled":true,"jetpack_social_post_already_shared":true,"jetpack_social_options":{"image_generator_settings":{"template":"highway","default_image_id":0,"font":"","enabled":false},"version":2},"_wpas_customize_per_network":false},"categories":[21],"tags":[10421,204,8412,1003,12551,11221],"class_list":["post-71749","post","type-post","status-publish","format-standard","has-post-thumbnail","hentry","category-deportes","tag-amistoso","tag-deportes-2","tag-federal-c","tag-futbol","tag-juan-pedro-gatti","tag-pablo-montuori","generate-columns","tablet-grid-50","mobile-grid-100","grid-parent","grid-50"],"jetpack_publicize_connections":[],"jetpack_featured_media_url":"https:\/\/www.hoymercedes.com.ar\/principal\/wp-content\/uploads\/2018\/01\/Montuori-y-Gatti-refuerzos-de-Col\u00f3n-de-Chivilcoy.jpg","wps_subtitle":"Federal C","jetpack_sharing_enabled":true,"jetpack-related-posts":[{"id":73910,"url":"https:\/\/www.hoymercedes.com.ar\/principal\/2018\/03\/27\/juan-pedro-gatti-titular-en-el-empate-de-colon-ante-satsaid\/","url_meta":{"origin":71749,"position":0},"title":"Juan Pedro Gatti, titular en el empate de Col\u00f3n ante SATSAID","author":"hoymercedes","date":"27 marzo, 2018","format":false,"excerpt":"En el segundo play off del Torneo Federal \u201cC\u201d, Deportivo Col\u00f3n jug\u00f3 este s\u00e1bado en La Reja, partido de Moreno, donde empat\u00f3 en un gol con el equipo local SATSAID, el equipo que representa al Sindicato Argentino de Televisi\u00f3n. Se jug\u00f3 en el campo deportivo del Sindicato, en una cancha\u2026","rel":"","context":"En \u00abDeportes\u00bb","block_context":{"text":"Deportes","link":"https:\/\/www.hoymercedes.com.ar\/principal\/category\/deportes\/"},"img":{"alt_text":"","src":"https:\/\/i0.wp.com\/www.hoymercedes.com.ar\/principal\/wp-content\/uploads\/2018\/03\/DSCN0399.jpg?resize=350%2C200&ssl=1","width":350,"height":200,"srcset":"https:\/\/i0.wp.com\/www.hoymercedes.com.ar\/principal\/wp-content\/uploads\/2018\/03\/DSCN0399.jpg?resize=350%2C200&ssl=1 1x, https:\/\/i0.wp.com\/www.hoymercedes.com.ar\/principal\/wp-content\/uploads\/2018\/03\/DSCN0399.jpg?resize=525%2C300&ssl=1 1.5x, https:\/\/i0.wp.com\/www.hoymercedes.com.ar\/principal\/wp-content\/uploads\/2018\/03\/DSCN0399.jpg?resize=700%2C400&ssl=1 2x, https:\/\/i0.wp.com\/www.hoymercedes.com.ar\/principal\/wp-content\/uploads\/2018\/03\/DSCN0399.jpg?resize=1050%2C600&ssl=1 3x, https:\/\/i0.wp.com\/www.hoymercedes.com.ar\/principal\/wp-content\/uploads\/2018\/03\/DSCN0399.jpg?resize=1400%2C800&ssl=1 4x"},"classes":[]},{"id":73406,"url":"https:\/\/www.hoymercedes.com.ar\/principal\/2018\/03\/12\/colon-goleo-como-visitante-y-el-fronton-empato-en-su-propia-casa\/","url_meta":{"origin":71749,"position":1},"title":"Col\u00f3n gole\u00f3 como visitante y El Front\u00f3n empat\u00f3 en su propia casa","author":"hoymercedes","date":"12 marzo, 2018","format":false,"excerpt":"Comenz\u00f3 la etapa de definici\u00f3n del \u00faltimo torneo Federal C de la historia y, en busca del ascenso al nuevo torneo Regional Amateur que comenzar\u00e1 en enero pr\u00f3ximo. Col\u00f3n de Chivilcoy el s\u00e1bado fue visitante de 21 de marzo de San Miguel, con las presencias en el equipo titular de\u2026","rel":"","context":"En \u00abDeportes\u00bb","block_context":{"text":"Deportes","link":"https:\/\/www.hoymercedes.com.ar\/principal\/category\/deportes\/"},"img":{"alt_text":"","src":"https:\/\/i0.wp.com\/www.hoymercedes.com.ar\/principal\/wp-content\/uploads\/2018\/03\/DSCN0402.jpg?resize=350%2C200&ssl=1","width":350,"height":200,"srcset":"https:\/\/i0.wp.com\/www.hoymercedes.com.ar\/principal\/wp-content\/uploads\/2018\/03\/DSCN0402.jpg?resize=350%2C200&ssl=1 1x, https:\/\/i0.wp.com\/www.hoymercedes.com.ar\/principal\/wp-content\/uploads\/2018\/03\/DSCN0402.jpg?resize=525%2C300&ssl=1 1.5x, https:\/\/i0.wp.com\/www.hoymercedes.com.ar\/principal\/wp-content\/uploads\/2018\/03\/DSCN0402.jpg?resize=700%2C400&ssl=1 2x, https:\/\/i0.wp.com\/www.hoymercedes.com.ar\/principal\/wp-content\/uploads\/2018\/03\/DSCN0402.jpg?resize=1050%2C600&ssl=1 3x, https:\/\/i0.wp.com\/www.hoymercedes.com.ar\/principal\/wp-content\/uploads\/2018\/03\/DSCN0402.jpg?resize=1400%2C800&ssl=1 4x"},"classes":[]},{"id":73632,"url":"https:\/\/www.hoymercedes.com.ar\/principal\/2018\/03\/19\/el-fronton-quedo-eliminado-y-colon-sigue-en-carrera\/","url_meta":{"origin":71749,"position":2},"title":"El Front\u00f3n qued\u00f3 eliminado y Col\u00f3n sigue en Carrera","author":"hoymercedes","date":"19 marzo, 2018","format":false,"excerpt":"Los dos equipos con mercedinos que segu\u00edan en carrera en el Federal C jugaron su suerte este domingo, pero tuvieron resultados dispares. El Front\u00f3n, con Nahuel Santana y Thomas Schenone, ten\u00eda que derrotar a Deportivo Malvinas tras el 3 a 3 de la ida y termin\u00f3 perdiendo 2 a 1,\u2026","rel":"","context":"En \u00abDeportes\u00bb","block_context":{"text":"Deportes","link":"https:\/\/www.hoymercedes.com.ar\/principal\/category\/deportes\/"},"img":{"alt_text":"","src":"https:\/\/i0.wp.com\/www.hoymercedes.com.ar\/principal\/wp-content\/uploads\/2018\/03\/Col%C3%B3n-2-El-Front%C3%B3n-1-1.jpg?resize=350%2C200&ssl=1","width":350,"height":200,"srcset":"https:\/\/i0.wp.com\/www.hoymercedes.com.ar\/principal\/wp-content\/uploads\/2018\/03\/Col%C3%B3n-2-El-Front%C3%B3n-1-1.jpg?resize=350%2C200&ssl=1 1x, https:\/\/i0.wp.com\/www.hoymercedes.com.ar\/principal\/wp-content\/uploads\/2018\/03\/Col%C3%B3n-2-El-Front%C3%B3n-1-1.jpg?resize=525%2C300&ssl=1 1.5x"},"classes":[]},{"id":71433,"url":"https:\/\/www.hoymercedes.com.ar\/principal\/2018\/01\/08\/el-fronton-y-colon-de-chivilcoy-se-refuerzan-para-enfrentar-a-trocha\/","url_meta":{"origin":71749,"position":3},"title":"El Front\u00f3n y Col\u00f3n de Chivilcoy se refuerzan para enfrentar a Trocha","author":"hoymercedes","date":"8 enero, 2018","format":false,"excerpt":"La primera y segunda semana de enero siempre es muy importante para los equipos que juegan el Torneo Federal C, ya que es la que empieza a tener grandes novedades en cuanto a incorporaciones ya que llegan el grueso de jugadores a cada uno de los equipos y los rivales\u2026","rel":"","context":"En \u00abDeportes\u00bb","block_context":{"text":"Deportes","link":"https:\/\/www.hoymercedes.com.ar\/principal\/category\/deportes\/"},"img":{"alt_text":"","src":"https:\/\/i0.wp.com\/www.hoymercedes.com.ar\/principal\/wp-content\/uploads\/2018\/01\/20171217_205552.jpg?resize=350%2C200&ssl=1","width":350,"height":200,"srcset":"https:\/\/i0.wp.com\/www.hoymercedes.com.ar\/principal\/wp-content\/uploads\/2018\/01\/20171217_205552.jpg?resize=350%2C200&ssl=1 1x, https:\/\/i0.wp.com\/www.hoymercedes.com.ar\/principal\/wp-content\/uploads\/2018\/01\/20171217_205552.jpg?resize=525%2C300&ssl=1 1.5x, https:\/\/i0.wp.com\/www.hoymercedes.com.ar\/principal\/wp-content\/uploads\/2018\/01\/20171217_205552.jpg?resize=700%2C400&ssl=1 2x, https:\/\/i0.wp.com\/www.hoymercedes.com.ar\/principal\/wp-content\/uploads\/2018\/01\/20171217_205552.jpg?resize=1050%2C600&ssl=1 3x, https:\/\/i0.wp.com\/www.hoymercedes.com.ar\/principal\/wp-content\/uploads\/2018\/01\/20171217_205552.jpg?resize=1400%2C800&ssl=1 4x"},"classes":[]},{"id":72146,"url":"https:\/\/www.hoymercedes.com.ar\/principal\/2018\/02\/04\/trocha-empato-con-dos-goles-sobre-el-final-y-enciende-la-esperanza\/","url_meta":{"origin":71749,"position":4},"title":"Trocha empat\u00f3 con dos goles sobre el final y enciende la esperanza","author":"hoymercedes","date":"4 febrero, 2018","format":false,"excerpt":"En el estadio Lucio Zanichelli de Chivilcoy, Col\u00f3n se quedaba con un c\u00f3modo triunfo ante Trocha, pero la Carbonilla en los \u00faltimos cinco minutos, y jugando todo el segundo tiempo con uno menos, lleg\u00f3 al empate, que lo posicion\u00f3 otra vez con serias chances de clasificar a la segunda fase\u2026","rel":"","context":"En \u00abDeportes\u00bb","block_context":{"text":"Deportes","link":"https:\/\/www.hoymercedes.com.ar\/principal\/category\/deportes\/"},"img":{"alt_text":"","src":"https:\/\/i0.wp.com\/www.hoymercedes.com.ar\/principal\/wp-content\/uploads\/2018\/02\/DSCN0394.jpg?resize=350%2C200&ssl=1","width":350,"height":200,"srcset":"https:\/\/i0.wp.com\/www.hoymercedes.com.ar\/principal\/wp-content\/uploads\/2018\/02\/DSCN0394.jpg?resize=350%2C200&ssl=1 1x, https:\/\/i0.wp.com\/www.hoymercedes.com.ar\/principal\/wp-content\/uploads\/2018\/02\/DSCN0394.jpg?resize=525%2C300&ssl=1 1.5x, https:\/\/i0.wp.com\/www.hoymercedes.com.ar\/principal\/wp-content\/uploads\/2018\/02\/DSCN0394.jpg?resize=700%2C400&ssl=1 2x"},"classes":[]},{"id":72922,"url":"https:\/\/www.hoymercedes.com.ar\/principal\/2018\/02\/25\/trocha-merecio-la-victoria-pero-no-pudo-y-quedo-eliminado\/","url_meta":{"origin":71749,"position":5},"title":"Trocha mereci\u00f3 la victoria, pero no pudo y qued\u00f3 eliminado","author":"hoymercedes","date":"25 febrero, 2018","format":false,"excerpt":"En cancha de la Liga Mercedina, Trocha ten\u00eda la obligaci\u00f3n de ganar por cualquier resultado para seguir con esperanzas de clasificar a la siguiente fase del Federal C, pero se choc\u00f3 contra un Col\u00f3n de Chivilcoy que fue demasiado efectivo y termin\u00f3 perdiendo por 3 a 1 y quedando eliminado\u2026","rel":"","context":"En \u00abDeportes\u00bb","block_context":{"text":"Deportes","link":"https:\/\/www.hoymercedes.com.ar\/principal\/category\/deportes\/"},"img":{"alt_text":"","src":"https:\/\/i0.wp.com\/www.hoymercedes.com.ar\/principal\/wp-content\/uploads\/2018\/02\/FED-C-ZONA-4-2.png?resize=350%2C200","width":350,"height":200,"srcset":"https:\/\/i0.wp.com\/www.hoymercedes.com.ar\/principal\/wp-content\/uploads\/2018\/02\/FED-C-ZONA-4-2.png?resize=350%2C200 1x, https:\/\/i0.wp.com\/www.hoymercedes.com.ar\/principal\/wp-content\/uploads\/2018\/02\/FED-C-ZONA-4-2.png?resize=525%2C300 1.5x"},"classes":[]}],"_links":{"self":[{"href":"https:\/\/www.hoymercedes.com.ar\/principal\/wp-json\/wp\/v2\/posts\/71749","targetHints":{"allow":["GET"]}}],"collection":[{"href":"https:\/\/www.hoymercedes.com.ar\/principal\/wp-json\/wp\/v2\/posts"}],"about":[{"href":"https:\/\/www.hoymercedes.com.ar\/principal\/wp-json\/wp\/v2\/types\/post"}],"author":[{"embeddable":true,"href":"https:\/\/www.hoymercedes.com.ar\/principal\/wp-json\/wp\/v2\/users\/1"}],"replies":[{"embeddable":true,"href":"https:\/\/www.hoymercedes.com.ar\/principal\/wp-json\/wp\/v2\/comments?post=71749"}],"version-history":[{"count":0,"href":"https:\/\/www.hoymercedes.com.ar\/principal\/wp-json\/wp\/v2\/posts\/71749\/revisions"}],"wp:featuredmedia":[{"embeddable":true,"href":"https:\/\/www.hoymercedes.com.ar\/principal\/wp-json\/wp\/v2\/media\/71751"}],"wp:attachment":[{"href":"https:\/\/www.hoymercedes.com.ar\/principal\/wp-json\/wp\/v2\/media?parent=71749"}],"wp:term":[{"taxonomy":"category","embeddable":true,"href":"https:\/\/www.hoymercedes.com.ar\/principal\/wp-json\/wp\/v2\/categories?post=71749"},{"taxonomy":"post_tag","embeddable":true,"href":"https:\/\/www.hoymercedes.com.ar\/principal\/wp-json\/wp\/v2\/tags?post=71749"}],"curies":[{"name":"wp","href":"https:\/\/api.w.org\/{rel}","templated":true}]}}