{"id":71783,"date":"2018-01-24T18:00:03","date_gmt":"2018-01-24T21:00:03","guid":{"rendered":"http:\/\/www.hoymercedes.com.ar\/principal\/?p=71783"},"modified":"2018-01-24T17:58:48","modified_gmt":"2018-01-24T20:58:48","slug":"ruta-41-km-114-chocan-dos-vehiculos","status":"publish","type":"post","link":"https:\/\/www.hoymercedes.com.ar\/principal\/2018\/01\/24\/ruta-41-km-114-chocan-dos-vehiculos\/","title":{"rendered":"Ruta 41, km 114: chocan dos veh\u00edculos"},"content":{"rendered":"<p>Minutos antes del mediod\u00eda, dos veh\u00edculos que circulaban en direcciones contrarias, impactaron en la Ruta Provincial N\u00b0 41, en el kil\u00f3metro 114. De acuerdo a la informaci\u00f3n suministrada por el CPR Mercedes, el impacto fue entre un Toyota Corolla de una familia de Pergamino y un Ford Fiesta, conducido por el encargado de un establecimiento agrario del Partido de mercedes. En la colisi\u00f3n no hubo lesionados, solo se solicit\u00f3 la ambulancia del Hospital Dubarry para contenci\u00f3n y asistencia de las personas que se encontraban en los veh\u00edculos.<\/p>\n<p><img loading=\"lazy\" decoding=\"async\" data-attachment-id=\"71786\" data-permalink=\"https:\/\/www.hoymercedes.com.ar\/principal\/2018\/01\/24\/ruta-41-km-114-chocan-dos-vehiculos\/24-choque-ruta-41-2\/#main\" data-orig-file=\"https:\/\/www.hoymercedes.com.ar\/principal\/wp-content\/uploads\/2018\/01\/24-choque-ruta-41-2.jpg\" data-orig-size=\"855,570\" data-comments-opened=\"0\" data-image-meta=\"{&quot;aperture&quot;:&quot;0&quot;,&quot;credit&quot;:&quot;&quot;,&quot;camera&quot;:&quot;&quot;,&quot;caption&quot;:&quot;&quot;,&quot;created_timestamp&quot;:&quot;0&quot;,&quot;copyright&quot;:&quot;&quot;,&quot;focal_length&quot;:&quot;0&quot;,&quot;iso&quot;:&quot;0&quot;,&quot;shutter_speed&quot;:&quot;0&quot;,&quot;title&quot;:&quot;&quot;,&quot;orientation&quot;:&quot;0&quot;}\" data-image-title=\"24 choque ruta 41 2\" data-image-description=\"\" data-image-caption=\"\" data-large-file=\"https:\/\/www.hoymercedes.com.ar\/principal\/wp-content\/uploads\/2018\/01\/24-choque-ruta-41-2.jpg\" class=\"size-medium wp-image-71786 aligncenter\" src=\"https:\/\/www.hoymercedes.com.ar\/principal\/wp-content\/uploads\/2018\/01\/24-choque-ruta-41-2-630x420.jpg\" alt=\"\" width=\"630\" height=\"420\" srcset=\"https:\/\/www.hoymercedes.com.ar\/principal\/wp-content\/uploads\/2018\/01\/24-choque-ruta-41-2-630x420.jpg 630w, https:\/\/www.hoymercedes.com.ar\/principal\/wp-content\/uploads\/2018\/01\/24-choque-ruta-41-2-150x100.jpg 150w, https:\/\/www.hoymercedes.com.ar\/principal\/wp-content\/uploads\/2018\/01\/24-choque-ruta-41-2.jpg 855w\" sizes=\"auto, (max-width: 630px) 100vw, 630px\" \/><\/p>\n<p>&nbsp;<\/p>\n<p><img loading=\"lazy\" decoding=\"async\" data-attachment-id=\"71785\" data-permalink=\"https:\/\/www.hoymercedes.com.ar\/principal\/2018\/01\/24\/ruta-41-km-114-chocan-dos-vehiculos\/24-choque-ruta-41-1\/#main\" data-orig-file=\"https:\/\/www.hoymercedes.com.ar\/principal\/wp-content\/uploads\/2018\/01\/24-choque-ruta-41-1.jpg\" data-orig-size=\"800,533\" data-comments-opened=\"0\" data-image-meta=\"{&quot;aperture&quot;:&quot;0&quot;,&quot;credit&quot;:&quot;&quot;,&quot;camera&quot;:&quot;&quot;,&quot;caption&quot;:&quot;&quot;,&quot;created_timestamp&quot;:&quot;0&quot;,&quot;copyright&quot;:&quot;&quot;,&quot;focal_length&quot;:&quot;0&quot;,&quot;iso&quot;:&quot;0&quot;,&quot;shutter_speed&quot;:&quot;0&quot;,&quot;title&quot;:&quot;&quot;,&quot;orientation&quot;:&quot;0&quot;}\" data-image-title=\"24 choque ruta 41 1\" data-image-description=\"\" data-image-caption=\"\" data-large-file=\"https:\/\/www.hoymercedes.com.ar\/principal\/wp-content\/uploads\/2018\/01\/24-choque-ruta-41-1.jpg\" class=\"size-medium wp-image-71785 aligncenter\" src=\"https:\/\/www.hoymercedes.com.ar\/principal\/wp-content\/uploads\/2018\/01\/24-choque-ruta-41-1-630x420.jpg\" alt=\"\" width=\"630\" height=\"420\" srcset=\"https:\/\/www.hoymercedes.com.ar\/principal\/wp-content\/uploads\/2018\/01\/24-choque-ruta-41-1-630x420.jpg 630w, https:\/\/www.hoymercedes.com.ar\/principal\/wp-content\/uploads\/2018\/01\/24-choque-ruta-41-1-150x100.jpg 150w, https:\/\/www.hoymercedes.com.ar\/principal\/wp-content\/uploads\/2018\/01\/24-choque-ruta-41-1.jpg 800w\" sizes=\"auto, (max-width: 630px) 100vw, 630px\" \/><\/p>\n<p>&nbsp;<\/p>\n<p>Fuente: CPR Mercedes<\/p>\n","protected":false},"excerpt":{"rendered":"<p>Minutos antes del mediod\u00eda, dos veh\u00edculos que circulaban en direcciones contrarias, impactaron en la Ruta Provincial N\u00b0 41, en el &#8230; <a title=\"Ruta 41, km 114: chocan dos veh\u00edculos\" class=\"read-more\" href=\"https:\/\/www.hoymercedes.com.ar\/principal\/2018\/01\/24\/ruta-41-km-114-chocan-dos-vehiculos\/\" aria-label=\"Leer m\u00e1s sobre Ruta 41, km 114: chocan dos veh\u00edculos\">Leer m\u00e1s<\/a><\/p>\n","protected":false},"author":1,"featured_media":71785,"comment_status":"closed","ping_status":"open","sticky":false,"template":"","format":"standard","meta":{"_monsterinsights_skip_tracking":false,"_monsterinsights_sitenote_active":false,"_monsterinsights_sitenote_note":"","_monsterinsights_sitenote_category":0,"jetpack_post_was_ever_published":false,"_jetpack_newsletter_access":"","_jetpack_dont_email_post_to_subs":false,"_jetpack_newsletter_tier_id":0,"_jetpack_memberships_contains_paywalled_content":false,"_jetpack_memberships_contains_paid_content":false,"footnotes":"","jetpack_publicize_message":"","jetpack_publicize_feature_enabled":true,"jetpack_social_post_already_shared":true,"jetpack_social_options":{"image_generator_settings":{"template":"highway","default_image_id":0,"font":"","enabled":false},"version":2},"_wpas_customize_per_network":false},"categories":[85],"tags":[12558,12556,10,12557,11012],"class_list":["post-71783","post","type-post","status-publish","format-standard","has-post-thumbnail","hentry","category-policial","tag-choque-ruta-41","tag-cpr-mercedes","tag-mercedes","tag-patrulla-rural","tag-policia-rural","generate-columns","tablet-grid-50","mobile-grid-100","grid-parent","grid-50"],"jetpack_publicize_connections":[],"jetpack_featured_media_url":"https:\/\/www.hoymercedes.com.ar\/principal\/wp-content\/uploads\/2018\/01\/24-choque-ruta-41-1.jpg","wps_subtitle":"Minutos antes del mediod\u00eda","jetpack_sharing_enabled":true,"_links":{"self":[{"href":"https:\/\/www.hoymercedes.com.ar\/principal\/wp-json\/wp\/v2\/posts\/71783","targetHints":{"allow":["GET"]}}],"collection":[{"href":"https:\/\/www.hoymercedes.com.ar\/principal\/wp-json\/wp\/v2\/posts"}],"about":[{"href":"https:\/\/www.hoymercedes.com.ar\/principal\/wp-json\/wp\/v2\/types\/post"}],"author":[{"embeddable":true,"href":"https:\/\/www.hoymercedes.com.ar\/principal\/wp-json\/wp\/v2\/users\/1"}],"replies":[{"embeddable":true,"href":"https:\/\/www.hoymercedes.com.ar\/principal\/wp-json\/wp\/v2\/comments?post=71783"}],"version-history":[{"count":0,"href":"https:\/\/www.hoymercedes.com.ar\/principal\/wp-json\/wp\/v2\/posts\/71783\/revisions"}],"wp:featuredmedia":[{"embeddable":true,"href":"https:\/\/www.hoymercedes.com.ar\/principal\/wp-json\/wp\/v2\/media\/71785"}],"wp:attachment":[{"href":"https:\/\/www.hoymercedes.com.ar\/principal\/wp-json\/wp\/v2\/media?parent=71783"}],"wp:term":[{"taxonomy":"category","embeddable":true,"href":"https:\/\/www.hoymercedes.com.ar\/principal\/wp-json\/wp\/v2\/categories?post=71783"},{"taxonomy":"post_tag","embeddable":true,"href":"https:\/\/www.hoymercedes.com.ar\/principal\/wp-json\/wp\/v2\/tags?post=71783"}],"curies":[{"name":"wp","href":"https:\/\/api.w.org\/{rel}","templated":true}]}}