{"id":71784,"date":"2018-01-24T19:38:17","date_gmt":"2018-01-24T22:38:17","guid":{"rendered":"http:\/\/www.hoymercedes.com.ar\/principal\/?p=71784"},"modified":"2018-01-24T21:29:53","modified_gmt":"2018-01-25T00:29:53","slug":"confirmados-los-horarios-para-el-fin-de-semana-y-la-baja-de-argentino-de-chacabuco","status":"publish","type":"post","link":"https:\/\/www.hoymercedes.com.ar\/principal\/2018\/01\/24\/confirmados-los-horarios-para-el-fin-de-semana-y-la-baja-de-argentino-de-chacabuco\/","title":{"rendered":"Confirmados los horarios para el fin de semana y la baja de Argentino de Chacabuco"},"content":{"rendered":"<p><strong><em>Con el inicio del Federal C, la cantidad de partidos por fin de semana ser\u00e1 alta ya que habr\u00e1 cinco equipos de Mercedes en competencia m\u00e1s otros dos de la Liga Mercedina. Por el Federal C, Trocha y El Front\u00f3n hacen el debut este s\u00e1bado a las 19 en el estadio local quedando Col\u00f3n de Chivilcoy a la espera en esta zona 4 de la Regi\u00f3n Pampeana Norte.<\/em><\/strong><\/p>\n<p><img loading=\"lazy\" decoding=\"async\" data-attachment-id=\"71788\" data-permalink=\"https:\/\/www.hoymercedes.com.ar\/principal\/2018\/01\/24\/confirmados-los-horarios-para-el-fin-de-semana-y-la-baja-de-argentino-de-chacabuco\/whatsapp-image-2018-01-17-at-20-01-59\/#main\" data-orig-file=\"https:\/\/www.hoymercedes.com.ar\/principal\/wp-content\/uploads\/2018\/01\/WhatsApp-Image-2018-01-17-at-20.01.59.jpeg\" data-orig-size=\"584,517\" data-comments-opened=\"0\" data-image-meta=\"{&quot;aperture&quot;:&quot;0&quot;,&quot;credit&quot;:&quot;&quot;,&quot;camera&quot;:&quot;&quot;,&quot;caption&quot;:&quot;&quot;,&quot;created_timestamp&quot;:&quot;0&quot;,&quot;copyright&quot;:&quot;&quot;,&quot;focal_length&quot;:&quot;0&quot;,&quot;iso&quot;:&quot;0&quot;,&quot;shutter_speed&quot;:&quot;0&quot;,&quot;title&quot;:&quot;&quot;,&quot;orientation&quot;:&quot;1&quot;}\" data-image-title=\"WhatsApp Image 2018-01-17 at 20.01.59\" data-image-description=\"\" data-image-caption=\"\" data-large-file=\"https:\/\/www.hoymercedes.com.ar\/principal\/wp-content\/uploads\/2018\/01\/WhatsApp-Image-2018-01-17-at-20.01.59.jpeg\" class=\"aligncenter size-medium wp-image-71788\" src=\"https:\/\/www.hoymercedes.com.ar\/principal\/wp-content\/uploads\/2018\/01\/WhatsApp-Image-2018-01-17-at-20.01.59.jpeg\" alt=\"\" width=\"584\" height=\"517\" srcset=\"https:\/\/www.hoymercedes.com.ar\/principal\/wp-content\/uploads\/2018\/01\/WhatsApp-Image-2018-01-17-at-20.01.59.jpeg 584w, https:\/\/www.hoymercedes.com.ar\/principal\/wp-content\/uploads\/2018\/01\/WhatsApp-Image-2018-01-17-at-20.01.59-150x133.jpeg 150w\" sizes=\"auto, (max-width: 584px) 100vw, 584px\" \/><\/p>\n<p>En cuanto al Federaci\u00f3n Norte, el \u00fanico equipo que jugar\u00e1 en Mercedes ser\u00e1 Defensores Juniors, que recibir\u00e1 a San Mart\u00edn de Chacabuco este domingo a las 18. AMEFIP &#8211; Barrio San Mart\u00edn deb\u00eda ser local el viernes, pero la baja del torneo de Argentino de Chacabuco lo dej\u00f3 libre.<\/p>\n<p>Como vistante jugar\u00e1 Palometas, que quiere volver a sumar de a tres y lo har\u00e1 ante San Lorenzo de Rawson, el domingo a las 17, mientras que V\u00e9lez visitar\u00e1 a Rivadavia de Chacabuco ese mismo d\u00eda, pero a las 17.30.<\/p>\n<p>En cuanto a los resultados de la primera fecha, por la Zona E, V\u00e9lez y AMEFIP &#8211; Barrio San Mart\u00edn empataron 2 a 2 y qued\u00f3 libre Rivadavia, ya que no se jug\u00f3 el partido ante Argentino. Por la Zona F, Palometas venci\u00f3 2 a 0 a Defensores y San Mart\u00edn derrot\u00f3 2 a 1 a San Lorenzo.<\/p>\n<p>En cuanto a Pabell\u00f3n Argentino de Marcos Paz, empat\u00f3 2 a 2 ante Flecha Azul de Escobar y ahora visitar\u00e1 a Social Obrero de Z\u00e1rate este s\u00e1bado a partir de las 19.<\/p>\n<p>Respecto a que Argentino de Chacabuco, rival de AMEFIP y V\u00e9lez, sea bajado del torneo, el Secretario de la Federaci\u00f3n Norte, Juan Jos\u00e9 Bruno, dijo en el programa El Pulso, que se emite de lunes a viernes de 10 a 12 por FM La Tribuna 103.5 que\u00a0\u00abel Reglamento dec\u00eda que el 15 de enero venc\u00eda la presentaci\u00f3n de las listas de buena fe en las Ligas. Tambi\u00e9n dice que las listas de buena fe, para que lleguen a la Federaci\u00f3n, deben ser visadas por las Ligas para que den autorizaci\u00f3n. Esta gente entreg\u00f3 tarde a la Liga de Chacabuco el listado y entonces no fue visada y no le podemos dar curso, ya que eso permite que los otros clubes duden y tener inconvenientes m\u00e1s adelante\u00bb.<\/p>\n<p>Por otra parte, en cuanto a un inconveniente que hubo entre el club y la Liga, que devino en la baja del conjunto azul del torneo, detall\u00f3 que \u00abnosotros no tenemos jurisdicci\u00f3n en lo que pasa entre la Liga y el Club. La certificaci\u00f3n m\u00e9dica y la lista de buena fe debe ser presentada y si no fue todo eso visado por la Liga, nosotros no podemos discutir si corresponde o no, porque ya est\u00e1 marcado, si no, no har\u00edamos tantos kil\u00f3metros para analizar el reglamento\u00bb.<\/p>\n<p>Adem\u00e1s, confirm\u00f3 que \u00abla zona va a quedar con tres equipos y ser\u00e1 la segunda con esta cantidad en el torneo. La clasificaci\u00f3n ser\u00e1 para los dos mejores equipos de las zonas de tres, de las zonas de cuatro, m\u00e1s los dos mejores terceros\u00bb y por \u00faltimo dej\u00f3 en claro que \u00able devolveremos el dinero de inscripci\u00f3n a Argentino de Chacabuco porque para nosotros nunca ingres\u00f3. No habr\u00e1 multa ni sanci\u00f3n. Si hubiera entrado en sorteo como entr\u00f3 y luego se hubiera bajado corresponder\u00eda sanci\u00f3n, pero en este caso no\u00bb.<\/p>\n","protected":false},"excerpt":{"rendered":"<p>Con el inicio del Federal C, la cantidad de partidos por fin de semana ser\u00e1 alta ya que habr\u00e1 cinco &#8230; <a title=\"Confirmados los horarios para el fin de semana y la baja de Argentino de Chacabuco\" class=\"read-more\" href=\"https:\/\/www.hoymercedes.com.ar\/principal\/2018\/01\/24\/confirmados-los-horarios-para-el-fin-de-semana-y-la-baja-de-argentino-de-chacabuco\/\" aria-label=\"Leer m\u00e1s sobre Confirmados los horarios para el fin de semana y la baja de Argentino de Chacabuco\">Leer m\u00e1s<\/a><\/p>\n","protected":false},"author":1,"featured_media":71788,"comment_status":"closed","ping_status":"open","sticky":false,"template":"","format":"standard","meta":{"_monsterinsights_skip_tracking":false,"_monsterinsights_sitenote_active":false,"_monsterinsights_sitenote_note":"","_monsterinsights_sitenote_category":0,"jetpack_post_was_ever_published":false,"_jetpack_newsletter_access":"","_jetpack_dont_email_post_to_subs":false,"_jetpack_newsletter_tier_id":0,"_jetpack_memberships_contains_paywalled_content":false,"_jetpack_memberships_contains_paid_content":false,"footnotes":"","jetpack_publicize_message":"","jetpack_publicize_feature_enabled":true,"jetpack_social_post_already_shared":true,"jetpack_social_options":{"image_generator_settings":{"template":"highway","default_image_id":0,"font":"","enabled":false},"version":2},"_wpas_customize_per_network":false},"categories":[21],"tags":[204,8426,8412,1003,9384],"class_list":["post-71784","post","type-post","status-publish","format-standard","has-post-thumbnail","hentry","category-deportes","tag-deportes-2","tag-federacion-norte","tag-federal-c","tag-futbol","tag-horarios","generate-columns","tablet-grid-50","mobile-grid-100","grid-parent","grid-50"],"jetpack_publicize_connections":[],"jetpack_featured_media_url":"https:\/\/www.hoymercedes.com.ar\/principal\/wp-content\/uploads\/2018\/01\/WhatsApp-Image-2018-01-17-at-20.01.59.jpeg","wps_subtitle":"Federal C y Federaci\u00f3n Norte","jetpack_sharing_enabled":true,"jetpack-related-posts":[{"id":70973,"url":"https:\/\/www.hoymercedes.com.ar\/principal\/2017\/12\/19\/amefip-barrio-san-martin-jugara-el-federacion-norte\/","url_meta":{"origin":71784,"position":0},"title":"AMEFIP &#8211; Barrio San Mart\u00edn jugar\u00e1 el Federaci\u00f3n Norte","author":"hoymercedes","date":"19 diciembre, 2017","format":false,"excerpt":"Tras la gran campa\u00f1a realizada en su primer a\u00f1o en la Liga Mercedina, llegando a semifinales del Apertura y a la final del Clausura, AMEFIP - Barrio San Mart\u00edn se mostr\u00f3 con un firme inter\u00e9s de jugar el torneo Federaci\u00f3n Norte y era uno de los que estaba en la\u2026","rel":"","context":"En \u00abDeportes\u00bb","block_context":{"text":"Deportes","link":"https:\/\/www.hoymercedes.com.ar\/principal\/category\/deportes\/"},"img":{"alt_text":"","src":"https:\/\/i0.wp.com\/www.hoymercedes.com.ar\/principal\/wp-content\/uploads\/2017\/12\/AMEFIP-SAN-MARTIN.jpg?resize=350%2C200&ssl=1","width":350,"height":200,"srcset":"https:\/\/i0.wp.com\/www.hoymercedes.com.ar\/principal\/wp-content\/uploads\/2017\/12\/AMEFIP-SAN-MARTIN.jpg?resize=350%2C200&ssl=1 1x, https:\/\/i0.wp.com\/www.hoymercedes.com.ar\/principal\/wp-content\/uploads\/2017\/12\/AMEFIP-SAN-MARTIN.jpg?resize=525%2C300&ssl=1 1.5x, https:\/\/i0.wp.com\/www.hoymercedes.com.ar\/principal\/wp-content\/uploads\/2017\/12\/AMEFIP-SAN-MARTIN.jpg?resize=700%2C400&ssl=1 2x"},"classes":[]},{"id":70933,"url":"https:\/\/www.hoymercedes.com.ar\/principal\/2017\/12\/18\/velez-palometas-pabellon-y-defensores-y-tienen-rivales-en-la-copa-federacion-norte\/","url_meta":{"origin":71784,"position":1},"title":"V\u00e9lez, Palometas, Pabell\u00f3n y Defensores y tienen rivales en la Copa Federaci\u00f3n Norte","author":"hoymercedes","date":"18 diciembre, 2017","format":false,"excerpt":"Termina la temporada de la Liga Mercedina de F\u00fatbol y ya se empieza a hablar del verano. La Copa Federaci\u00f3n Norte comenzar\u00e1 pasado la mitad de enero (se estima entre el 21 y 22). Ser\u00e1n siete zonas donde estar\u00e1n repartidos cuatro equipos de la Liga (la mayor cantidad de participantes\u2026","rel":"","context":"En \u00abDeportes\u00bb","block_context":{"text":"Deportes","link":"https:\/\/www.hoymercedes.com.ar\/principal\/category\/deportes\/"},"img":{"alt_text":"","src":"https:\/\/i0.wp.com\/www.hoymercedes.com.ar\/principal\/wp-content\/uploads\/2017\/12\/DSCN9819.jpg?resize=350%2C200&ssl=1","width":350,"height":200,"srcset":"https:\/\/i0.wp.com\/www.hoymercedes.com.ar\/principal\/wp-content\/uploads\/2017\/12\/DSCN9819.jpg?resize=350%2C200&ssl=1 1x, https:\/\/i0.wp.com\/www.hoymercedes.com.ar\/principal\/wp-content\/uploads\/2017\/12\/DSCN9819.jpg?resize=525%2C300&ssl=1 1.5x"},"classes":[]},{"id":46847,"url":"https:\/\/www.hoymercedes.com.ar\/principal\/2016\/01\/15\/por-el-federacion-norte-quilmes-debuta-este-domingo\/","url_meta":{"origin":71784,"position":2},"title":"Por el Federaci\u00f3n Norte, Quilmes debuta este domingo","author":"hoymercedes","date":"15 enero, 2016","format":false,"excerpt":"En cancha de la Liga Mercedina recibir\u00e1 desde las 18 a Atl\u00e9tico Las Campanas, rival que hace dos a\u00f1os tuviera Club Mercedes en el Torneo del Interior. El equipo que dirige Juan Ignacio Men\u00e9ndez se nutri\u00f3 de varios jugadores mercedinos con experiencia y tambi\u00e9n de otros que vinieron desde otras\u2026","rel":"","context":"En \u00abSociedad\u00bb","block_context":{"text":"Sociedad","link":"https:\/\/www.hoymercedes.com.ar\/principal\/category\/sociedad\/"},"img":{"alt_text":"","src":"https:\/\/i0.wp.com\/www.hoymercedes.com.ar\/principal\/wp-content\/uploads\/2015\/10\/ClubQuilmes.png?resize=350%2C200&ssl=1","width":350,"height":200,"srcset":"https:\/\/i0.wp.com\/www.hoymercedes.com.ar\/principal\/wp-content\/uploads\/2015\/10\/ClubQuilmes.png?resize=350%2C200&ssl=1 1x, https:\/\/i0.wp.com\/www.hoymercedes.com.ar\/principal\/wp-content\/uploads\/2015\/10\/ClubQuilmes.png?resize=525%2C300&ssl=1 1.5x"},"classes":[]},{"id":104505,"url":"https:\/\/www.hoymercedes.com.ar\/principal\/2019\/12\/27\/rivales-de-zarate-y-campana-en-el-federacion-norte-para-pabellon-de-marcos-paz\/","url_meta":{"origin":71784,"position":3},"title":"Rivales de Z\u00e1rate y Campana en el Federaci\u00f3n Norte para Pabell\u00f3n de Marcos Paz","author":"hoymercedes","date":"27 diciembre, 2019","format":false,"excerpt":"Con el objetivo de imitar la campa\u00f1a de 2019, Pabell\u00f3n de Marcos Paz ser\u00e1 el \u00fanico representante de la Liga Mercedina en el Federaci\u00f3n Norte y ya conoce los rivales que tendr\u00e1 en el grupo. SAPA integrar\u00e1 el Grupo E junto a Defensores de La Esperanza de Campana y Central\u2026","rel":"","context":"En \u00abDeportes\u00bb","block_context":{"text":"Deportes","link":"https:\/\/www.hoymercedes.com.ar\/principal\/category\/deportes\/"},"img":{"alt_text":"","src":"https:\/\/i0.wp.com\/www.hoymercedes.com.ar\/principal\/wp-content\/uploads\/2019\/12\/12-de-octubre-1-pabell%C3%B3n-1.jpg?resize=350%2C200&ssl=1","width":350,"height":200,"srcset":"https:\/\/i0.wp.com\/www.hoymercedes.com.ar\/principal\/wp-content\/uploads\/2019\/12\/12-de-octubre-1-pabell%C3%B3n-1.jpg?resize=350%2C200&ssl=1 1x, https:\/\/i0.wp.com\/www.hoymercedes.com.ar\/principal\/wp-content\/uploads\/2019\/12\/12-de-octubre-1-pabell%C3%B3n-1.jpg?resize=525%2C300&ssl=1 1.5x, https:\/\/i0.wp.com\/www.hoymercedes.com.ar\/principal\/wp-content\/uploads\/2019\/12\/12-de-octubre-1-pabell%C3%B3n-1.jpg?resize=700%2C400&ssl=1 2x"},"classes":[]},{"id":86428,"url":"https:\/\/www.hoymercedes.com.ar\/principal\/2019\/01\/04\/pabellon-de-marcos-paz-se-prepara-para-jugar-el-federacion-norte\/","url_meta":{"origin":71784,"position":4},"title":"Pabell\u00f3n de Marcos Paz se prepara para jugar el Federaci\u00f3n Norte","author":"hoymercedes","date":"4 enero, 2019","format":false,"excerpt":"Pabell\u00f3n Argentino de Marcos Paz ser\u00e1 el \u00fanico equipo de la Liga Mercedina que representar\u00e1 al f\u00fatbol local en el torneo Federaci\u00f3n Norte, a diferencia del certamen \u00faltimo, donde hubo cinco. El equipo dirigido por Juan Achucarro integrar\u00e1 la Zona 3 junto a Central Buenos Aires de Z\u00e1rate y ATILRA\u2026","rel":"","context":"En \u00abDeportes\u00bb","block_context":{"text":"Deportes","link":"https:\/\/www.hoymercedes.com.ar\/principal\/category\/deportes\/"},"img":{"alt_text":"","src":"https:\/\/i0.wp.com\/www.hoymercedes.com.ar\/principal\/wp-content\/uploads\/2019\/01\/pabellon.png?resize=350%2C200&ssl=1","width":350,"height":200,"srcset":"https:\/\/i0.wp.com\/www.hoymercedes.com.ar\/principal\/wp-content\/uploads\/2019\/01\/pabellon.png?resize=350%2C200&ssl=1 1x, https:\/\/i0.wp.com\/www.hoymercedes.com.ar\/principal\/wp-content\/uploads\/2019\/01\/pabellon.png?resize=525%2C300&ssl=1 1.5x, https:\/\/i0.wp.com\/www.hoymercedes.com.ar\/principal\/wp-content\/uploads\/2019\/01\/pabellon.png?resize=700%2C400&ssl=1 2x"},"classes":[]},{"id":71139,"url":"https:\/\/www.hoymercedes.com.ar\/principal\/2017\/12\/26\/velez-palometas-defensores-san-martin-y-pabellon-tienen-el-fixture-confirmado\/","url_meta":{"origin":71784,"position":5},"title":"V\u00e9lez, Palometas, Defensores, San Mart\u00edn y Pabell\u00f3n tienen el fixture confirmado","author":"hoymercedes","date":"26 diciembre, 2017","format":false,"excerpt":"La Web Oficial de la Liga Mercedina de F\u00fatbol dio a conocer el fixture de los cinco equipos que la representar\u00e1n a partir del fin de semana del 20 de enero en el Torneo Federaci\u00f3n Norte, certamen que otorga una plaza para el Federal C 2019. La Zona C, integrada\u2026","rel":"","context":"En \u00abDeportes\u00bb","block_context":{"text":"Deportes","link":"https:\/\/www.hoymercedes.com.ar\/principal\/category\/deportes\/"},"img":{"alt_text":"","src":"https:\/\/i0.wp.com\/www.hoymercedes.com.ar\/principal\/wp-content\/uploads\/2017\/12\/AMEFIP-SAN-MARTIN-1.jpg?resize=350%2C200&ssl=1","width":350,"height":200,"srcset":"https:\/\/i0.wp.com\/www.hoymercedes.com.ar\/principal\/wp-content\/uploads\/2017\/12\/AMEFIP-SAN-MARTIN-1.jpg?resize=350%2C200&ssl=1 1x, https:\/\/i0.wp.com\/www.hoymercedes.com.ar\/principal\/wp-content\/uploads\/2017\/12\/AMEFIP-SAN-MARTIN-1.jpg?resize=525%2C300&ssl=1 1.5x, https:\/\/i0.wp.com\/www.hoymercedes.com.ar\/principal\/wp-content\/uploads\/2017\/12\/AMEFIP-SAN-MARTIN-1.jpg?resize=700%2C400&ssl=1 2x"},"classes":[]}],"_links":{"self":[{"href":"https:\/\/www.hoymercedes.com.ar\/principal\/wp-json\/wp\/v2\/posts\/71784","targetHints":{"allow":["GET"]}}],"collection":[{"href":"https:\/\/www.hoymercedes.com.ar\/principal\/wp-json\/wp\/v2\/posts"}],"about":[{"href":"https:\/\/www.hoymercedes.com.ar\/principal\/wp-json\/wp\/v2\/types\/post"}],"author":[{"embeddable":true,"href":"https:\/\/www.hoymercedes.com.ar\/principal\/wp-json\/wp\/v2\/users\/1"}],"replies":[{"embeddable":true,"href":"https:\/\/www.hoymercedes.com.ar\/principal\/wp-json\/wp\/v2\/comments?post=71784"}],"version-history":[{"count":0,"href":"https:\/\/www.hoymercedes.com.ar\/principal\/wp-json\/wp\/v2\/posts\/71784\/revisions"}],"wp:featuredmedia":[{"embeddable":true,"href":"https:\/\/www.hoymercedes.com.ar\/principal\/wp-json\/wp\/v2\/media\/71788"}],"wp:attachment":[{"href":"https:\/\/www.hoymercedes.com.ar\/principal\/wp-json\/wp\/v2\/media?parent=71784"}],"wp:term":[{"taxonomy":"category","embeddable":true,"href":"https:\/\/www.hoymercedes.com.ar\/principal\/wp-json\/wp\/v2\/categories?post=71784"},{"taxonomy":"post_tag","embeddable":true,"href":"https:\/\/www.hoymercedes.com.ar\/principal\/wp-json\/wp\/v2\/tags?post=71784"}],"curies":[{"name":"wp","href":"https:\/\/api.w.org\/{rel}","templated":true}]}}