{"id":71801,"date":"2018-01-25T18:19:22","date_gmt":"2018-01-25T21:19:22","guid":{"rendered":"http:\/\/www.hoymercedes.com.ar\/principal\/?p=71801"},"modified":"2018-01-25T10:09:21","modified_gmt":"2018-01-25T13:09:21","slug":"tres-dias-de-musica-en-la-plazas-para-el-fin-de-semana","status":"publish","type":"post","link":"https:\/\/www.hoymercedes.com.ar\/principal\/2018\/01\/25\/tres-dias-de-musica-en-la-plazas-para-el-fin-de-semana\/","title":{"rendered":"Tres d\u00edas de m\u00fasica en la plazas para el fin de semana"},"content":{"rendered":"<p>Este fin de semana, contin\u00faa la edici\u00f3n 2018 de M\u00fasica en las Plazas que organiza la Direcci\u00f3n de Cultura de la Municipalidad de Mercedes. El viernes el escenario estar\u00e1 en el Barrio San Mart\u00edn, mientras que el s\u00e1bado ir\u00e1 al Blandengues, para estar al otro d\u00eda en el Centro Cultural La Trocha.<\/p>\n<p>Debido a la suspensi\u00f3n y reprogramaci\u00f3n de fechas, por consecuencia de las malas condiciones clim\u00e1ticas, este fin de semana la cita comenzar\u00e1 el d\u00eda viernes 26 de enero, en el barrio San Mart\u00edn (calle 67 y 104), donde se presentar\u00e1n Ponce de Le\u00f3n y Mi Cumbia Suena.<\/p>\n<p>Continuar\u00e1 el s\u00e1bado 27 de enero, en el barrio Blandengues (calle 12 y 1) donde har\u00e1 su presentaci\u00f3n un grupo de raperos llamados \u201clos pibes\u201d y cerrar\u00e1 el show La Clave.\u00a0En tanto, el domingo 28 de enero, el evento ser\u00e1 en La Trocha con los shows de Ivana Cestari y Santa Milonguita.<\/p>\n<p>Las tres fechas comenzar\u00e1n a la hora 21. Habr\u00e1 concursos de baile, feria, cantina y mucha alegr\u00eda.<\/p>\n<p>&nbsp;<\/p>\n<p>Fuente: Prensa Municipal<\/p>\n<p>&nbsp;<\/p>\n<p>&nbsp;<\/p>\n","protected":false},"excerpt":{"rendered":"<p>Este fin de semana, contin\u00faa la edici\u00f3n 2018 de M\u00fasica en las Plazas que organiza la Direcci\u00f3n de Cultura de &#8230; <a title=\"Tres d\u00edas de m\u00fasica en la plazas para el fin de semana\" class=\"read-more\" href=\"https:\/\/www.hoymercedes.com.ar\/principal\/2018\/01\/25\/tres-dias-de-musica-en-la-plazas-para-el-fin-de-semana\/\" aria-label=\"Leer m\u00e1s sobre Tres d\u00edas de m\u00fasica en la plazas para el fin de semana\">Leer m\u00e1s<\/a><\/p>\n","protected":false},"author":1,"featured_media":71500,"comment_status":"closed","ping_status":"open","sticky":false,"template":"","format":"standard","meta":{"_monsterinsights_skip_tracking":false,"_monsterinsights_sitenote_active":false,"_monsterinsights_sitenote_note":"","_monsterinsights_sitenote_category":0,"jetpack_post_was_ever_published":false,"_jetpack_newsletter_access":"","_jetpack_dont_email_post_to_subs":false,"_jetpack_newsletter_tier_id":0,"_jetpack_memberships_contains_paywalled_content":false,"_jetpack_memberships_contains_paid_content":false,"footnotes":"","jetpack_publicize_message":"","jetpack_publicize_feature_enabled":true,"jetpack_social_post_already_shared":true,"jetpack_social_options":{"image_generator_settings":{"template":"highway","default_image_id":0,"font":"","enabled":false},"version":2},"_wpas_customize_per_network":false},"categories":[104],"tags":[7805,10,8539,10455],"class_list":["post-71801","post","type-post","status-publish","format-standard","has-post-thumbnail","hentry","category-cultura","tag-cultura","tag-mercedes","tag-musica","tag-musica-en-las-plazas","generate-columns","tablet-grid-50","mobile-grid-100","grid-parent","grid-50"],"jetpack_publicize_connections":[],"jetpack_featured_media_url":"https:\/\/www.hoymercedes.com.ar\/principal\/wp-content\/uploads\/2018\/01\/11-musica-plaza.jpg","wps_subtitle":"viernes, s\u00e1bado y domingo","jetpack_sharing_enabled":true,"_links":{"self":[{"href":"https:\/\/www.hoymercedes.com.ar\/principal\/wp-json\/wp\/v2\/posts\/71801","targetHints":{"allow":["GET"]}}],"collection":[{"href":"https:\/\/www.hoymercedes.com.ar\/principal\/wp-json\/wp\/v2\/posts"}],"about":[{"href":"https:\/\/www.hoymercedes.com.ar\/principal\/wp-json\/wp\/v2\/types\/post"}],"author":[{"embeddable":true,"href":"https:\/\/www.hoymercedes.com.ar\/principal\/wp-json\/wp\/v2\/users\/1"}],"replies":[{"embeddable":true,"href":"https:\/\/www.hoymercedes.com.ar\/principal\/wp-json\/wp\/v2\/comments?post=71801"}],"version-history":[{"count":0,"href":"https:\/\/www.hoymercedes.com.ar\/principal\/wp-json\/wp\/v2\/posts\/71801\/revisions"}],"wp:featuredmedia":[{"embeddable":true,"href":"https:\/\/www.hoymercedes.com.ar\/principal\/wp-json\/wp\/v2\/media\/71500"}],"wp:attachment":[{"href":"https:\/\/www.hoymercedes.com.ar\/principal\/wp-json\/wp\/v2\/media?parent=71801"}],"wp:term":[{"taxonomy":"category","embeddable":true,"href":"https:\/\/www.hoymercedes.com.ar\/principal\/wp-json\/wp\/v2\/categories?post=71801"},{"taxonomy":"post_tag","embeddable":true,"href":"https:\/\/www.hoymercedes.com.ar\/principal\/wp-json\/wp\/v2\/tags?post=71801"}],"curies":[{"name":"wp","href":"https:\/\/api.w.org\/{rel}","templated":true}]}}