{"id":7188,"date":"2011-09-12T02:47:58","date_gmt":"2011-09-12T02:47:58","guid":{"rendered":"http:\/\/www.hoymercedes.com.ar\/principal\/?p=7188"},"modified":"2011-09-12T02:47:58","modified_gmt":"2011-09-12T02:47:58","slug":"%c2%bfel-bicentenario-de-selva","status":"publish","type":"post","link":"https:\/\/www.hoymercedes.com.ar\/principal\/2011\/09\/12\/%c2%bfel-bicentenario-de-selva\/","title":{"rendered":"\u00bfEl Bicentenario de Selva?"},"content":{"rendered":"<p><span style=\"color: #000080;\"><strong>Por Sebasti\u00e1n Varcel\u00f3<br \/>\n<\/strong><span style=\"color: #000000;\">rmedios@gmail.com\u00a0<\/span><\/span><\/p>\n<p>Se dec\u00eda que la fiesta del Bicentenario del a\u00f1o pasado revivi\u00f3 el calor popular a favor de la Presidenta de la Naci\u00f3n, que ven\u00eda de algunos tragos amargos en t\u00e9rminos electorales y, tambi\u00e9n, medi\u00e1ticos.<\/p>\n<p>Luego del amargo sabor que le qued\u00f3 al selvismo tras las elecciones primarias surge una Fiesta que podr\u00eda convertirse en \u201cel bicentenario selvista\u201d en t\u00e9rminos de cambio de aire, alegr\u00eda popular y proyecci\u00f3n de un \u00e9xito sin brechas en cuanto a la gesti\u00f3n del programado encuentro.<\/p>\n<p>La Fiesta hace mucho tiempo es parte del folklore local, sin embargo, este a\u00f1o los acompa\u00f1aron los artistas, el clima, los productores, los artesanos, el buen humor, es decir, una sumatoria de notas positivas que son una puerta abierta a un intendente que viene desde hace semanas mostrando materializaciones respecto al cambio de aire.<\/p>\n<p>Funcionarios de provincia dieron presente. La militancia estuvo correctamente involucrada. Sin abusar ni profundizar en fanatismos dio el toque de m\u00edstica que necesita esa fuerza pol\u00edtica. Los medios capitalinos le dieron un espaldarazo as\u00ed como los de la provincia. Radio Metro, Mega, Brisas del Plata, El Mundo, Continental, Antena, Diario Clar\u00edn, Todo Noticias entre otros y la mayor\u00eda de los medios regionales proveyeron difusi\u00f3n a nivel masivo con entrevistas al intendente y algunos de sus funcionarios.<\/p>\n<p>El viernes se hab\u00edan quedado sin entradas anticipadas. Desde hace semanas la capacidad hotelera de la ciudad estaba agotada. Los comerciantes reforzaron sus stocks. Las expectativas estuvieron cubiertas.<\/p>\n<p>Un avi\u00f3n fue enviado por Melo a registrar desde el aire la caravana que ven\u00eda por Ruta 5 a la ciudad, im\u00e1genes del predio que ser\u00e1n, posiblemente, difundidas los pr\u00f3ximos d\u00edas. La prensa local, desde la Direcci\u00f3n de Prensa y el \u00e1rea de Protocolo estuvo bien atendida. El personal del corral\u00f3n trabaj\u00f3 horas extendidas para que las estructuras no fallaran.<\/p>\n<p>Pareciera como si los empleados quisieran darle un respiro al intendente. Como si dijeran este es nuestro aporte a la campa\u00f1a.<\/p>\n<p>Miles de personas que vinieron a Mercedes y los miles de vecinos generaron una fiesta en la que la mayor\u00eda de los presentes coincidi\u00f3 no se ve\u00eda en a\u00f1os.<\/p>\n<p>Ahora falta ver qu\u00e9 pasa en las pr\u00f3ximas horas. Indudablemente m\u00e1s de un advenedizo cercano a las fuerzas del intendente querr\u00e1 subirse al carro del acontecimiento. M\u00e1s de uno intentar\u00e1 sumar porotos para su cosecha. M\u00e1s de uno quedar\u00e1 relegado en las glorias merecidas.<\/p>\n<p>\u00bfQu\u00e9 har\u00e1 el intendente? Lo capitalizar\u00e1 o lo dejar\u00e1 esfumar como lo hizo con el corrimiento de algunos funcionarios donde no fue del todo explotado. \u00bfQu\u00e9 har\u00e1 la oposici\u00f3n? \u00bfReconocer\u00e1 la tarea bien realizada? \u00bfReconocer\u00e1 el valor social de la fiesta vivida? Los d\u00edas, el paso de los d\u00edas, y s\u00f3lo eso, nos dar\u00e1n algunas respuestas en t\u00e9rminos estrictamente pol\u00edticos.<\/p>\n<p>&nbsp;<\/p>\n","protected":false},"excerpt":{"rendered":"<p>Por Sebasti\u00e1n Varcel\u00f3 rmedios@gmail.com\u00a0 Se dec\u00eda que la fiesta del Bicentenario del a\u00f1o pasado revivi\u00f3 el calor popular a favor &#8230; <a title=\"\u00bfEl Bicentenario de Selva?\" class=\"read-more\" href=\"https:\/\/www.hoymercedes.com.ar\/principal\/2011\/09\/12\/%c2%bfel-bicentenario-de-selva\/\" aria-label=\"Leer m\u00e1s sobre \u00bfEl Bicentenario de Selva?\">Leer m\u00e1s<\/a><\/p>\n","protected":false},"author":1,"featured_media":0,"comment_status":"open","ping_status":"open","sticky":false,"template":"","format":"standard","meta":{"_monsterinsights_skip_tracking":false,"_monsterinsights_sitenote_active":false,"_monsterinsights_sitenote_note":"","_monsterinsights_sitenote_category":0,"jetpack_post_was_ever_published":false,"_jetpack_newsletter_access":"","_jetpack_dont_email_post_to_subs":false,"_jetpack_newsletter_tier_id":0,"_jetpack_memberships_contains_paywalled_content":false,"_jetpack_memberships_contains_paid_content":false,"footnotes":"","jetpack_publicize_message":"","jetpack_publicize_feature_enabled":true,"jetpack_social_post_already_shared":false,"jetpack_social_options":{"image_generator_settings":{"template":"highway","default_image_id":0,"font":"","enabled":false},"version":2},"_wpas_customize_per_network":false},"categories":[1],"tags":[1110,833,18],"class_list":["post-7188","post","type-post","status-publish","format-standard","hentry","category-opinion","tag-fiesta-del-salame","tag-sebastian-varcelo","tag-selva","generate-columns","tablet-grid-50","mobile-grid-100","grid-parent","grid-50"],"jetpack_publicize_connections":[],"jetpack_featured_media_url":"","wps_subtitle":"","jetpack_sharing_enabled":true,"_links":{"self":[{"href":"https:\/\/www.hoymercedes.com.ar\/principal\/wp-json\/wp\/v2\/posts\/7188","targetHints":{"allow":["GET"]}}],"collection":[{"href":"https:\/\/www.hoymercedes.com.ar\/principal\/wp-json\/wp\/v2\/posts"}],"about":[{"href":"https:\/\/www.hoymercedes.com.ar\/principal\/wp-json\/wp\/v2\/types\/post"}],"author":[{"embeddable":true,"href":"https:\/\/www.hoymercedes.com.ar\/principal\/wp-json\/wp\/v2\/users\/1"}],"replies":[{"embeddable":true,"href":"https:\/\/www.hoymercedes.com.ar\/principal\/wp-json\/wp\/v2\/comments?post=7188"}],"version-history":[{"count":0,"href":"https:\/\/www.hoymercedes.com.ar\/principal\/wp-json\/wp\/v2\/posts\/7188\/revisions"}],"wp:attachment":[{"href":"https:\/\/www.hoymercedes.com.ar\/principal\/wp-json\/wp\/v2\/media?parent=7188"}],"wp:term":[{"taxonomy":"category","embeddable":true,"href":"https:\/\/www.hoymercedes.com.ar\/principal\/wp-json\/wp\/v2\/categories?post=7188"},{"taxonomy":"post_tag","embeddable":true,"href":"https:\/\/www.hoymercedes.com.ar\/principal\/wp-json\/wp\/v2\/tags?post=7188"}],"curies":[{"name":"wp","href":"https:\/\/api.w.org\/{rel}","templated":true}]}}