{"id":7191,"date":"2011-09-12T02:53:33","date_gmt":"2011-09-12T02:53:33","guid":{"rendered":"http:\/\/www.hoymercedes.com.ar\/principal\/?p=7191"},"modified":"2011-09-12T02:54:44","modified_gmt":"2011-09-12T02:54:44","slug":"galeria-iii-jornada-fiesta-del-salame-soledad-reinas-y-importante-marco-de-publico","status":"publish","type":"post","link":"https:\/\/www.hoymercedes.com.ar\/principal\/2011\/09\/12\/galeria-iii-jornada-fiesta-del-salame-soledad-reinas-y-importante-marco-de-publico\/","title":{"rendered":"Galer\u00eda III Jornada Fiesta del Salame: Soledad, Reinas e importante marco de p\u00fablico"},"content":{"rendered":"<p>La tercera jornada de la 37\u00b0 Fiesta Nacional del Salame mostr\u00f3 un marco de p\u00fablico nuevamente record. Se lo esperaba, pero, as\u00ed y todo, no dej\u00f3 de sorprender a m\u00e1s de uno.<\/p>\n<p>Los puestos de comida se vieron colapsados, el ingreso a la ciudad se hizo\u00a0dif\u00edcil\u00a0por la cantidad de veh\u00edculos que ven\u00edan y los shows nuevamente brindaron un aroma \u00fanico.<\/p>\n<p><span style=\"color: #808080;\">(Clik en la imagen para agrandar)<\/span><\/p>\n<div class=\"tiled-gallery type-rectangular tiled-gallery-unresized\" data-original-width=\"1200\" data-carousel-extra='{&quot;blog_id&quot;:1,&quot;permalink&quot;:&quot;https:\\\/\\\/www.hoymercedes.com.ar\\\/principal\\\/2011\\\/09\\\/12\\\/galeria-iii-jornada-fiesta-del-salame-soledad-reinas-y-importante-marco-de-publico\\\/&quot;,&quot;likes_blog_id&quot;:50631561}' itemscope itemtype=\"http:\/\/schema.org\/ImageGallery\" > <div class=\"gallery-row\" style=\"width: 1200px; height: 227px;\" data-original-width=\"1200\" data-original-height=\"227\" > <div class=\"gallery-group images-1\" style=\"width: 400px; height: 227px;\" data-original-width=\"400\" data-original-height=\"227\" > <div class=\"tiled-gallery-item tiled-gallery-item-large\" itemprop=\"associatedMedia\" itemscope itemtype=\"http:\/\/schema.org\/ImageObject\"> <a href=\"https:\/\/i0.wp.com\/www.hoymercedes.com.ar\/principal\/wp-content\/uploads\/2011\/09\/FiestaSalame-11.09.2011028.jpg?ssl=1\" border=\"0\" itemprop=\"url\"> <meta itemprop=\"width\" content=\"396\"> <meta itemprop=\"height\" content=\"223\"> <img decoding=\"async\" class=\"\" data-attachment-id=\"7220\" data-orig-file=\"https:\/\/www.hoymercedes.com.ar\/principal\/wp-content\/uploads\/2011\/09\/FiestaSalame-11.09.2011028.jpg\" data-orig-size=\"700,394\" data-comments-opened=\"1\" data-image-meta=\"{&quot;aperture&quot;:&quot;4.6&quot;,&quot;credit&quot;:&quot;&quot;,&quot;camera&quot;:&quot;DSC-S730&quot;,&quot;caption&quot;:&quot;&quot;,&quot;created_timestamp&quot;:&quot;1313600782&quot;,&quot;copyright&quot;:&quot;&quot;,&quot;focal_length&quot;:&quot;15.08&quot;,&quot;iso&quot;:&quot;160&quot;,&quot;shutter_speed&quot;:&quot;0.016666666666667&quot;,&quot;title&quot;:&quot;&quot;}\" data-image-title=\"Fiesta Salame Quintero 2011\" data-image-description=\"&lt;p&gt;Fiesta Salame Quintero 2011&lt;\/p&gt; \" data-medium-file=\"https:\/\/www.hoymercedes.com.ar\/principal\/wp-content\/uploads\/2011\/09\/FiestaSalame-11.09.2011028-300x168.jpg\" data-large-file=\"https:\/\/www.hoymercedes.com.ar\/principal\/wp-content\/uploads\/2011\/09\/FiestaSalame-11.09.2011028.jpg\" src=\"https:\/\/i0.wp.com\/www.hoymercedes.com.ar\/principal\/wp-content\/uploads\/2011\/09\/FiestaSalame-11.09.2011028.jpg?w=396&#038;h=223&#038;ssl=1\" srcset=\"https:\/\/www.hoymercedes.com.ar\/principal\/wp-content\/uploads\/2011\/09\/FiestaSalame-11.09.2011028.jpg 700w, https:\/\/www.hoymercedes.com.ar\/principal\/wp-content\/uploads\/2011\/09\/FiestaSalame-11.09.2011028-300x168.jpg 300w\" width=\"396\" height=\"223\" loading=\"lazy\" data-original-width=\"396\" data-original-height=\"223\" itemprop=\"http:\/\/schema.org\/image\" title=\"Fiesta Salame Quintero 2011\" alt=\"Fiesta Salame Quintero 2011\" style=\"width: 396px; height: 223px;\" \/> <\/a> <div class=\"tiled-gallery-caption\" itemprop=\"caption description\"> Fiesta Salame Quintero 2011 <\/div> <\/div> <\/div> <!-- close group --> <div class=\"gallery-group images-1\" style=\"width: 400px; height: 227px;\" data-original-width=\"400\" data-original-height=\"227\" > <div class=\"tiled-gallery-item tiled-gallery-item-large\" itemprop=\"associatedMedia\" itemscope itemtype=\"http:\/\/schema.org\/ImageObject\"> <a href=\"https:\/\/i0.wp.com\/www.hoymercedes.com.ar\/principal\/wp-content\/uploads\/2011\/09\/FiestaSalame-11.09.2011027.jpg?ssl=1\" border=\"0\" itemprop=\"url\"> <meta itemprop=\"width\" content=\"396\"> <meta itemprop=\"height\" content=\"223\"> <img decoding=\"async\" class=\"\" data-attachment-id=\"7219\" data-orig-file=\"https:\/\/www.hoymercedes.com.ar\/principal\/wp-content\/uploads\/2011\/09\/FiestaSalame-11.09.2011027.jpg\" data-orig-size=\"700,394\" data-comments-opened=\"1\" data-image-meta=\"{&quot;aperture&quot;:&quot;4.8&quot;,&quot;credit&quot;:&quot;&quot;,&quot;camera&quot;:&quot;DSC-S730&quot;,&quot;caption&quot;:&quot;&quot;,&quot;created_timestamp&quot;:&quot;1313600761&quot;,&quot;copyright&quot;:&quot;&quot;,&quot;focal_length&quot;:&quot;17.4&quot;,&quot;iso&quot;:&quot;160&quot;,&quot;shutter_speed&quot;:&quot;0.0125&quot;,&quot;title&quot;:&quot;&quot;}\" data-image-title=\"Fiesta Salame Quintero 2011\" data-image-description=\"&lt;p&gt;Fiesta Salame Quintero 2011&lt;\/p&gt; \" data-medium-file=\"https:\/\/www.hoymercedes.com.ar\/principal\/wp-content\/uploads\/2011\/09\/FiestaSalame-11.09.2011027-300x168.jpg\" data-large-file=\"https:\/\/www.hoymercedes.com.ar\/principal\/wp-content\/uploads\/2011\/09\/FiestaSalame-11.09.2011027.jpg\" src=\"https:\/\/i0.wp.com\/www.hoymercedes.com.ar\/principal\/wp-content\/uploads\/2011\/09\/FiestaSalame-11.09.2011027.jpg?w=396&#038;h=223&#038;ssl=1\" srcset=\"https:\/\/www.hoymercedes.com.ar\/principal\/wp-content\/uploads\/2011\/09\/FiestaSalame-11.09.2011027.jpg 700w, https:\/\/www.hoymercedes.com.ar\/principal\/wp-content\/uploads\/2011\/09\/FiestaSalame-11.09.2011027-300x168.jpg 300w\" width=\"396\" height=\"223\" loading=\"lazy\" data-original-width=\"396\" data-original-height=\"223\" itemprop=\"http:\/\/schema.org\/image\" title=\"Fiesta Salame Quintero 2011\" alt=\"Fiesta Salame Quintero 2011\" style=\"width: 396px; height: 223px;\" \/> <\/a> <div class=\"tiled-gallery-caption\" itemprop=\"caption description\"> Fiesta Salame Quintero 2011 <\/div> <\/div> <\/div> <!-- close group --> <div class=\"gallery-group images-1\" style=\"width: 400px; height: 227px;\" data-original-width=\"400\" data-original-height=\"227\" > <div class=\"tiled-gallery-item tiled-gallery-item-large\" itemprop=\"associatedMedia\" itemscope itemtype=\"http:\/\/schema.org\/ImageObject\"> <a href=\"https:\/\/i0.wp.com\/www.hoymercedes.com.ar\/principal\/wp-content\/uploads\/2011\/09\/FiestaSalame-11.09.2011017.jpg?ssl=1\" border=\"0\" itemprop=\"url\"> <meta itemprop=\"width\" content=\"396\"> <meta itemprop=\"height\" content=\"223\"> <img decoding=\"async\" class=\"\" data-attachment-id=\"7209\" data-orig-file=\"https:\/\/www.hoymercedes.com.ar\/principal\/wp-content\/uploads\/2011\/09\/FiestaSalame-11.09.2011017.jpg\" data-orig-size=\"700,394\" data-comments-opened=\"1\" data-image-meta=\"{&quot;aperture&quot;:&quot;2.8&quot;,&quot;credit&quot;:&quot;&quot;,&quot;camera&quot;:&quot;DSC-S730&quot;,&quot;caption&quot;:&quot;&quot;,&quot;created_timestamp&quot;:&quot;1313596673&quot;,&quot;copyright&quot;:&quot;&quot;,&quot;focal_length&quot;:&quot;5.8&quot;,&quot;iso&quot;:&quot;100&quot;,&quot;shutter_speed&quot;:&quot;0.002&quot;,&quot;title&quot;:&quot;&quot;}\" data-image-title=\"Fiesta Salame Quintero 2011\" data-image-description=\"&lt;p&gt;Fiesta Salame Quintero 2011&lt;\/p&gt; \" data-medium-file=\"https:\/\/www.hoymercedes.com.ar\/principal\/wp-content\/uploads\/2011\/09\/FiestaSalame-11.09.2011017-300x168.jpg\" data-large-file=\"https:\/\/www.hoymercedes.com.ar\/principal\/wp-content\/uploads\/2011\/09\/FiestaSalame-11.09.2011017.jpg\" src=\"https:\/\/i0.wp.com\/www.hoymercedes.com.ar\/principal\/wp-content\/uploads\/2011\/09\/FiestaSalame-11.09.2011017.jpg?w=396&#038;h=223&#038;ssl=1\" srcset=\"https:\/\/www.hoymercedes.com.ar\/principal\/wp-content\/uploads\/2011\/09\/FiestaSalame-11.09.2011017.jpg 700w, https:\/\/www.hoymercedes.com.ar\/principal\/wp-content\/uploads\/2011\/09\/FiestaSalame-11.09.2011017-300x168.jpg 300w\" width=\"396\" height=\"223\" loading=\"lazy\" data-original-width=\"396\" data-original-height=\"223\" itemprop=\"http:\/\/schema.org\/image\" title=\"Fiesta Salame Quintero 2011\" alt=\"Fiesta Salame Quintero 2011\" style=\"width: 396px; height: 223px;\" \/> <\/a> <div class=\"tiled-gallery-caption\" itemprop=\"caption description\"> Fiesta Salame Quintero 2011 <\/div> <\/div> <\/div> <!-- close group --> <\/div> <!-- close row --> <div class=\"gallery-row\" style=\"width: 1200px; height: 339px;\" data-original-width=\"1200\" data-original-height=\"339\" > <div class=\"gallery-group images-1\" style=\"width: 600px; height: 339px;\" data-original-width=\"600\" data-original-height=\"339\" > <div class=\"tiled-gallery-item tiled-gallery-item-large\" itemprop=\"associatedMedia\" itemscope itemtype=\"http:\/\/schema.org\/ImageObject\"> <a href=\"https:\/\/i0.wp.com\/www.hoymercedes.com.ar\/principal\/wp-content\/uploads\/2011\/09\/FiestaSalame-11.09.2011014.jpg?ssl=1\" border=\"0\" itemprop=\"url\"> <meta itemprop=\"width\" content=\"596\"> <meta itemprop=\"height\" content=\"335\"> <img decoding=\"async\" class=\"\" data-attachment-id=\"7206\" data-orig-file=\"https:\/\/www.hoymercedes.com.ar\/principal\/wp-content\/uploads\/2011\/09\/FiestaSalame-11.09.2011014.jpg\" data-orig-size=\"700,394\" data-comments-opened=\"1\" data-image-meta=\"{&quot;aperture&quot;:&quot;4.2&quot;,&quot;credit&quot;:&quot;&quot;,&quot;camera&quot;:&quot;DSC-S730&quot;,&quot;caption&quot;:&quot;&quot;,&quot;created_timestamp&quot;:&quot;1313596150&quot;,&quot;copyright&quot;:&quot;&quot;,&quot;focal_length&quot;:&quot;12.76&quot;,&quot;iso&quot;:&quot;100&quot;,&quot;shutter_speed&quot;:&quot;0.005&quot;,&quot;title&quot;:&quot;&quot;}\" data-image-title=\"Fiesta Salame Quintero 2011\" data-image-description=\"&lt;p&gt;Fiesta Salame Quintero 2011&lt;\/p&gt; \" data-medium-file=\"https:\/\/www.hoymercedes.com.ar\/principal\/wp-content\/uploads\/2011\/09\/FiestaSalame-11.09.2011014-300x168.jpg\" data-large-file=\"https:\/\/www.hoymercedes.com.ar\/principal\/wp-content\/uploads\/2011\/09\/FiestaSalame-11.09.2011014.jpg\" src=\"https:\/\/i0.wp.com\/www.hoymercedes.com.ar\/principal\/wp-content\/uploads\/2011\/09\/FiestaSalame-11.09.2011014.jpg?w=596&#038;h=335&#038;ssl=1\" srcset=\"https:\/\/www.hoymercedes.com.ar\/principal\/wp-content\/uploads\/2011\/09\/FiestaSalame-11.09.2011014.jpg 700w, https:\/\/www.hoymercedes.com.ar\/principal\/wp-content\/uploads\/2011\/09\/FiestaSalame-11.09.2011014-300x168.jpg 300w\" width=\"596\" height=\"335\" loading=\"lazy\" data-original-width=\"596\" data-original-height=\"335\" itemprop=\"http:\/\/schema.org\/image\" title=\"Fiesta Salame Quintero 2011\" alt=\"Fiesta Salame Quintero 2011\" style=\"width: 596px; height: 335px;\" \/> <\/a> <div class=\"tiled-gallery-caption\" itemprop=\"caption description\"> Fiesta Salame Quintero 2011 <\/div> <\/div> <\/div> <!-- close group --> <div class=\"gallery-group images-1\" style=\"width: 600px; height: 339px;\" data-original-width=\"600\" data-original-height=\"339\" > <div class=\"tiled-gallery-item tiled-gallery-item-large\" itemprop=\"associatedMedia\" itemscope itemtype=\"http:\/\/schema.org\/ImageObject\"> <a href=\"https:\/\/i0.wp.com\/www.hoymercedes.com.ar\/principal\/wp-content\/uploads\/2011\/09\/FiestaSalame-11.09.2011003.jpg?ssl=1\" border=\"0\" itemprop=\"url\"> <meta itemprop=\"width\" content=\"596\"> <meta itemprop=\"height\" content=\"335\"> <img decoding=\"async\" class=\"\" data-attachment-id=\"7195\" data-orig-file=\"https:\/\/www.hoymercedes.com.ar\/principal\/wp-content\/uploads\/2011\/09\/FiestaSalame-11.09.2011003.jpg\" data-orig-size=\"700,394\" data-comments-opened=\"1\" data-image-meta=\"{&quot;aperture&quot;:&quot;2.8&quot;,&quot;credit&quot;:&quot;&quot;,&quot;camera&quot;:&quot;DSC-S730&quot;,&quot;caption&quot;:&quot;&quot;,&quot;created_timestamp&quot;:&quot;1313584076&quot;,&quot;copyright&quot;:&quot;&quot;,&quot;focal_length&quot;:&quot;5.8&quot;,&quot;iso&quot;:&quot;100&quot;,&quot;shutter_speed&quot;:&quot;0.002&quot;,&quot;title&quot;:&quot;&quot;}\" data-image-title=\"Fiesta Salame Quintero 2011\" data-image-description=\"&lt;p&gt;Fiesta Salame Quintero 2011&lt;\/p&gt; \" data-medium-file=\"https:\/\/www.hoymercedes.com.ar\/principal\/wp-content\/uploads\/2011\/09\/FiestaSalame-11.09.2011003-300x168.jpg\" data-large-file=\"https:\/\/www.hoymercedes.com.ar\/principal\/wp-content\/uploads\/2011\/09\/FiestaSalame-11.09.2011003.jpg\" src=\"https:\/\/i0.wp.com\/www.hoymercedes.com.ar\/principal\/wp-content\/uploads\/2011\/09\/FiestaSalame-11.09.2011003.jpg?w=596&#038;h=335&#038;ssl=1\" srcset=\"https:\/\/www.hoymercedes.com.ar\/principal\/wp-content\/uploads\/2011\/09\/FiestaSalame-11.09.2011003.jpg 700w, https:\/\/www.hoymercedes.com.ar\/principal\/wp-content\/uploads\/2011\/09\/FiestaSalame-11.09.2011003-300x168.jpg 300w\" width=\"596\" height=\"335\" loading=\"lazy\" data-original-width=\"596\" data-original-height=\"335\" itemprop=\"http:\/\/schema.org\/image\" title=\"Fiesta Salame Quintero 2011\" alt=\"Fiesta Salame Quintero 2011\" style=\"width: 596px; height: 335px;\" \/> <\/a> <div class=\"tiled-gallery-caption\" itemprop=\"caption description\"> Fiesta Salame Quintero 2011 <\/div> <\/div> <\/div> <!-- close group --> <\/div> <!-- close row --> <div class=\"gallery-row\" style=\"width: 1200px; height: 339px;\" data-original-width=\"1200\" data-original-height=\"339\" > <div class=\"gallery-group images-1\" style=\"width: 600px; height: 339px;\" data-original-width=\"600\" data-original-height=\"339\" > <div class=\"tiled-gallery-item tiled-gallery-item-large\" itemprop=\"associatedMedia\" itemscope itemtype=\"http:\/\/schema.org\/ImageObject\"> <a href=\"https:\/\/i0.wp.com\/www.hoymercedes.com.ar\/principal\/wp-content\/uploads\/2011\/09\/FiestaSalame-11.09.2011008.jpg?ssl=1\" border=\"0\" itemprop=\"url\"> <meta itemprop=\"width\" content=\"596\"> <meta itemprop=\"height\" content=\"335\"> <img decoding=\"async\" class=\"\" data-attachment-id=\"7200\" data-orig-file=\"https:\/\/www.hoymercedes.com.ar\/principal\/wp-content\/uploads\/2011\/09\/FiestaSalame-11.09.2011008.jpg\" data-orig-size=\"700,394\" data-comments-opened=\"1\" data-image-meta=\"{&quot;aperture&quot;:&quot;4.2&quot;,&quot;credit&quot;:&quot;&quot;,&quot;camera&quot;:&quot;DSC-S730&quot;,&quot;caption&quot;:&quot;&quot;,&quot;created_timestamp&quot;:&quot;1313591754&quot;,&quot;copyright&quot;:&quot;&quot;,&quot;focal_length&quot;:&quot;12.76&quot;,&quot;iso&quot;:&quot;100&quot;,&quot;shutter_speed&quot;:&quot;0.004&quot;,&quot;title&quot;:&quot;&quot;}\" data-image-title=\"Fiesta Salame Quintero 2011\" data-image-description=\"&lt;p&gt;Fiesta Salame Quintero 2011&lt;\/p&gt; \" data-medium-file=\"https:\/\/www.hoymercedes.com.ar\/principal\/wp-content\/uploads\/2011\/09\/FiestaSalame-11.09.2011008-300x168.jpg\" data-large-file=\"https:\/\/www.hoymercedes.com.ar\/principal\/wp-content\/uploads\/2011\/09\/FiestaSalame-11.09.2011008.jpg\" src=\"https:\/\/i0.wp.com\/www.hoymercedes.com.ar\/principal\/wp-content\/uploads\/2011\/09\/FiestaSalame-11.09.2011008.jpg?w=596&#038;h=335&#038;ssl=1\" srcset=\"https:\/\/www.hoymercedes.com.ar\/principal\/wp-content\/uploads\/2011\/09\/FiestaSalame-11.09.2011008.jpg 700w, https:\/\/www.hoymercedes.com.ar\/principal\/wp-content\/uploads\/2011\/09\/FiestaSalame-11.09.2011008-300x168.jpg 300w\" width=\"596\" height=\"335\" loading=\"lazy\" data-original-width=\"596\" data-original-height=\"335\" itemprop=\"http:\/\/schema.org\/image\" title=\"Fiesta Salame Quintero 2011\" alt=\"Fiesta Salame Quintero 2011\" style=\"width: 596px; height: 335px;\" \/> <\/a> <div class=\"tiled-gallery-caption\" itemprop=\"caption description\"> Fiesta Salame Quintero 2011 <\/div> <\/div> <\/div> <!-- close group --> <div class=\"gallery-group images-1\" style=\"width: 600px; height: 339px;\" data-original-width=\"600\" data-original-height=\"339\" > <div class=\"tiled-gallery-item tiled-gallery-item-large\" itemprop=\"associatedMedia\" itemscope itemtype=\"http:\/\/schema.org\/ImageObject\"> <a href=\"https:\/\/i0.wp.com\/www.hoymercedes.com.ar\/principal\/wp-content\/uploads\/2011\/09\/FiestaSalame-11.09.2011023.jpg?ssl=1\" border=\"0\" itemprop=\"url\"> <meta itemprop=\"width\" content=\"596\"> <meta itemprop=\"height\" content=\"335\"> <img decoding=\"async\" class=\"\" data-attachment-id=\"7215\" data-orig-file=\"https:\/\/www.hoymercedes.com.ar\/principal\/wp-content\/uploads\/2011\/09\/FiestaSalame-11.09.2011023.jpg\" data-orig-size=\"700,394\" data-comments-opened=\"1\" data-image-meta=\"{&quot;aperture&quot;:&quot;4.8&quot;,&quot;credit&quot;:&quot;&quot;,&quot;camera&quot;:&quot;DSC-S730&quot;,&quot;caption&quot;:&quot;&quot;,&quot;created_timestamp&quot;:&quot;1313599581&quot;,&quot;copyright&quot;:&quot;&quot;,&quot;focal_length&quot;:&quot;17.4&quot;,&quot;iso&quot;:&quot;160&quot;,&quot;shutter_speed&quot;:&quot;0.01&quot;,&quot;title&quot;:&quot;&quot;}\" data-image-title=\"Fiesta Salame Quintero 2011\" data-image-description=\"&lt;p&gt;Fiesta Salame Quintero 2011&lt;\/p&gt; \" data-medium-file=\"https:\/\/www.hoymercedes.com.ar\/principal\/wp-content\/uploads\/2011\/09\/FiestaSalame-11.09.2011023-300x168.jpg\" data-large-file=\"https:\/\/www.hoymercedes.com.ar\/principal\/wp-content\/uploads\/2011\/09\/FiestaSalame-11.09.2011023.jpg\" src=\"https:\/\/i0.wp.com\/www.hoymercedes.com.ar\/principal\/wp-content\/uploads\/2011\/09\/FiestaSalame-11.09.2011023.jpg?w=596&#038;h=335&#038;ssl=1\" srcset=\"https:\/\/www.hoymercedes.com.ar\/principal\/wp-content\/uploads\/2011\/09\/FiestaSalame-11.09.2011023.jpg 700w, https:\/\/www.hoymercedes.com.ar\/principal\/wp-content\/uploads\/2011\/09\/FiestaSalame-11.09.2011023-300x168.jpg 300w\" width=\"596\" height=\"335\" loading=\"lazy\" data-original-width=\"596\" data-original-height=\"335\" itemprop=\"http:\/\/schema.org\/image\" title=\"Fiesta Salame Quintero 2011\" alt=\"Fiesta Salame Quintero 2011\" style=\"width: 596px; height: 335px;\" \/> <\/a> <div class=\"tiled-gallery-caption\" itemprop=\"caption description\"> Fiesta Salame Quintero 2011 <\/div> <\/div> <\/div> <!-- close group --> <\/div> <!-- close row --> <div class=\"gallery-row\" style=\"width: 1200px; height: 339px;\" data-original-width=\"1200\" data-original-height=\"339\" > <div class=\"gallery-group images-1\" style=\"width: 600px; height: 339px;\" data-original-width=\"600\" data-original-height=\"339\" > <div class=\"tiled-gallery-item tiled-gallery-item-large\" itemprop=\"associatedMedia\" itemscope itemtype=\"http:\/\/schema.org\/ImageObject\"> <a href=\"https:\/\/i0.wp.com\/www.hoymercedes.com.ar\/principal\/wp-content\/uploads\/2011\/09\/FiestaSalame-11.09.2011025.jpg?ssl=1\" border=\"0\" itemprop=\"url\"> <meta itemprop=\"width\" content=\"596\"> <meta itemprop=\"height\" content=\"335\"> <img decoding=\"async\" class=\"\" data-attachment-id=\"7217\" data-orig-file=\"https:\/\/www.hoymercedes.com.ar\/principal\/wp-content\/uploads\/2011\/09\/FiestaSalame-11.09.2011025.jpg\" data-orig-size=\"700,394\" data-comments-opened=\"1\" data-image-meta=\"{&quot;aperture&quot;:&quot;4.6&quot;,&quot;credit&quot;:&quot;&quot;,&quot;camera&quot;:&quot;DSC-S730&quot;,&quot;caption&quot;:&quot;&quot;,&quot;created_timestamp&quot;:&quot;1313600155&quot;,&quot;copyright&quot;:&quot;&quot;,&quot;focal_length&quot;:&quot;15.08&quot;,&quot;iso&quot;:&quot;160&quot;,&quot;shutter_speed&quot;:&quot;0.0125&quot;,&quot;title&quot;:&quot;&quot;}\" data-image-title=\"Fiesta Salame Quintero 2011\" data-image-description=\"&lt;p&gt;Fiesta Salame Quintero 2011&lt;\/p&gt; \" data-medium-file=\"https:\/\/www.hoymercedes.com.ar\/principal\/wp-content\/uploads\/2011\/09\/FiestaSalame-11.09.2011025-300x168.jpg\" data-large-file=\"https:\/\/www.hoymercedes.com.ar\/principal\/wp-content\/uploads\/2011\/09\/FiestaSalame-11.09.2011025.jpg\" src=\"https:\/\/i0.wp.com\/www.hoymercedes.com.ar\/principal\/wp-content\/uploads\/2011\/09\/FiestaSalame-11.09.2011025.jpg?w=596&#038;h=335&#038;ssl=1\" srcset=\"https:\/\/www.hoymercedes.com.ar\/principal\/wp-content\/uploads\/2011\/09\/FiestaSalame-11.09.2011025.jpg 700w, https:\/\/www.hoymercedes.com.ar\/principal\/wp-content\/uploads\/2011\/09\/FiestaSalame-11.09.2011025-300x168.jpg 300w\" width=\"596\" height=\"335\" loading=\"lazy\" data-original-width=\"596\" data-original-height=\"335\" itemprop=\"http:\/\/schema.org\/image\" title=\"Fiesta Salame Quintero 2011\" alt=\"Fiesta Salame Quintero 2011\" style=\"width: 596px; height: 335px;\" \/> <\/a> <div class=\"tiled-gallery-caption\" itemprop=\"caption description\"> Fiesta Salame Quintero 2011 <\/div> <\/div> <\/div> <!-- close group --> <div class=\"gallery-group images-1\" style=\"width: 600px; height: 339px;\" data-original-width=\"600\" data-original-height=\"339\" > <div class=\"tiled-gallery-item tiled-gallery-item-large\" itemprop=\"associatedMedia\" itemscope itemtype=\"http:\/\/schema.org\/ImageObject\"> <a href=\"https:\/\/i0.wp.com\/www.hoymercedes.com.ar\/principal\/wp-content\/uploads\/2011\/09\/FiestaSalame-11.09.2011012.jpg?ssl=1\" border=\"0\" itemprop=\"url\"> <meta itemprop=\"width\" content=\"596\"> <meta itemprop=\"height\" content=\"335\"> <img decoding=\"async\" class=\"\" data-attachment-id=\"7204\" data-orig-file=\"https:\/\/www.hoymercedes.com.ar\/principal\/wp-content\/uploads\/2011\/09\/FiestaSalame-11.09.2011012.jpg\" data-orig-size=\"700,394\" data-comments-opened=\"1\" data-image-meta=\"{&quot;aperture&quot;:&quot;4.5&quot;,&quot;credit&quot;:&quot;&quot;,&quot;camera&quot;:&quot;DSC-S730&quot;,&quot;caption&quot;:&quot;&quot;,&quot;created_timestamp&quot;:&quot;1313594600&quot;,&quot;copyright&quot;:&quot;&quot;,&quot;focal_length&quot;:&quot;13.92&quot;,&quot;iso&quot;:&quot;160&quot;,&quot;shutter_speed&quot;:&quot;0.0125&quot;,&quot;title&quot;:&quot;&quot;}\" data-image-title=\"Fiesta Salame Quintero 2011\" data-image-description=\"&lt;p&gt;Fiesta Salame Quintero 2011&lt;\/p&gt; \" data-medium-file=\"https:\/\/www.hoymercedes.com.ar\/principal\/wp-content\/uploads\/2011\/09\/FiestaSalame-11.09.2011012-300x168.jpg\" data-large-file=\"https:\/\/www.hoymercedes.com.ar\/principal\/wp-content\/uploads\/2011\/09\/FiestaSalame-11.09.2011012.jpg\" src=\"https:\/\/i0.wp.com\/www.hoymercedes.com.ar\/principal\/wp-content\/uploads\/2011\/09\/FiestaSalame-11.09.2011012.jpg?w=596&#038;h=335&#038;ssl=1\" srcset=\"https:\/\/www.hoymercedes.com.ar\/principal\/wp-content\/uploads\/2011\/09\/FiestaSalame-11.09.2011012.jpg 700w, https:\/\/www.hoymercedes.com.ar\/principal\/wp-content\/uploads\/2011\/09\/FiestaSalame-11.09.2011012-300x168.jpg 300w\" width=\"596\" height=\"335\" loading=\"lazy\" data-original-width=\"596\" data-original-height=\"335\" itemprop=\"http:\/\/schema.org\/image\" title=\"Fiesta Salame Quintero 2011\" alt=\"Fiesta Salame Quintero 2011\" style=\"width: 596px; height: 335px;\" \/> <\/a> <div class=\"tiled-gallery-caption\" itemprop=\"caption description\"> Fiesta Salame Quintero 2011 <\/div> <\/div> <\/div> <!-- close group --> <\/div> <!-- close row --> <div class=\"gallery-row\" style=\"width: 1200px; height: 227px;\" data-original-width=\"1200\" data-original-height=\"227\" > <div class=\"gallery-group images-1\" style=\"width: 400px; height: 227px;\" data-original-width=\"400\" data-original-height=\"227\" > <div class=\"tiled-gallery-item tiled-gallery-item-large\" itemprop=\"associatedMedia\" itemscope itemtype=\"http:\/\/schema.org\/ImageObject\"> <a href=\"https:\/\/i0.wp.com\/www.hoymercedes.com.ar\/principal\/wp-content\/uploads\/2011\/09\/FiestaSalame-11.09.2011011.jpg?ssl=1\" border=\"0\" itemprop=\"url\"> <meta itemprop=\"width\" content=\"396\"> <meta itemprop=\"height\" content=\"223\"> <img decoding=\"async\" class=\"\" data-attachment-id=\"7203\" data-orig-file=\"https:\/\/www.hoymercedes.com.ar\/principal\/wp-content\/uploads\/2011\/09\/FiestaSalame-11.09.2011011.jpg\" data-orig-size=\"700,394\" data-comments-opened=\"1\" data-image-meta=\"{&quot;aperture&quot;:&quot;2.8&quot;,&quot;credit&quot;:&quot;&quot;,&quot;camera&quot;:&quot;DSC-S730&quot;,&quot;caption&quot;:&quot;&quot;,&quot;created_timestamp&quot;:&quot;1313594594&quot;,&quot;copyright&quot;:&quot;&quot;,&quot;focal_length&quot;:&quot;5.8&quot;,&quot;iso&quot;:&quot;100&quot;,&quot;shutter_speed&quot;:&quot;0.0125&quot;,&quot;title&quot;:&quot;&quot;}\" data-image-title=\"Fiesta Salame Quintero 2011\" data-image-description=\"&lt;p&gt;Fiesta Salame Quintero 2011&lt;\/p&gt; \" data-medium-file=\"https:\/\/www.hoymercedes.com.ar\/principal\/wp-content\/uploads\/2011\/09\/FiestaSalame-11.09.2011011-300x168.jpg\" data-large-file=\"https:\/\/www.hoymercedes.com.ar\/principal\/wp-content\/uploads\/2011\/09\/FiestaSalame-11.09.2011011.jpg\" src=\"https:\/\/i0.wp.com\/www.hoymercedes.com.ar\/principal\/wp-content\/uploads\/2011\/09\/FiestaSalame-11.09.2011011.jpg?w=396&#038;h=223&#038;ssl=1\" srcset=\"https:\/\/www.hoymercedes.com.ar\/principal\/wp-content\/uploads\/2011\/09\/FiestaSalame-11.09.2011011.jpg 700w, https:\/\/www.hoymercedes.com.ar\/principal\/wp-content\/uploads\/2011\/09\/FiestaSalame-11.09.2011011-300x168.jpg 300w\" width=\"396\" height=\"223\" loading=\"lazy\" data-original-width=\"396\" data-original-height=\"223\" itemprop=\"http:\/\/schema.org\/image\" title=\"Fiesta Salame Quintero 2011\" alt=\"Fiesta Salame Quintero 2011\" style=\"width: 396px; height: 223px;\" \/> <\/a> <div class=\"tiled-gallery-caption\" itemprop=\"caption description\"> Fiesta Salame Quintero 2011 <\/div> <\/div> <\/div> <!-- close group --> <div class=\"gallery-group images-1\" style=\"width: 400px; height: 227px;\" data-original-width=\"400\" data-original-height=\"227\" > <div class=\"tiled-gallery-item tiled-gallery-item-large\" itemprop=\"associatedMedia\" itemscope itemtype=\"http:\/\/schema.org\/ImageObject\"> <a href=\"https:\/\/i0.wp.com\/www.hoymercedes.com.ar\/principal\/wp-content\/uploads\/2011\/09\/FiestaSalame-11.09.2011006.jpg?ssl=1\" border=\"0\" itemprop=\"url\"> <meta itemprop=\"width\" content=\"396\"> <meta itemprop=\"height\" content=\"223\"> <img decoding=\"async\" class=\"\" data-attachment-id=\"7198\" data-orig-file=\"https:\/\/www.hoymercedes.com.ar\/principal\/wp-content\/uploads\/2011\/09\/FiestaSalame-11.09.2011006.jpg\" data-orig-size=\"700,394\" data-comments-opened=\"1\" data-image-meta=\"{&quot;aperture&quot;:&quot;5.6&quot;,&quot;credit&quot;:&quot;&quot;,&quot;camera&quot;:&quot;DSC-S730&quot;,&quot;caption&quot;:&quot;&quot;,&quot;created_timestamp&quot;:&quot;1313591628&quot;,&quot;copyright&quot;:&quot;&quot;,&quot;focal_length&quot;:&quot;5.8&quot;,&quot;iso&quot;:&quot;100&quot;,&quot;shutter_speed&quot;:&quot;0.0015625&quot;,&quot;title&quot;:&quot;&quot;}\" data-image-title=\"Fiesta Salame Quintero 2011\" data-image-description=\"&lt;p&gt;Fiesta Salame Quintero 2011&lt;\/p&gt; \" data-medium-file=\"https:\/\/www.hoymercedes.com.ar\/principal\/wp-content\/uploads\/2011\/09\/FiestaSalame-11.09.2011006-300x168.jpg\" data-large-file=\"https:\/\/www.hoymercedes.com.ar\/principal\/wp-content\/uploads\/2011\/09\/FiestaSalame-11.09.2011006.jpg\" src=\"https:\/\/i0.wp.com\/www.hoymercedes.com.ar\/principal\/wp-content\/uploads\/2011\/09\/FiestaSalame-11.09.2011006.jpg?w=396&#038;h=223&#038;ssl=1\" srcset=\"https:\/\/www.hoymercedes.com.ar\/principal\/wp-content\/uploads\/2011\/09\/FiestaSalame-11.09.2011006.jpg 700w, https:\/\/www.hoymercedes.com.ar\/principal\/wp-content\/uploads\/2011\/09\/FiestaSalame-11.09.2011006-300x168.jpg 300w\" width=\"396\" height=\"223\" loading=\"lazy\" data-original-width=\"396\" data-original-height=\"223\" itemprop=\"http:\/\/schema.org\/image\" title=\"Fiesta Salame Quintero 2011\" alt=\"Fiesta Salame Quintero 2011\" style=\"width: 396px; height: 223px;\" \/> <\/a> <div class=\"tiled-gallery-caption\" itemprop=\"caption description\"> Fiesta Salame Quintero 2011 <\/div> <\/div> <\/div> <!-- close group --> <div class=\"gallery-group images-1\" style=\"width: 400px; height: 227px;\" data-original-width=\"400\" data-original-height=\"227\" > <div class=\"tiled-gallery-item tiled-gallery-item-large\" itemprop=\"associatedMedia\" itemscope itemtype=\"http:\/\/schema.org\/ImageObject\"> <a href=\"https:\/\/i0.wp.com\/www.hoymercedes.com.ar\/principal\/wp-content\/uploads\/2011\/09\/FiestaSalame-11.09.2011001.jpg?ssl=1\" border=\"0\" itemprop=\"url\"> <meta itemprop=\"width\" content=\"396\"> <meta itemprop=\"height\" content=\"223\"> <img decoding=\"async\" class=\"\" data-attachment-id=\"7193\" data-orig-file=\"https:\/\/www.hoymercedes.com.ar\/principal\/wp-content\/uploads\/2011\/09\/FiestaSalame-11.09.2011001.jpg\" data-orig-size=\"700,394\" data-comments-opened=\"1\" data-image-meta=\"{&quot;aperture&quot;:&quot;5.6&quot;,&quot;credit&quot;:&quot;&quot;,&quot;camera&quot;:&quot;DSC-S730&quot;,&quot;caption&quot;:&quot;&quot;,&quot;created_timestamp&quot;:&quot;1313583949&quot;,&quot;copyright&quot;:&quot;&quot;,&quot;focal_length&quot;:&quot;5.8&quot;,&quot;iso&quot;:&quot;100&quot;,&quot;shutter_speed&quot;:&quot;0.008&quot;,&quot;title&quot;:&quot;&quot;}\" data-image-title=\"Fiesta Salame Quintero 2011\" data-image-description=\"&lt;p&gt;Fiesta Salame Quintero 2011&lt;\/p&gt; \" data-medium-file=\"https:\/\/www.hoymercedes.com.ar\/principal\/wp-content\/uploads\/2011\/09\/FiestaSalame-11.09.2011001-300x168.jpg\" data-large-file=\"https:\/\/www.hoymercedes.com.ar\/principal\/wp-content\/uploads\/2011\/09\/FiestaSalame-11.09.2011001.jpg\" src=\"https:\/\/i0.wp.com\/www.hoymercedes.com.ar\/principal\/wp-content\/uploads\/2011\/09\/FiestaSalame-11.09.2011001.jpg?w=396&#038;h=223&#038;ssl=1\" srcset=\"https:\/\/www.hoymercedes.com.ar\/principal\/wp-content\/uploads\/2011\/09\/FiestaSalame-11.09.2011001.jpg 700w, https:\/\/www.hoymercedes.com.ar\/principal\/wp-content\/uploads\/2011\/09\/FiestaSalame-11.09.2011001-300x168.jpg 300w\" width=\"396\" height=\"223\" loading=\"lazy\" data-original-width=\"396\" data-original-height=\"223\" itemprop=\"http:\/\/schema.org\/image\" title=\"Fiesta Salame Quintero 2011\" alt=\"Fiesta Salame Quintero 2011\" style=\"width: 396px; height: 223px;\" \/> <\/a> <div class=\"tiled-gallery-caption\" itemprop=\"caption description\"> Fiesta Salame Quintero 2011 <\/div> <\/div> <\/div> <!-- close group --> <\/div> <!-- close row --> <div class=\"gallery-row\" style=\"width: 1200px; height: 339px;\" data-original-width=\"1200\" data-original-height=\"339\" > <div class=\"gallery-group images-1\" style=\"width: 600px; height: 339px;\" data-original-width=\"600\" data-original-height=\"339\" > <div class=\"tiled-gallery-item tiled-gallery-item-large\" itemprop=\"associatedMedia\" itemscope itemtype=\"http:\/\/schema.org\/ImageObject\"> <a href=\"https:\/\/i0.wp.com\/www.hoymercedes.com.ar\/principal\/wp-content\/uploads\/2011\/09\/FiestaSalame-11.09.2011013.jpg?ssl=1\" border=\"0\" itemprop=\"url\"> <meta itemprop=\"width\" content=\"596\"> <meta itemprop=\"height\" content=\"335\"> <img decoding=\"async\" class=\"\" data-attachment-id=\"7205\" data-orig-file=\"https:\/\/www.hoymercedes.com.ar\/principal\/wp-content\/uploads\/2011\/09\/FiestaSalame-11.09.2011013.jpg\" data-orig-size=\"700,394\" data-comments-opened=\"1\" data-image-meta=\"{&quot;aperture&quot;:&quot;4.2&quot;,&quot;credit&quot;:&quot;&quot;,&quot;camera&quot;:&quot;DSC-S730&quot;,&quot;caption&quot;:&quot;&quot;,&quot;created_timestamp&quot;:&quot;1313596136&quot;,&quot;copyright&quot;:&quot;&quot;,&quot;focal_length&quot;:&quot;12.76&quot;,&quot;iso&quot;:&quot;100&quot;,&quot;shutter_speed&quot;:&quot;0.00625&quot;,&quot;title&quot;:&quot;&quot;}\" data-image-title=\"Fiesta Salame Quintero 2011\" data-image-description=\"&lt;p&gt;Fiesta Salame Quintero 2011&lt;\/p&gt; \" data-medium-file=\"https:\/\/www.hoymercedes.com.ar\/principal\/wp-content\/uploads\/2011\/09\/FiestaSalame-11.09.2011013-300x168.jpg\" data-large-file=\"https:\/\/www.hoymercedes.com.ar\/principal\/wp-content\/uploads\/2011\/09\/FiestaSalame-11.09.2011013.jpg\" src=\"https:\/\/i0.wp.com\/www.hoymercedes.com.ar\/principal\/wp-content\/uploads\/2011\/09\/FiestaSalame-11.09.2011013.jpg?w=596&#038;h=335&#038;ssl=1\" srcset=\"https:\/\/www.hoymercedes.com.ar\/principal\/wp-content\/uploads\/2011\/09\/FiestaSalame-11.09.2011013.jpg 700w, https:\/\/www.hoymercedes.com.ar\/principal\/wp-content\/uploads\/2011\/09\/FiestaSalame-11.09.2011013-300x168.jpg 300w\" width=\"596\" height=\"335\" loading=\"lazy\" data-original-width=\"596\" data-original-height=\"335\" itemprop=\"http:\/\/schema.org\/image\" title=\"Fiesta Salame Quintero 2011\" alt=\"Fiesta Salame Quintero 2011\" style=\"width: 596px; height: 335px;\" \/> <\/a> <div class=\"tiled-gallery-caption\" itemprop=\"caption description\"> Fiesta Salame Quintero 2011 <\/div> <\/div> <\/div> <!-- close group --> <div class=\"gallery-group images-1\" style=\"width: 600px; height: 339px;\" data-original-width=\"600\" data-original-height=\"339\" > <div class=\"tiled-gallery-item tiled-gallery-item-large\" itemprop=\"associatedMedia\" itemscope itemtype=\"http:\/\/schema.org\/ImageObject\"> <a href=\"https:\/\/i0.wp.com\/www.hoymercedes.com.ar\/principal\/wp-content\/uploads\/2011\/09\/FiestaSalame-11.09.2011020.jpg?ssl=1\" border=\"0\" itemprop=\"url\"> <meta itemprop=\"width\" content=\"596\"> <meta itemprop=\"height\" content=\"335\"> <img decoding=\"async\" class=\"\" data-attachment-id=\"7212\" data-orig-file=\"https:\/\/www.hoymercedes.com.ar\/principal\/wp-content\/uploads\/2011\/09\/FiestaSalame-11.09.2011020.jpg\" data-orig-size=\"700,394\" data-comments-opened=\"1\" data-image-meta=\"{&quot;aperture&quot;:&quot;5.6&quot;,&quot;credit&quot;:&quot;&quot;,&quot;camera&quot;:&quot;DSC-S730&quot;,&quot;caption&quot;:&quot;&quot;,&quot;created_timestamp&quot;:&quot;1313599369&quot;,&quot;copyright&quot;:&quot;&quot;,&quot;focal_length&quot;:&quot;5.8&quot;,&quot;iso&quot;:&quot;100&quot;,&quot;shutter_speed&quot;:&quot;0.008&quot;,&quot;title&quot;:&quot;&quot;}\" data-image-title=\"Fiesta Salame Quintero 2011\" data-image-description=\"&lt;p&gt;Fiesta Salame Quintero 2011&lt;\/p&gt; \" data-medium-file=\"https:\/\/www.hoymercedes.com.ar\/principal\/wp-content\/uploads\/2011\/09\/FiestaSalame-11.09.2011020-300x168.jpg\" data-large-file=\"https:\/\/www.hoymercedes.com.ar\/principal\/wp-content\/uploads\/2011\/09\/FiestaSalame-11.09.2011020.jpg\" src=\"https:\/\/i0.wp.com\/www.hoymercedes.com.ar\/principal\/wp-content\/uploads\/2011\/09\/FiestaSalame-11.09.2011020.jpg?w=596&#038;h=335&#038;ssl=1\" srcset=\"https:\/\/www.hoymercedes.com.ar\/principal\/wp-content\/uploads\/2011\/09\/FiestaSalame-11.09.2011020.jpg 700w, https:\/\/www.hoymercedes.com.ar\/principal\/wp-content\/uploads\/2011\/09\/FiestaSalame-11.09.2011020-300x168.jpg 300w\" width=\"596\" height=\"335\" loading=\"lazy\" data-original-width=\"596\" data-original-height=\"335\" itemprop=\"http:\/\/schema.org\/image\" title=\"Fiesta Salame Quintero 2011\" alt=\"Fiesta Salame Quintero 2011\" style=\"width: 596px; height: 335px;\" \/> <\/a> <div class=\"tiled-gallery-caption\" itemprop=\"caption description\"> Fiesta Salame Quintero 2011 <\/div> <\/div> <\/div> <!-- close group --> <\/div> <!-- close row --> <div class=\"gallery-row\" style=\"width: 1200px; height: 339px;\" data-original-width=\"1200\" data-original-height=\"339\" > <div class=\"gallery-group images-1\" style=\"width: 600px; height: 339px;\" data-original-width=\"600\" data-original-height=\"339\" > <div class=\"tiled-gallery-item tiled-gallery-item-large\" itemprop=\"associatedMedia\" itemscope itemtype=\"http:\/\/schema.org\/ImageObject\"> <a href=\"https:\/\/i0.wp.com\/www.hoymercedes.com.ar\/principal\/wp-content\/uploads\/2011\/09\/FiestaSalame-11.09.2011015.jpg?ssl=1\" border=\"0\" itemprop=\"url\"> <meta itemprop=\"width\" content=\"596\"> <meta itemprop=\"height\" content=\"335\"> <img decoding=\"async\" class=\"\" data-attachment-id=\"7207\" data-orig-file=\"https:\/\/www.hoymercedes.com.ar\/principal\/wp-content\/uploads\/2011\/09\/FiestaSalame-11.09.2011015.jpg\" data-orig-size=\"700,394\" data-comments-opened=\"1\" data-image-meta=\"{&quot;aperture&quot;:&quot;4.2&quot;,&quot;credit&quot;:&quot;&quot;,&quot;camera&quot;:&quot;DSC-S730&quot;,&quot;caption&quot;:&quot;&quot;,&quot;created_timestamp&quot;:&quot;1313596154&quot;,&quot;copyright&quot;:&quot;&quot;,&quot;focal_length&quot;:&quot;12.76&quot;,&quot;iso&quot;:&quot;100&quot;,&quot;shutter_speed&quot;:&quot;0.005&quot;,&quot;title&quot;:&quot;&quot;}\" data-image-title=\"Fiesta Salame Quintero 2011\" data-image-description=\"&lt;p&gt;Fiesta Salame Quintero 2011&lt;\/p&gt; \" data-medium-file=\"https:\/\/www.hoymercedes.com.ar\/principal\/wp-content\/uploads\/2011\/09\/FiestaSalame-11.09.2011015-300x168.jpg\" data-large-file=\"https:\/\/www.hoymercedes.com.ar\/principal\/wp-content\/uploads\/2011\/09\/FiestaSalame-11.09.2011015.jpg\" src=\"https:\/\/i0.wp.com\/www.hoymercedes.com.ar\/principal\/wp-content\/uploads\/2011\/09\/FiestaSalame-11.09.2011015.jpg?w=596&#038;h=335&#038;ssl=1\" srcset=\"https:\/\/www.hoymercedes.com.ar\/principal\/wp-content\/uploads\/2011\/09\/FiestaSalame-11.09.2011015.jpg 700w, https:\/\/www.hoymercedes.com.ar\/principal\/wp-content\/uploads\/2011\/09\/FiestaSalame-11.09.2011015-300x168.jpg 300w\" width=\"596\" height=\"335\" loading=\"lazy\" data-original-width=\"596\" data-original-height=\"335\" itemprop=\"http:\/\/schema.org\/image\" title=\"Fiesta Salame Quintero 2011\" alt=\"Fiesta Salame Quintero 2011\" style=\"width: 596px; height: 335px;\" \/> <\/a> <div class=\"tiled-gallery-caption\" itemprop=\"caption description\"> Fiesta Salame Quintero 2011 <\/div> <\/div> <\/div> <!-- close group --> <div class=\"gallery-group images-1\" style=\"width: 600px; height: 339px;\" data-original-width=\"600\" data-original-height=\"339\" > <div class=\"tiled-gallery-item tiled-gallery-item-large\" itemprop=\"associatedMedia\" itemscope itemtype=\"http:\/\/schema.org\/ImageObject\"> <a href=\"https:\/\/i0.wp.com\/www.hoymercedes.com.ar\/principal\/wp-content\/uploads\/2011\/09\/FiestaSalame-11.09.2011002.jpg?ssl=1\" border=\"0\" itemprop=\"url\"> <meta itemprop=\"width\" content=\"596\"> <meta itemprop=\"height\" content=\"335\"> <img decoding=\"async\" class=\"\" data-attachment-id=\"7194\" data-orig-file=\"https:\/\/www.hoymercedes.com.ar\/principal\/wp-content\/uploads\/2011\/09\/FiestaSalame-11.09.2011002.jpg\" data-orig-size=\"700,394\" data-comments-opened=\"1\" data-image-meta=\"{&quot;aperture&quot;:&quot;5.6&quot;,&quot;credit&quot;:&quot;&quot;,&quot;camera&quot;:&quot;DSC-S730&quot;,&quot;caption&quot;:&quot;&quot;,&quot;created_timestamp&quot;:&quot;1313584017&quot;,&quot;copyright&quot;:&quot;&quot;,&quot;focal_length&quot;:&quot;5.8&quot;,&quot;iso&quot;:&quot;100&quot;,&quot;shutter_speed&quot;:&quot;0.0015625&quot;,&quot;title&quot;:&quot;&quot;}\" data-image-title=\"Fiesta Salame Quintero 2011\" data-image-description=\"&lt;p&gt;Fiesta Salame Quintero 2011&lt;\/p&gt; \" data-medium-file=\"https:\/\/www.hoymercedes.com.ar\/principal\/wp-content\/uploads\/2011\/09\/FiestaSalame-11.09.2011002-300x168.jpg\" data-large-file=\"https:\/\/www.hoymercedes.com.ar\/principal\/wp-content\/uploads\/2011\/09\/FiestaSalame-11.09.2011002.jpg\" src=\"https:\/\/i0.wp.com\/www.hoymercedes.com.ar\/principal\/wp-content\/uploads\/2011\/09\/FiestaSalame-11.09.2011002.jpg?w=596&#038;h=335&#038;ssl=1\" srcset=\"https:\/\/www.hoymercedes.com.ar\/principal\/wp-content\/uploads\/2011\/09\/FiestaSalame-11.09.2011002.jpg 700w, https:\/\/www.hoymercedes.com.ar\/principal\/wp-content\/uploads\/2011\/09\/FiestaSalame-11.09.2011002-300x168.jpg 300w\" width=\"596\" height=\"335\" loading=\"lazy\" data-original-width=\"596\" data-original-height=\"335\" itemprop=\"http:\/\/schema.org\/image\" title=\"Fiesta Salame Quintero 2011\" alt=\"Fiesta Salame Quintero 2011\" style=\"width: 596px; height: 335px;\" \/> <\/a> <div class=\"tiled-gallery-caption\" itemprop=\"caption description\"> Fiesta Salame Quintero 2011 <\/div> <\/div> <\/div> <!-- close group --> <\/div> <!-- close row --> <div class=\"gallery-row\" style=\"width: 1200px; height: 1040px;\" data-original-width=\"1200\" data-original-height=\"1040\" > <div class=\"gallery-group images-3\" style=\"width: 613px; height: 1040px;\" data-original-width=\"613\" data-original-height=\"1040\" > <div class=\"tiled-gallery-item tiled-gallery-item-large\" itemprop=\"associatedMedia\" itemscope itemtype=\"http:\/\/schema.org\/ImageObject\"> <a href=\"https:\/\/i0.wp.com\/www.hoymercedes.com.ar\/principal\/wp-content\/uploads\/2011\/09\/FiestaSalame-11.09.2011022.jpg?ssl=1\" border=\"0\" itemprop=\"url\"> <meta itemprop=\"width\" content=\"609\"> <meta itemprop=\"height\" content=\"343\"> <img decoding=\"async\" class=\"\" data-attachment-id=\"7214\" data-orig-file=\"https:\/\/www.hoymercedes.com.ar\/principal\/wp-content\/uploads\/2011\/09\/FiestaSalame-11.09.2011022.jpg\" data-orig-size=\"700,394\" data-comments-opened=\"1\" data-image-meta=\"{&quot;aperture&quot;:&quot;4.6&quot;,&quot;credit&quot;:&quot;&quot;,&quot;camera&quot;:&quot;DSC-S730&quot;,&quot;caption&quot;:&quot;&quot;,&quot;created_timestamp&quot;:&quot;1313599391&quot;,&quot;copyright&quot;:&quot;&quot;,&quot;focal_length&quot;:&quot;15.08&quot;,&quot;iso&quot;:&quot;125&quot;,&quot;shutter_speed&quot;:&quot;0.0125&quot;,&quot;title&quot;:&quot;&quot;}\" data-image-title=\"Fiesta Salame Quintero 2011\" data-image-description=\"&lt;p&gt;Fiesta Salame Quintero 2011&lt;\/p&gt; \" data-medium-file=\"https:\/\/www.hoymercedes.com.ar\/principal\/wp-content\/uploads\/2011\/09\/FiestaSalame-11.09.2011022-300x168.jpg\" data-large-file=\"https:\/\/www.hoymercedes.com.ar\/principal\/wp-content\/uploads\/2011\/09\/FiestaSalame-11.09.2011022.jpg\" src=\"https:\/\/i0.wp.com\/www.hoymercedes.com.ar\/principal\/wp-content\/uploads\/2011\/09\/FiestaSalame-11.09.2011022.jpg?w=609&#038;h=343&#038;ssl=1\" srcset=\"https:\/\/www.hoymercedes.com.ar\/principal\/wp-content\/uploads\/2011\/09\/FiestaSalame-11.09.2011022.jpg 700w, https:\/\/www.hoymercedes.com.ar\/principal\/wp-content\/uploads\/2011\/09\/FiestaSalame-11.09.2011022-300x168.jpg 300w\" width=\"609\" height=\"343\" loading=\"lazy\" data-original-width=\"609\" data-original-height=\"343\" itemprop=\"http:\/\/schema.org\/image\" title=\"Fiesta Salame Quintero 2011\" alt=\"Fiesta Salame Quintero 2011\" style=\"width: 609px; height: 343px;\" \/> <\/a> <div class=\"tiled-gallery-caption\" itemprop=\"caption description\"> Fiesta Salame Quintero 2011 <\/div> <\/div> <div class=\"tiled-gallery-item tiled-gallery-item-large\" itemprop=\"associatedMedia\" itemscope itemtype=\"http:\/\/schema.org\/ImageObject\"> <a href=\"https:\/\/i0.wp.com\/www.hoymercedes.com.ar\/principal\/wp-content\/uploads\/2011\/09\/FiestaSalame-11.09.2011026.jpg?ssl=1\" border=\"0\" itemprop=\"url\"> <meta itemprop=\"width\" content=\"609\"> <meta itemprop=\"height\" content=\"343\"> <img decoding=\"async\" class=\"\" data-attachment-id=\"7218\" data-orig-file=\"https:\/\/www.hoymercedes.com.ar\/principal\/wp-content\/uploads\/2011\/09\/FiestaSalame-11.09.2011026.jpg\" data-orig-size=\"700,394\" data-comments-opened=\"1\" data-image-meta=\"{&quot;aperture&quot;:&quot;2.8&quot;,&quot;credit&quot;:&quot;&quot;,&quot;camera&quot;:&quot;DSC-S730&quot;,&quot;caption&quot;:&quot;&quot;,&quot;created_timestamp&quot;:&quot;1313600400&quot;,&quot;copyright&quot;:&quot;&quot;,&quot;focal_length&quot;:&quot;5.8&quot;,&quot;iso&quot;:&quot;100&quot;,&quot;shutter_speed&quot;:&quot;0.0025&quot;,&quot;title&quot;:&quot;&quot;}\" data-image-title=\"Fiesta Salame Quintero 2011\" data-image-description=\"&lt;p&gt;Fiesta Salame Quintero 2011&lt;\/p&gt; \" data-medium-file=\"https:\/\/www.hoymercedes.com.ar\/principal\/wp-content\/uploads\/2011\/09\/FiestaSalame-11.09.2011026-300x168.jpg\" data-large-file=\"https:\/\/www.hoymercedes.com.ar\/principal\/wp-content\/uploads\/2011\/09\/FiestaSalame-11.09.2011026.jpg\" src=\"https:\/\/i0.wp.com\/www.hoymercedes.com.ar\/principal\/wp-content\/uploads\/2011\/09\/FiestaSalame-11.09.2011026.jpg?w=609&#038;h=343&#038;ssl=1\" srcset=\"https:\/\/www.hoymercedes.com.ar\/principal\/wp-content\/uploads\/2011\/09\/FiestaSalame-11.09.2011026.jpg 700w, https:\/\/www.hoymercedes.com.ar\/principal\/wp-content\/uploads\/2011\/09\/FiestaSalame-11.09.2011026-300x168.jpg 300w\" width=\"609\" height=\"343\" loading=\"lazy\" data-original-width=\"609\" data-original-height=\"343\" itemprop=\"http:\/\/schema.org\/image\" title=\"Fiesta Salame Quintero 2011\" alt=\"Fiesta Salame Quintero 2011\" style=\"width: 609px; height: 343px;\" \/> <\/a> <div class=\"tiled-gallery-caption\" itemprop=\"caption description\"> Fiesta Salame Quintero 2011 <\/div> <\/div> <div class=\"tiled-gallery-item tiled-gallery-item-large\" itemprop=\"associatedMedia\" itemscope itemtype=\"http:\/\/schema.org\/ImageObject\"> <a href=\"https:\/\/i0.wp.com\/www.hoymercedes.com.ar\/principal\/wp-content\/uploads\/2011\/09\/FiestaSalame-11.09.2011005.jpg?ssl=1\" border=\"0\" itemprop=\"url\"> <meta itemprop=\"width\" content=\"609\"> <meta itemprop=\"height\" content=\"342\"> <img decoding=\"async\" class=\"\" data-attachment-id=\"7197\" data-orig-file=\"https:\/\/www.hoymercedes.com.ar\/principal\/wp-content\/uploads\/2011\/09\/FiestaSalame-11.09.2011005.jpg\" data-orig-size=\"700,394\" data-comments-opened=\"1\" data-image-meta=\"{&quot;aperture&quot;:&quot;5.6&quot;,&quot;credit&quot;:&quot;&quot;,&quot;camera&quot;:&quot;DSC-S730&quot;,&quot;caption&quot;:&quot;&quot;,&quot;created_timestamp&quot;:&quot;1313588082&quot;,&quot;copyright&quot;:&quot;&quot;,&quot;focal_length&quot;:&quot;5.8&quot;,&quot;iso&quot;:&quot;100&quot;,&quot;shutter_speed&quot;:&quot;0.004&quot;,&quot;title&quot;:&quot;&quot;}\" data-image-title=\"Fiesta Salame Quintero 2011\" data-image-description=\"&lt;p&gt;Fiesta Salame Quintero 2011&lt;\/p&gt; \" data-medium-file=\"https:\/\/www.hoymercedes.com.ar\/principal\/wp-content\/uploads\/2011\/09\/FiestaSalame-11.09.2011005-300x168.jpg\" data-large-file=\"https:\/\/www.hoymercedes.com.ar\/principal\/wp-content\/uploads\/2011\/09\/FiestaSalame-11.09.2011005.jpg\" src=\"https:\/\/i0.wp.com\/www.hoymercedes.com.ar\/principal\/wp-content\/uploads\/2011\/09\/FiestaSalame-11.09.2011005.jpg?w=609&#038;h=342&#038;ssl=1\" srcset=\"https:\/\/www.hoymercedes.com.ar\/principal\/wp-content\/uploads\/2011\/09\/FiestaSalame-11.09.2011005.jpg 700w, https:\/\/www.hoymercedes.com.ar\/principal\/wp-content\/uploads\/2011\/09\/FiestaSalame-11.09.2011005-300x168.jpg 300w\" width=\"609\" height=\"342\" loading=\"lazy\" data-original-width=\"609\" data-original-height=\"342\" itemprop=\"http:\/\/schema.org\/image\" title=\"Fiesta Salame Quintero 2011\" alt=\"Fiesta Salame Quintero 2011\" style=\"width: 609px; height: 342px;\" \/> <\/a> <div class=\"tiled-gallery-caption\" itemprop=\"caption description\"> Fiesta Salame Quintero 2011 <\/div> <\/div> <\/div> <!-- close group --> <div class=\"gallery-group images-1\" style=\"width: 587px; height: 1040px;\" data-original-width=\"587\" data-original-height=\"1040\" > <div class=\"tiled-gallery-item tiled-gallery-item-large\" itemprop=\"associatedMedia\" itemscope itemtype=\"http:\/\/schema.org\/ImageObject\"> <a href=\"https:\/\/i0.wp.com\/www.hoymercedes.com.ar\/principal\/wp-content\/uploads\/2011\/09\/FiestaSalame-11.09.2011024.jpg?ssl=1\" border=\"0\" itemprop=\"url\"> <meta itemprop=\"width\" content=\"583\"> <meta itemprop=\"height\" content=\"1036\"> <img decoding=\"async\" class=\"\" data-attachment-id=\"7216\" data-orig-file=\"https:\/\/www.hoymercedes.com.ar\/principal\/wp-content\/uploads\/2011\/09\/FiestaSalame-11.09.2011024.jpg\" data-orig-size=\"700,1244\" data-comments-opened=\"1\" data-image-meta=\"{&quot;aperture&quot;:&quot;4.8&quot;,&quot;credit&quot;:&quot;&quot;,&quot;camera&quot;:&quot;DSC-S730&quot;,&quot;caption&quot;:&quot;&quot;,&quot;created_timestamp&quot;:&quot;1313599597&quot;,&quot;copyright&quot;:&quot;&quot;,&quot;focal_length&quot;:&quot;17.4&quot;,&quot;iso&quot;:&quot;160&quot;,&quot;shutter_speed&quot;:&quot;0.008&quot;,&quot;title&quot;:&quot;&quot;}\" data-image-title=\"Fiesta Salame Quintero 2011\" data-image-description=\"&lt;p&gt;Fiesta Salame Quintero 2011&lt;\/p&gt; \" data-medium-file=\"https:\/\/www.hoymercedes.com.ar\/principal\/wp-content\/uploads\/2011\/09\/FiestaSalame-11.09.2011024-168x300.jpg\" data-large-file=\"https:\/\/www.hoymercedes.com.ar\/principal\/wp-content\/uploads\/2011\/09\/FiestaSalame-11.09.2011024-576x1024.jpg\" src=\"https:\/\/i0.wp.com\/www.hoymercedes.com.ar\/principal\/wp-content\/uploads\/2011\/09\/FiestaSalame-11.09.2011024.jpg?w=583&#038;h=1036&#038;ssl=1\" srcset=\"https:\/\/www.hoymercedes.com.ar\/principal\/wp-content\/uploads\/2011\/09\/FiestaSalame-11.09.2011024.jpg 700w, https:\/\/www.hoymercedes.com.ar\/principal\/wp-content\/uploads\/2011\/09\/FiestaSalame-11.09.2011024-168x300.jpg 168w, https:\/\/www.hoymercedes.com.ar\/principal\/wp-content\/uploads\/2011\/09\/FiestaSalame-11.09.2011024-576x1024.jpg 576w\" width=\"583\" height=\"1036\" loading=\"lazy\" data-original-width=\"583\" data-original-height=\"1036\" itemprop=\"http:\/\/schema.org\/image\" title=\"Fiesta Salame Quintero 2011\" alt=\"Fiesta Salame Quintero 2011\" style=\"width: 583px; height: 1036px;\" \/> <\/a> <div class=\"tiled-gallery-caption\" itemprop=\"caption description\"> Fiesta Salame Quintero 2011 <\/div> <\/div> <\/div> <!-- close group --> <\/div> <!-- close row --> <div class=\"gallery-row\" style=\"width: 1200px; height: 227px;\" data-original-width=\"1200\" data-original-height=\"227\" > <div class=\"gallery-group images-1\" style=\"width: 400px; height: 227px;\" data-original-width=\"400\" data-original-height=\"227\" > <div class=\"tiled-gallery-item tiled-gallery-item-large\" itemprop=\"associatedMedia\" itemscope itemtype=\"http:\/\/schema.org\/ImageObject\"> <a href=\"https:\/\/i0.wp.com\/www.hoymercedes.com.ar\/principal\/wp-content\/uploads\/2011\/09\/FiestaSalame-11.09.2011030.jpg?ssl=1\" border=\"0\" itemprop=\"url\"> <meta itemprop=\"width\" content=\"396\"> <meta itemprop=\"height\" content=\"223\"> <img decoding=\"async\" class=\"\" data-attachment-id=\"7222\" data-orig-file=\"https:\/\/www.hoymercedes.com.ar\/principal\/wp-content\/uploads\/2011\/09\/FiestaSalame-11.09.2011030.jpg\" data-orig-size=\"700,394\" data-comments-opened=\"1\" data-image-meta=\"{&quot;aperture&quot;:&quot;3.9&quot;,&quot;credit&quot;:&quot;&quot;,&quot;camera&quot;:&quot;DSC-S730&quot;,&quot;caption&quot;:&quot;&quot;,&quot;created_timestamp&quot;:&quot;1313601403&quot;,&quot;copyright&quot;:&quot;&quot;,&quot;focal_length&quot;:&quot;11.6&quot;,&quot;iso&quot;:&quot;125&quot;,&quot;shutter_speed&quot;:&quot;0.016666666666667&quot;,&quot;title&quot;:&quot;&quot;}\" data-image-title=\"Fiesta Salame Quintero 2011\" data-image-description=\"&lt;p&gt;Fiesta Salame Quintero 2011&lt;\/p&gt; \" data-medium-file=\"https:\/\/www.hoymercedes.com.ar\/principal\/wp-content\/uploads\/2011\/09\/FiestaSalame-11.09.2011030-300x168.jpg\" data-large-file=\"https:\/\/www.hoymercedes.com.ar\/principal\/wp-content\/uploads\/2011\/09\/FiestaSalame-11.09.2011030.jpg\" src=\"https:\/\/i0.wp.com\/www.hoymercedes.com.ar\/principal\/wp-content\/uploads\/2011\/09\/FiestaSalame-11.09.2011030.jpg?w=396&#038;h=223&#038;ssl=1\" srcset=\"https:\/\/www.hoymercedes.com.ar\/principal\/wp-content\/uploads\/2011\/09\/FiestaSalame-11.09.2011030.jpg 700w, https:\/\/www.hoymercedes.com.ar\/principal\/wp-content\/uploads\/2011\/09\/FiestaSalame-11.09.2011030-300x168.jpg 300w\" width=\"396\" height=\"223\" loading=\"lazy\" data-original-width=\"396\" data-original-height=\"223\" itemprop=\"http:\/\/schema.org\/image\" title=\"Fiesta Salame Quintero 2011\" alt=\"Fiesta Salame Quintero 2011\" style=\"width: 396px; height: 223px;\" \/> <\/a> <div class=\"tiled-gallery-caption\" itemprop=\"caption description\"> Fiesta Salame Quintero 2011 <\/div> <\/div> <\/div> <!-- close group --> <div class=\"gallery-group images-1\" style=\"width: 400px; height: 227px;\" data-original-width=\"400\" data-original-height=\"227\" > <div class=\"tiled-gallery-item tiled-gallery-item-large\" itemprop=\"associatedMedia\" itemscope itemtype=\"http:\/\/schema.org\/ImageObject\"> <a href=\"https:\/\/i0.wp.com\/www.hoymercedes.com.ar\/principal\/wp-content\/uploads\/2011\/09\/FiestaSalame-11.09.2011019.jpg?ssl=1\" border=\"0\" itemprop=\"url\"> <meta itemprop=\"width\" content=\"396\"> <meta itemprop=\"height\" content=\"223\"> <img decoding=\"async\" class=\"\" data-attachment-id=\"7211\" data-orig-file=\"https:\/\/www.hoymercedes.com.ar\/principal\/wp-content\/uploads\/2011\/09\/FiestaSalame-11.09.2011019.jpg\" data-orig-size=\"700,394\" data-comments-opened=\"1\" data-image-meta=\"{&quot;aperture&quot;:&quot;3.9&quot;,&quot;credit&quot;:&quot;&quot;,&quot;camera&quot;:&quot;DSC-S730&quot;,&quot;caption&quot;:&quot;&quot;,&quot;created_timestamp&quot;:&quot;1313599346&quot;,&quot;copyright&quot;:&quot;&quot;,&quot;focal_length&quot;:&quot;11.6&quot;,&quot;iso&quot;:&quot;100&quot;,&quot;shutter_speed&quot;:&quot;0.008&quot;,&quot;title&quot;:&quot;&quot;}\" data-image-title=\"Fiesta Salame Quintero 2011\" data-image-description=\"&lt;p&gt;Fiesta Salame Quintero 2011&lt;\/p&gt; \" data-medium-file=\"https:\/\/www.hoymercedes.com.ar\/principal\/wp-content\/uploads\/2011\/09\/FiestaSalame-11.09.2011019-300x168.jpg\" data-large-file=\"https:\/\/www.hoymercedes.com.ar\/principal\/wp-content\/uploads\/2011\/09\/FiestaSalame-11.09.2011019.jpg\" src=\"https:\/\/i0.wp.com\/www.hoymercedes.com.ar\/principal\/wp-content\/uploads\/2011\/09\/FiestaSalame-11.09.2011019.jpg?w=396&#038;h=223&#038;ssl=1\" srcset=\"https:\/\/www.hoymercedes.com.ar\/principal\/wp-content\/uploads\/2011\/09\/FiestaSalame-11.09.2011019.jpg 700w, https:\/\/www.hoymercedes.com.ar\/principal\/wp-content\/uploads\/2011\/09\/FiestaSalame-11.09.2011019-300x168.jpg 300w\" width=\"396\" height=\"223\" loading=\"lazy\" data-original-width=\"396\" data-original-height=\"223\" itemprop=\"http:\/\/schema.org\/image\" title=\"Fiesta Salame Quintero 2011\" alt=\"Fiesta Salame Quintero 2011\" style=\"width: 396px; height: 223px;\" \/> <\/a> <div class=\"tiled-gallery-caption\" itemprop=\"caption description\"> Fiesta Salame Quintero 2011 <\/div> <\/div> <\/div> <!-- close group --> <div class=\"gallery-group images-1\" style=\"width: 400px; height: 227px;\" data-original-width=\"400\" data-original-height=\"227\" > <div class=\"tiled-gallery-item tiled-gallery-item-large\" itemprop=\"associatedMedia\" itemscope itemtype=\"http:\/\/schema.org\/ImageObject\"> <a href=\"https:\/\/i0.wp.com\/www.hoymercedes.com.ar\/principal\/wp-content\/uploads\/2011\/09\/FiestaSalame-11.09.2011021.jpg?ssl=1\" border=\"0\" itemprop=\"url\"> <meta itemprop=\"width\" content=\"396\"> <meta itemprop=\"height\" content=\"223\"> <img decoding=\"async\" class=\"\" data-attachment-id=\"7213\" data-orig-file=\"https:\/\/www.hoymercedes.com.ar\/principal\/wp-content\/uploads\/2011\/09\/FiestaSalame-11.09.2011021.jpg\" data-orig-size=\"700,394\" data-comments-opened=\"1\" data-image-meta=\"{&quot;aperture&quot;:&quot;5.6&quot;,&quot;credit&quot;:&quot;&quot;,&quot;camera&quot;:&quot;DSC-S730&quot;,&quot;caption&quot;:&quot;&quot;,&quot;created_timestamp&quot;:&quot;1313599374&quot;,&quot;copyright&quot;:&quot;&quot;,&quot;focal_length&quot;:&quot;5.8&quot;,&quot;iso&quot;:&quot;100&quot;,&quot;shutter_speed&quot;:&quot;0.003125&quot;,&quot;title&quot;:&quot;&quot;}\" data-image-title=\"Fiesta Salame Quintero 2011\" data-image-description=\"&lt;p&gt;Fiesta Salame Quintero 2011&lt;\/p&gt; \" data-medium-file=\"https:\/\/www.hoymercedes.com.ar\/principal\/wp-content\/uploads\/2011\/09\/FiestaSalame-11.09.2011021-300x168.jpg\" data-large-file=\"https:\/\/www.hoymercedes.com.ar\/principal\/wp-content\/uploads\/2011\/09\/FiestaSalame-11.09.2011021.jpg\" src=\"https:\/\/i0.wp.com\/www.hoymercedes.com.ar\/principal\/wp-content\/uploads\/2011\/09\/FiestaSalame-11.09.2011021.jpg?w=396&#038;h=223&#038;ssl=1\" srcset=\"https:\/\/www.hoymercedes.com.ar\/principal\/wp-content\/uploads\/2011\/09\/FiestaSalame-11.09.2011021.jpg 700w, https:\/\/www.hoymercedes.com.ar\/principal\/wp-content\/uploads\/2011\/09\/FiestaSalame-11.09.2011021-300x168.jpg 300w\" width=\"396\" height=\"223\" loading=\"lazy\" data-original-width=\"396\" data-original-height=\"223\" itemprop=\"http:\/\/schema.org\/image\" title=\"Fiesta Salame Quintero 2011\" alt=\"Fiesta Salame Quintero 2011\" style=\"width: 396px; height: 223px;\" \/> <\/a> <div class=\"tiled-gallery-caption\" itemprop=\"caption description\"> Fiesta Salame Quintero 2011 <\/div> <\/div> <\/div> <!-- close group --> <\/div> <!-- close row --> <div class=\"gallery-row\" style=\"width: 1200px; height: 339px;\" data-original-width=\"1200\" data-original-height=\"339\" > <div class=\"gallery-group images-1\" style=\"width: 600px; height: 339px;\" data-original-width=\"600\" data-original-height=\"339\" > <div class=\"tiled-gallery-item tiled-gallery-item-large\" itemprop=\"associatedMedia\" itemscope itemtype=\"http:\/\/schema.org\/ImageObject\"> <a href=\"https:\/\/i0.wp.com\/www.hoymercedes.com.ar\/principal\/wp-content\/uploads\/2011\/09\/FiestaSalame-11.09.2011018.jpg?ssl=1\" border=\"0\" itemprop=\"url\"> <meta itemprop=\"width\" content=\"596\"> <meta itemprop=\"height\" content=\"335\"> <img decoding=\"async\" class=\"\" data-attachment-id=\"7210\" data-orig-file=\"https:\/\/www.hoymercedes.com.ar\/principal\/wp-content\/uploads\/2011\/09\/FiestaSalame-11.09.2011018.jpg\" data-orig-size=\"700,394\" data-comments-opened=\"1\" data-image-meta=\"{&quot;aperture&quot;:&quot;2.8&quot;,&quot;credit&quot;:&quot;&quot;,&quot;camera&quot;:&quot;DSC-S730&quot;,&quot;caption&quot;:&quot;&quot;,&quot;created_timestamp&quot;:&quot;1313599320&quot;,&quot;copyright&quot;:&quot;&quot;,&quot;focal_length&quot;:&quot;5.8&quot;,&quot;iso&quot;:&quot;100&quot;,&quot;shutter_speed&quot;:&quot;0.004&quot;,&quot;title&quot;:&quot;&quot;}\" data-image-title=\"Fiesta Salame Quintero 2011\" data-image-description=\"&lt;p&gt;Fiesta Salame Quintero 2011&lt;\/p&gt; \" data-medium-file=\"https:\/\/www.hoymercedes.com.ar\/principal\/wp-content\/uploads\/2011\/09\/FiestaSalame-11.09.2011018-300x168.jpg\" data-large-file=\"https:\/\/www.hoymercedes.com.ar\/principal\/wp-content\/uploads\/2011\/09\/FiestaSalame-11.09.2011018.jpg\" src=\"https:\/\/i0.wp.com\/www.hoymercedes.com.ar\/principal\/wp-content\/uploads\/2011\/09\/FiestaSalame-11.09.2011018.jpg?w=596&#038;h=335&#038;ssl=1\" srcset=\"https:\/\/www.hoymercedes.com.ar\/principal\/wp-content\/uploads\/2011\/09\/FiestaSalame-11.09.2011018.jpg 700w, https:\/\/www.hoymercedes.com.ar\/principal\/wp-content\/uploads\/2011\/09\/FiestaSalame-11.09.2011018-300x168.jpg 300w\" width=\"596\" height=\"335\" loading=\"lazy\" data-original-width=\"596\" data-original-height=\"335\" itemprop=\"http:\/\/schema.org\/image\" title=\"Fiesta Salame Quintero 2011\" alt=\"Fiesta Salame Quintero 2011\" style=\"width: 596px; height: 335px;\" \/> <\/a> <div class=\"tiled-gallery-caption\" itemprop=\"caption description\"> Fiesta Salame Quintero 2011 <\/div> <\/div> <\/div> <!-- close group --> <div class=\"gallery-group images-1\" style=\"width: 600px; height: 339px;\" data-original-width=\"600\" data-original-height=\"339\" > <div class=\"tiled-gallery-item tiled-gallery-item-large\" itemprop=\"associatedMedia\" itemscope itemtype=\"http:\/\/schema.org\/ImageObject\"> <a href=\"https:\/\/i0.wp.com\/www.hoymercedes.com.ar\/principal\/wp-content\/uploads\/2011\/09\/FiestaSalame-11.09.2011004.jpg?ssl=1\" border=\"0\" itemprop=\"url\"> <meta itemprop=\"width\" content=\"596\"> <meta itemprop=\"height\" content=\"335\"> <img decoding=\"async\" class=\"\" data-attachment-id=\"7196\" data-orig-file=\"https:\/\/www.hoymercedes.com.ar\/principal\/wp-content\/uploads\/2011\/09\/FiestaSalame-11.09.2011004.jpg\" data-orig-size=\"700,394\" data-comments-opened=\"1\" data-image-meta=\"{&quot;aperture&quot;:&quot;5.6&quot;,&quot;credit&quot;:&quot;&quot;,&quot;camera&quot;:&quot;DSC-S730&quot;,&quot;caption&quot;:&quot;&quot;,&quot;created_timestamp&quot;:&quot;1313584084&quot;,&quot;copyright&quot;:&quot;&quot;,&quot;focal_length&quot;:&quot;5.8&quot;,&quot;iso&quot;:&quot;100&quot;,&quot;shutter_speed&quot;:&quot;0.008&quot;,&quot;title&quot;:&quot;&quot;}\" data-image-title=\"Fiesta Salame Quintero 2011\" data-image-description=\"&lt;p&gt;Fiesta Salame Quintero 2011&lt;\/p&gt; \" data-medium-file=\"https:\/\/www.hoymercedes.com.ar\/principal\/wp-content\/uploads\/2011\/09\/FiestaSalame-11.09.2011004-300x168.jpg\" data-large-file=\"https:\/\/www.hoymercedes.com.ar\/principal\/wp-content\/uploads\/2011\/09\/FiestaSalame-11.09.2011004.jpg\" src=\"https:\/\/i0.wp.com\/www.hoymercedes.com.ar\/principal\/wp-content\/uploads\/2011\/09\/FiestaSalame-11.09.2011004.jpg?w=596&#038;h=335&#038;ssl=1\" srcset=\"https:\/\/www.hoymercedes.com.ar\/principal\/wp-content\/uploads\/2011\/09\/FiestaSalame-11.09.2011004.jpg 700w, https:\/\/www.hoymercedes.com.ar\/principal\/wp-content\/uploads\/2011\/09\/FiestaSalame-11.09.2011004-300x168.jpg 300w\" width=\"596\" height=\"335\" loading=\"lazy\" data-original-width=\"596\" data-original-height=\"335\" itemprop=\"http:\/\/schema.org\/image\" title=\"Fiesta Salame Quintero 2011\" alt=\"Fiesta Salame Quintero 2011\" style=\"width: 596px; height: 335px;\" \/> <\/a> <div class=\"tiled-gallery-caption\" itemprop=\"caption description\"> Fiesta Salame Quintero 2011 <\/div> <\/div> <\/div> <!-- close group --> <\/div> <!-- close row --> <div class=\"gallery-row\" style=\"width: 1200px; height: 339px;\" data-original-width=\"1200\" data-original-height=\"339\" > <div class=\"gallery-group images-1\" style=\"width: 600px; height: 339px;\" data-original-width=\"600\" data-original-height=\"339\" > <div class=\"tiled-gallery-item tiled-gallery-item-large\" itemprop=\"associatedMedia\" itemscope itemtype=\"http:\/\/schema.org\/ImageObject\"> <a href=\"https:\/\/i0.wp.com\/www.hoymercedes.com.ar\/principal\/wp-content\/uploads\/2011\/09\/FiestaSalame-11.09.2011016.jpg?ssl=1\" border=\"0\" itemprop=\"url\"> <meta itemprop=\"width\" content=\"596\"> <meta itemprop=\"height\" content=\"335\"> <img decoding=\"async\" class=\"\" data-attachment-id=\"7208\" data-orig-file=\"https:\/\/www.hoymercedes.com.ar\/principal\/wp-content\/uploads\/2011\/09\/FiestaSalame-11.09.2011016.jpg\" data-orig-size=\"700,394\" data-comments-opened=\"1\" data-image-meta=\"{&quot;aperture&quot;:&quot;2.8&quot;,&quot;credit&quot;:&quot;&quot;,&quot;camera&quot;:&quot;DSC-S730&quot;,&quot;caption&quot;:&quot;&quot;,&quot;created_timestamp&quot;:&quot;1313596667&quot;,&quot;copyright&quot;:&quot;&quot;,&quot;focal_length&quot;:&quot;5.8&quot;,&quot;iso&quot;:&quot;100&quot;,&quot;shutter_speed&quot;:&quot;0.003125&quot;,&quot;title&quot;:&quot;&quot;}\" data-image-title=\"Fiesta Salame Quintero 2011\" data-image-description=\"&lt;p&gt;Fiesta Salame Quintero 2011&lt;\/p&gt; \" data-medium-file=\"https:\/\/www.hoymercedes.com.ar\/principal\/wp-content\/uploads\/2011\/09\/FiestaSalame-11.09.2011016-300x168.jpg\" data-large-file=\"https:\/\/www.hoymercedes.com.ar\/principal\/wp-content\/uploads\/2011\/09\/FiestaSalame-11.09.2011016.jpg\" src=\"https:\/\/i0.wp.com\/www.hoymercedes.com.ar\/principal\/wp-content\/uploads\/2011\/09\/FiestaSalame-11.09.2011016.jpg?w=596&#038;h=335&#038;ssl=1\" srcset=\"https:\/\/www.hoymercedes.com.ar\/principal\/wp-content\/uploads\/2011\/09\/FiestaSalame-11.09.2011016.jpg 700w, https:\/\/www.hoymercedes.com.ar\/principal\/wp-content\/uploads\/2011\/09\/FiestaSalame-11.09.2011016-300x168.jpg 300w\" width=\"596\" height=\"335\" loading=\"lazy\" data-original-width=\"596\" data-original-height=\"335\" itemprop=\"http:\/\/schema.org\/image\" title=\"Fiesta Salame Quintero 2011\" alt=\"Fiesta Salame Quintero 2011\" style=\"width: 596px; height: 335px;\" \/> <\/a> <div class=\"tiled-gallery-caption\" itemprop=\"caption description\"> Fiesta Salame Quintero 2011 <\/div> <\/div> <\/div> <!-- close group --> <div class=\"gallery-group images-1\" style=\"width: 600px; height: 339px;\" data-original-width=\"600\" data-original-height=\"339\" > <div class=\"tiled-gallery-item tiled-gallery-item-large\" itemprop=\"associatedMedia\" itemscope itemtype=\"http:\/\/schema.org\/ImageObject\"> <a href=\"https:\/\/i0.wp.com\/www.hoymercedes.com.ar\/principal\/wp-content\/uploads\/2011\/09\/FiestaSalame-11.09.2011031.jpg?ssl=1\" border=\"0\" itemprop=\"url\"> <meta itemprop=\"width\" content=\"596\"> <meta itemprop=\"height\" content=\"335\"> <img decoding=\"async\" class=\"\" data-attachment-id=\"7223\" data-orig-file=\"https:\/\/www.hoymercedes.com.ar\/principal\/wp-content\/uploads\/2011\/09\/FiestaSalame-11.09.2011031.jpg\" data-orig-size=\"700,394\" data-comments-opened=\"1\" data-image-meta=\"{&quot;aperture&quot;:&quot;2.8&quot;,&quot;credit&quot;:&quot;&quot;,&quot;camera&quot;:&quot;DSC-S730&quot;,&quot;caption&quot;:&quot;&quot;,&quot;created_timestamp&quot;:&quot;1313602169&quot;,&quot;copyright&quot;:&quot;&quot;,&quot;focal_length&quot;:&quot;5.8&quot;,&quot;iso&quot;:&quot;100&quot;,&quot;shutter_speed&quot;:&quot;0.025&quot;,&quot;title&quot;:&quot;&quot;}\" data-image-title=\"Fiesta Salame Quintero 2011\" data-image-description=\"&lt;p&gt;Fiesta Salame Quintero 2011&lt;\/p&gt; \" data-medium-file=\"https:\/\/www.hoymercedes.com.ar\/principal\/wp-content\/uploads\/2011\/09\/FiestaSalame-11.09.2011031-300x168.jpg\" data-large-file=\"https:\/\/www.hoymercedes.com.ar\/principal\/wp-content\/uploads\/2011\/09\/FiestaSalame-11.09.2011031.jpg\" src=\"https:\/\/i0.wp.com\/www.hoymercedes.com.ar\/principal\/wp-content\/uploads\/2011\/09\/FiestaSalame-11.09.2011031.jpg?w=596&#038;h=335&#038;ssl=1\" srcset=\"https:\/\/www.hoymercedes.com.ar\/principal\/wp-content\/uploads\/2011\/09\/FiestaSalame-11.09.2011031.jpg 700w, https:\/\/www.hoymercedes.com.ar\/principal\/wp-content\/uploads\/2011\/09\/FiestaSalame-11.09.2011031-300x168.jpg 300w\" width=\"596\" height=\"335\" loading=\"lazy\" data-original-width=\"596\" data-original-height=\"335\" itemprop=\"http:\/\/schema.org\/image\" title=\"Fiesta Salame Quintero 2011\" alt=\"Fiesta Salame Quintero 2011\" style=\"width: 596px; height: 335px;\" \/> <\/a> <div class=\"tiled-gallery-caption\" itemprop=\"caption description\"> Fiesta Salame Quintero 2011 <\/div> <\/div> <\/div> <!-- close group --> <\/div> <!-- close row --> <div class=\"gallery-row\" style=\"width: 1200px; height: 339px;\" data-original-width=\"1200\" data-original-height=\"339\" > <div class=\"gallery-group images-1\" style=\"width: 600px; height: 339px;\" data-original-width=\"600\" data-original-height=\"339\" > <div class=\"tiled-gallery-item tiled-gallery-item-large\" itemprop=\"associatedMedia\" itemscope itemtype=\"http:\/\/schema.org\/ImageObject\"> <a href=\"https:\/\/i0.wp.com\/www.hoymercedes.com.ar\/principal\/wp-content\/uploads\/2011\/09\/FiestaSalame-11.09.2011009.jpg?ssl=1\" border=\"0\" itemprop=\"url\"> <meta itemprop=\"width\" content=\"596\"> <meta itemprop=\"height\" content=\"335\"> <img decoding=\"async\" class=\"\" data-attachment-id=\"7201\" data-orig-file=\"https:\/\/www.hoymercedes.com.ar\/principal\/wp-content\/uploads\/2011\/09\/FiestaSalame-11.09.2011009.jpg\" data-orig-size=\"700,394\" data-comments-opened=\"1\" data-image-meta=\"{&quot;aperture&quot;:&quot;5.6&quot;,&quot;credit&quot;:&quot;&quot;,&quot;camera&quot;:&quot;DSC-S730&quot;,&quot;caption&quot;:&quot;&quot;,&quot;created_timestamp&quot;:&quot;1313591761&quot;,&quot;copyright&quot;:&quot;&quot;,&quot;focal_length&quot;:&quot;5.8&quot;,&quot;iso&quot;:&quot;100&quot;,&quot;shutter_speed&quot;:&quot;0.002&quot;,&quot;title&quot;:&quot;&quot;}\" data-image-title=\"Fiesta Salame Quintero 2011\" data-image-description=\"&lt;p&gt;Fiesta Salame Quintero 2011&lt;\/p&gt; \" data-medium-file=\"https:\/\/www.hoymercedes.com.ar\/principal\/wp-content\/uploads\/2011\/09\/FiestaSalame-11.09.2011009-300x168.jpg\" data-large-file=\"https:\/\/www.hoymercedes.com.ar\/principal\/wp-content\/uploads\/2011\/09\/FiestaSalame-11.09.2011009.jpg\" src=\"https:\/\/i0.wp.com\/www.hoymercedes.com.ar\/principal\/wp-content\/uploads\/2011\/09\/FiestaSalame-11.09.2011009.jpg?w=596&#038;h=335&#038;ssl=1\" srcset=\"https:\/\/www.hoymercedes.com.ar\/principal\/wp-content\/uploads\/2011\/09\/FiestaSalame-11.09.2011009.jpg 700w, https:\/\/www.hoymercedes.com.ar\/principal\/wp-content\/uploads\/2011\/09\/FiestaSalame-11.09.2011009-300x168.jpg 300w\" width=\"596\" height=\"335\" loading=\"lazy\" data-original-width=\"596\" data-original-height=\"335\" itemprop=\"http:\/\/schema.org\/image\" title=\"Fiesta Salame Quintero 2011\" alt=\"Fiesta Salame Quintero 2011\" style=\"width: 596px; height: 335px;\" \/> <\/a> <div class=\"tiled-gallery-caption\" itemprop=\"caption description\"> Fiesta Salame Quintero 2011 <\/div> <\/div> <\/div> <!-- close group --> <div class=\"gallery-group images-1\" style=\"width: 600px; height: 339px;\" data-original-width=\"600\" data-original-height=\"339\" > <div class=\"tiled-gallery-item tiled-gallery-item-large\" itemprop=\"associatedMedia\" itemscope itemtype=\"http:\/\/schema.org\/ImageObject\"> <a href=\"https:\/\/i0.wp.com\/www.hoymercedes.com.ar\/principal\/wp-content\/uploads\/2011\/09\/FiestaSalame-11.09.2011029.jpg?ssl=1\" border=\"0\" itemprop=\"url\"> <meta itemprop=\"width\" content=\"596\"> <meta itemprop=\"height\" content=\"335\"> <img decoding=\"async\" class=\"\" data-attachment-id=\"7221\" data-orig-file=\"https:\/\/www.hoymercedes.com.ar\/principal\/wp-content\/uploads\/2011\/09\/FiestaSalame-11.09.2011029.jpg\" data-orig-size=\"700,394\" data-comments-opened=\"1\" data-image-meta=\"{&quot;aperture&quot;:&quot;4.2&quot;,&quot;credit&quot;:&quot;&quot;,&quot;camera&quot;:&quot;DSC-S730&quot;,&quot;caption&quot;:&quot;&quot;,&quot;created_timestamp&quot;:&quot;1313600854&quot;,&quot;copyright&quot;:&quot;&quot;,&quot;focal_length&quot;:&quot;12.76&quot;,&quot;iso&quot;:&quot;125&quot;,&quot;shutter_speed&quot;:&quot;0.016666666666667&quot;,&quot;title&quot;:&quot;&quot;}\" data-image-title=\"Fiesta Salame Quintero 2011\" data-image-description=\"&lt;p&gt;Fiesta Salame Quintero 2011&lt;\/p&gt; \" data-medium-file=\"https:\/\/www.hoymercedes.com.ar\/principal\/wp-content\/uploads\/2011\/09\/FiestaSalame-11.09.2011029-300x168.jpg\" data-large-file=\"https:\/\/www.hoymercedes.com.ar\/principal\/wp-content\/uploads\/2011\/09\/FiestaSalame-11.09.2011029.jpg\" src=\"https:\/\/i0.wp.com\/www.hoymercedes.com.ar\/principal\/wp-content\/uploads\/2011\/09\/FiestaSalame-11.09.2011029.jpg?w=596&#038;h=335&#038;ssl=1\" srcset=\"https:\/\/www.hoymercedes.com.ar\/principal\/wp-content\/uploads\/2011\/09\/FiestaSalame-11.09.2011029.jpg 700w, https:\/\/www.hoymercedes.com.ar\/principal\/wp-content\/uploads\/2011\/09\/FiestaSalame-11.09.2011029-300x168.jpg 300w\" width=\"596\" height=\"335\" loading=\"lazy\" data-original-width=\"596\" data-original-height=\"335\" itemprop=\"http:\/\/schema.org\/image\" title=\"Fiesta Salame Quintero 2011\" alt=\"Fiesta Salame Quintero 2011\" style=\"width: 596px; height: 335px;\" \/> <\/a> <div class=\"tiled-gallery-caption\" itemprop=\"caption description\"> Fiesta Salame Quintero 2011 <\/div> <\/div> <\/div> <!-- close group --> <\/div> <!-- close row --> <div class=\"gallery-row\" style=\"width: 1200px; height: 339px;\" data-original-width=\"1200\" data-original-height=\"339\" > <div class=\"gallery-group images-1\" style=\"width: 600px; height: 339px;\" data-original-width=\"600\" data-original-height=\"339\" > <div class=\"tiled-gallery-item tiled-gallery-item-large\" itemprop=\"associatedMedia\" itemscope itemtype=\"http:\/\/schema.org\/ImageObject\"> <a href=\"https:\/\/i0.wp.com\/www.hoymercedes.com.ar\/principal\/wp-content\/uploads\/2011\/09\/FiestaSalame-11.09.2011007.jpg?ssl=1\" border=\"0\" itemprop=\"url\"> <meta itemprop=\"width\" content=\"596\"> <meta itemprop=\"height\" content=\"335\"> <img decoding=\"async\" class=\"\" data-attachment-id=\"7199\" data-orig-file=\"https:\/\/www.hoymercedes.com.ar\/principal\/wp-content\/uploads\/2011\/09\/FiestaSalame-11.09.2011007.jpg\" data-orig-size=\"700,394\" data-comments-opened=\"1\" data-image-meta=\"{&quot;aperture&quot;:&quot;3.9&quot;,&quot;credit&quot;:&quot;&quot;,&quot;camera&quot;:&quot;DSC-S730&quot;,&quot;caption&quot;:&quot;&quot;,&quot;created_timestamp&quot;:&quot;1313591666&quot;,&quot;copyright&quot;:&quot;&quot;,&quot;focal_length&quot;:&quot;11.6&quot;,&quot;iso&quot;:&quot;100&quot;,&quot;shutter_speed&quot;:&quot;0.005&quot;,&quot;title&quot;:&quot;&quot;}\" data-image-title=\"Fiesta Salame Quintero 2011\" data-image-description=\"&lt;p&gt;Fiesta Salame Quintero 2011&lt;\/p&gt; \" data-medium-file=\"https:\/\/www.hoymercedes.com.ar\/principal\/wp-content\/uploads\/2011\/09\/FiestaSalame-11.09.2011007-300x168.jpg\" data-large-file=\"https:\/\/www.hoymercedes.com.ar\/principal\/wp-content\/uploads\/2011\/09\/FiestaSalame-11.09.2011007.jpg\" src=\"https:\/\/i0.wp.com\/www.hoymercedes.com.ar\/principal\/wp-content\/uploads\/2011\/09\/FiestaSalame-11.09.2011007.jpg?w=596&#038;h=335&#038;ssl=1\" srcset=\"https:\/\/www.hoymercedes.com.ar\/principal\/wp-content\/uploads\/2011\/09\/FiestaSalame-11.09.2011007.jpg 700w, https:\/\/www.hoymercedes.com.ar\/principal\/wp-content\/uploads\/2011\/09\/FiestaSalame-11.09.2011007-300x168.jpg 300w\" width=\"596\" height=\"335\" loading=\"lazy\" data-original-width=\"596\" data-original-height=\"335\" itemprop=\"http:\/\/schema.org\/image\" title=\"Fiesta Salame Quintero 2011\" alt=\"Fiesta Salame Quintero 2011\" style=\"width: 596px; height: 335px;\" \/> <\/a> <div class=\"tiled-gallery-caption\" itemprop=\"caption description\"> Fiesta Salame Quintero 2011 <\/div> <\/div> <\/div> <!-- close group --> <div class=\"gallery-group images-1\" style=\"width: 600px; height: 339px;\" data-original-width=\"600\" data-original-height=\"339\" > <div class=\"tiled-gallery-item tiled-gallery-item-large\" itemprop=\"associatedMedia\" itemscope itemtype=\"http:\/\/schema.org\/ImageObject\"> <a href=\"https:\/\/i0.wp.com\/www.hoymercedes.com.ar\/principal\/wp-content\/uploads\/2011\/09\/FiestaSalame-11.09.2011010.jpg?ssl=1\" border=\"0\" itemprop=\"url\"> <meta itemprop=\"width\" content=\"596\"> <meta itemprop=\"height\" content=\"335\"> <img decoding=\"async\" class=\"\" data-attachment-id=\"7202\" data-orig-file=\"https:\/\/www.hoymercedes.com.ar\/principal\/wp-content\/uploads\/2011\/09\/FiestaSalame-11.09.2011010.jpg\" data-orig-size=\"700,394\" data-comments-opened=\"1\" data-image-meta=\"{&quot;aperture&quot;:&quot;7.6&quot;,&quot;credit&quot;:&quot;&quot;,&quot;camera&quot;:&quot;DSC-S730&quot;,&quot;caption&quot;:&quot;&quot;,&quot;created_timestamp&quot;:&quot;1313591771&quot;,&quot;copyright&quot;:&quot;&quot;,&quot;focal_length&quot;:&quot;11.6&quot;,&quot;iso&quot;:&quot;100&quot;,&quot;shutter_speed&quot;:&quot;0.005&quot;,&quot;title&quot;:&quot;&quot;}\" data-image-title=\"Fiesta Salame Quintero 2011\" data-image-description=\"&lt;p&gt;Fiesta Salame Quintero 2011&lt;\/p&gt; \" data-medium-file=\"https:\/\/www.hoymercedes.com.ar\/principal\/wp-content\/uploads\/2011\/09\/FiestaSalame-11.09.2011010-300x168.jpg\" data-large-file=\"https:\/\/www.hoymercedes.com.ar\/principal\/wp-content\/uploads\/2011\/09\/FiestaSalame-11.09.2011010.jpg\" src=\"https:\/\/i0.wp.com\/www.hoymercedes.com.ar\/principal\/wp-content\/uploads\/2011\/09\/FiestaSalame-11.09.2011010.jpg?w=596&#038;h=335&#038;ssl=1\" srcset=\"https:\/\/www.hoymercedes.com.ar\/principal\/wp-content\/uploads\/2011\/09\/FiestaSalame-11.09.2011010.jpg 700w, https:\/\/www.hoymercedes.com.ar\/principal\/wp-content\/uploads\/2011\/09\/FiestaSalame-11.09.2011010-300x168.jpg 300w\" width=\"596\" height=\"335\" loading=\"lazy\" data-original-width=\"596\" data-original-height=\"335\" itemprop=\"http:\/\/schema.org\/image\" title=\"Fiesta Salame Quintero 2011\" alt=\"Fiesta Salame Quintero 2011\" style=\"width: 596px; height: 335px;\" \/> <\/a> <div class=\"tiled-gallery-caption\" itemprop=\"caption description\"> Fiesta Salame Quintero 2011 <\/div> <\/div> <\/div> <!-- close group --> <\/div> <!-- close row --> <\/div>\n","protected":false},"excerpt":{"rendered":"<p>La tercera jornada de la 37\u00b0 Fiesta Nacional del Salame mostr\u00f3 un marco de p\u00fablico nuevamente record. Se lo esperaba, &#8230; <a title=\"Galer\u00eda III Jornada Fiesta del Salame: Soledad, Reinas e importante marco de p\u00fablico\" class=\"read-more\" href=\"https:\/\/www.hoymercedes.com.ar\/principal\/2011\/09\/12\/galeria-iii-jornada-fiesta-del-salame-soledad-reinas-y-importante-marco-de-publico\/\" aria-label=\"Leer m\u00e1s sobre Galer\u00eda III Jornada Fiesta del Salame: Soledad, Reinas e importante marco de p\u00fablico\">Leer m\u00e1s<\/a><\/p>\n","protected":false},"author":1,"featured_media":0,"comment_status":"open","ping_status":"open","sticky":false,"template":"","format":"standard","meta":{"_monsterinsights_skip_tracking":false,"_monsterinsights_sitenote_active":false,"_monsterinsights_sitenote_note":"","_monsterinsights_sitenote_category":0,"jetpack_post_was_ever_published":false,"_jetpack_newsletter_access":"","_jetpack_dont_email_post_to_subs":false,"_jetpack_newsletter_tier_id":0,"_jetpack_memberships_contains_paywalled_content":false,"_jetpack_memberships_contains_paid_content":false,"footnotes":"","jetpack_publicize_message":"","jetpack_publicize_feature_enabled":true,"jetpack_social_post_already_shared":false,"jetpack_social_options":{"image_generator_settings":{"template":"highway","default_image_id":0,"font":"","enabled":false},"version":2},"_wpas_customize_per_network":false},"categories":[1],"tags":[892,1110],"class_list":["post-7191","post","type-post","status-publish","format-standard","hentry","category-opinion","tag-direccion-de-turismo-mercedes","tag-fiesta-del-salame","generate-columns","tablet-grid-50","mobile-grid-100","grid-parent","grid-50"],"jetpack_publicize_connections":[],"jetpack_featured_media_url":"","wps_subtitle":"","jetpack_sharing_enabled":true,"_links":{"self":[{"href":"https:\/\/www.hoymercedes.com.ar\/principal\/wp-json\/wp\/v2\/posts\/7191","targetHints":{"allow":["GET"]}}],"collection":[{"href":"https:\/\/www.hoymercedes.com.ar\/principal\/wp-json\/wp\/v2\/posts"}],"about":[{"href":"https:\/\/www.hoymercedes.com.ar\/principal\/wp-json\/wp\/v2\/types\/post"}],"author":[{"embeddable":true,"href":"https:\/\/www.hoymercedes.com.ar\/principal\/wp-json\/wp\/v2\/users\/1"}],"replies":[{"embeddable":true,"href":"https:\/\/www.hoymercedes.com.ar\/principal\/wp-json\/wp\/v2\/comments?post=7191"}],"version-history":[{"count":0,"href":"https:\/\/www.hoymercedes.com.ar\/principal\/wp-json\/wp\/v2\/posts\/7191\/revisions"}],"wp:attachment":[{"href":"https:\/\/www.hoymercedes.com.ar\/principal\/wp-json\/wp\/v2\/media?parent=7191"}],"wp:term":[{"taxonomy":"category","embeddable":true,"href":"https:\/\/www.hoymercedes.com.ar\/principal\/wp-json\/wp\/v2\/categories?post=7191"},{"taxonomy":"post_tag","embeddable":true,"href":"https:\/\/www.hoymercedes.com.ar\/principal\/wp-json\/wp\/v2\/tags?post=7191"}],"curies":[{"name":"wp","href":"https:\/\/api.w.org\/{rel}","templated":true}]}}