{"id":71998,"date":"2018-01-31T22:28:56","date_gmt":"2018-02-01T01:28:56","guid":{"rendered":"http:\/\/www.hoymercedes.com.ar\/principal\/?p=71998"},"modified":"2018-02-01T01:04:50","modified_gmt":"2018-02-01T04:04:50","slug":"una-kangoo-y-un-corsa-en-nuevo-accidente-vial-en-ruta-5-km-117","status":"publish","type":"post","link":"https:\/\/www.hoymercedes.com.ar\/principal\/2018\/01\/31\/una-kangoo-y-un-corsa-en-nuevo-accidente-vial-en-ruta-5-km-117\/","title":{"rendered":"Una Kangoo y un Corsa vuelcan en nuevo siniestro vial en Ruta 5 km 116,100"},"content":{"rendered":"<p>Desde la localidad de Suipacha llega un nuevo informe sobre un siniestro vial en el kil\u00f3metro 116,100 de la Ruta Nacional N\u00b0 5 ocurrido en la tardecita de este \u00faltimo mi\u00e9rcoles de enero. Los datos que nos dieron, hasta el momento, es que del siniestro participaron una camioneta Renault Kangoo, ocupada por dos hombres, y un auto Chevrolet Corsa Classic con cuatro ocupantes.<\/p>\n<p><img loading=\"lazy\" decoding=\"async\" data-attachment-id=\"72010\" data-permalink=\"https:\/\/www.hoymercedes.com.ar\/principal\/2018\/01\/31\/una-kangoo-y-un-corsa-en-nuevo-accidente-vial-en-ruta-5-km-117\/31-choque-mas-15\/#main\" data-orig-file=\"https:\/\/www.hoymercedes.com.ar\/principal\/wp-content\/uploads\/2018\/01\/31-choque-mas-15.jpg\" data-orig-size=\"800,600\" data-comments-opened=\"0\" data-image-meta=\"{&quot;aperture&quot;:&quot;0&quot;,&quot;credit&quot;:&quot;&quot;,&quot;camera&quot;:&quot;&quot;,&quot;caption&quot;:&quot;&quot;,&quot;created_timestamp&quot;:&quot;0&quot;,&quot;copyright&quot;:&quot;&quot;,&quot;focal_length&quot;:&quot;0&quot;,&quot;iso&quot;:&quot;0&quot;,&quot;shutter_speed&quot;:&quot;0&quot;,&quot;title&quot;:&quot;&quot;,&quot;orientation&quot;:&quot;0&quot;}\" data-image-title=\"31 choque mas 15\" data-image-description=\"\" data-image-caption=\"\" data-large-file=\"https:\/\/www.hoymercedes.com.ar\/principal\/wp-content\/uploads\/2018\/01\/31-choque-mas-15.jpg\" class=\"size-medium wp-image-72010 aligncenter\" src=\"https:\/\/www.hoymercedes.com.ar\/principal\/wp-content\/uploads\/2018\/01\/31-choque-mas-15-630x473.jpg\" alt=\"\" width=\"630\" height=\"473\" srcset=\"https:\/\/www.hoymercedes.com.ar\/principal\/wp-content\/uploads\/2018\/01\/31-choque-mas-15-630x473.jpg 630w, https:\/\/www.hoymercedes.com.ar\/principal\/wp-content\/uploads\/2018\/01\/31-choque-mas-15-150x113.jpg 150w, https:\/\/www.hoymercedes.com.ar\/principal\/wp-content\/uploads\/2018\/01\/31-choque-mas-15.jpg 800w\" sizes=\"auto, (max-width: 630px) 100vw, 630px\" \/><\/p>\n<p>Alrededor de las 19:25 horas de la tarde del mi\u00e9rcoles 31 de enero de 2018, se registr\u00f3 el vuelco de dos veh\u00edculos a la altura del km 116,100 de la ruta nacional 5, en jurisdicci\u00f3n del partido de Suipacha.<\/p>\n<p>El siniestro se produce cuando el conductor de un Chevrolet Classic, color gris oscuro, dominio OBZ-725, que circulaba por ruta 5 en sentido Suipacha-Mercedes se intenta adelantar a otro veh\u00edculo, cuando al advertir que se aproximaba otro au<span class=\"text_exposed_show\">tom\u00f3vil en sentido contrario, decide dirigirse hacia la banquina contraria donde derrapa y vuelca quedando en la zona de pr\u00e9stamo totalmente volcado.\u00a0<\/span><\/p>\n<p><span class=\"text_exposed_show\">En tanto el conductor del veh\u00edculo que circulaba de frente, al evadir el impacto con el Chevrolet se pasa a la mano contraria donde un utilitario Renault Kangoo, dominio OGM-555, color gris , que circulaba detr\u00e1s del Chevrolet Classis, se despista al intentar evadir el impacto, pas\u00e1ndose a la mano contraria donde vuelca sobre su lateral derecho, quedando a pocos metros del Chevrlolet Classic.<\/span><\/p>\n<figure id=\"attachment_72009\" aria-describedby=\"caption-attachment-72009\" style=\"width: 620px\" class=\"wp-caption aligncenter\"><img loading=\"lazy\" decoding=\"async\" data-attachment-id=\"72009\" data-permalink=\"https:\/\/www.hoymercedes.com.ar\/principal\/2018\/01\/31\/una-kangoo-y-un-corsa-en-nuevo-accidente-vial-en-ruta-5-km-117\/31-choque-mas-5\/#main\" data-orig-file=\"https:\/\/www.hoymercedes.com.ar\/principal\/wp-content\/uploads\/2018\/01\/31-choque-mas-5.jpg\" data-orig-size=\"750,500\" data-comments-opened=\"0\" data-image-meta=\"{&quot;aperture&quot;:&quot;0&quot;,&quot;credit&quot;:&quot;&quot;,&quot;camera&quot;:&quot;&quot;,&quot;caption&quot;:&quot;&quot;,&quot;created_timestamp&quot;:&quot;0&quot;,&quot;copyright&quot;:&quot;&quot;,&quot;focal_length&quot;:&quot;0&quot;,&quot;iso&quot;:&quot;0&quot;,&quot;shutter_speed&quot;:&quot;0&quot;,&quot;title&quot;:&quot;&quot;,&quot;orientation&quot;:&quot;0&quot;}\" data-image-title=\"31 choque mas 5\" data-image-description=\"\" data-image-caption=\"&lt;p&gt;Vuelca el Corsa en la ruta 5&lt;\/p&gt;\n\" data-large-file=\"https:\/\/www.hoymercedes.com.ar\/principal\/wp-content\/uploads\/2018\/01\/31-choque-mas-5.jpg\" class=\"size-medium wp-image-72009\" src=\"https:\/\/www.hoymercedes.com.ar\/principal\/wp-content\/uploads\/2018\/01\/31-choque-mas-5-630x420.jpg\" alt=\"\" width=\"630\" height=\"420\" srcset=\"https:\/\/www.hoymercedes.com.ar\/principal\/wp-content\/uploads\/2018\/01\/31-choque-mas-5-630x420.jpg 630w, https:\/\/www.hoymercedes.com.ar\/principal\/wp-content\/uploads\/2018\/01\/31-choque-mas-5-150x100.jpg 150w, https:\/\/www.hoymercedes.com.ar\/principal\/wp-content\/uploads\/2018\/01\/31-choque-mas-5.jpg 750w\" sizes=\"auto, (max-width: 630px) 100vw, 630px\" \/><figcaption id=\"caption-attachment-72009\" class=\"wp-caption-text\">Vuelca el Corsa en la ruta 5<\/figcaption><\/figure>\n<p><span class=\"text_exposed_show\">El Chevrolet Classic era conducido por Carlos Maria De Paola , de 34 a\u00f1os, quien era acompa\u00f1ado por su padre Carlos Arturo De Paola, de 85 a\u00f1os, su hermana Maria Amanda De Paola, de 35 a\u00f1os y por una hija de esta de 13 a\u00f1os, todos domiciliados en Quilmes. A ra\u00edz del impacto resultaron con heridas de distinta consideraci\u00f3n el se\u00f1or Carlos de 85 a\u00f1os y ambas mujeres, en tanto el conductor result\u00f3 solo con algunas escoriaciones.\u00a0<\/span><\/p>\n<p><span class=\"text_exposed_show\">En cuanto al utilitario Renault Kangoo, era conducido por Carlos Rodolfo Ayala de 30 a\u00f1os, domiciliado en Garin Provincia de Buenos Aires y acompa\u00f1ado por H\u00e9ctor Montenegro, domiciliado en Lujan. Ambos resultaron ilesos.<\/span><\/p>\n<p><span class=\"text_exposed_show\">Los heridos fueron asistidos en el lugar por Bomberos Voluntarios de Suipacha y por un m\u00e9dico del Homei y derivados al Hospital Esteban Iribarne de Suipacha por medio de dos ambulancias del hospital local y una del Hospital Blas Dubarry de Mercedes.<\/span><\/p>\n<p><span class=\"text_exposed_show\">Intervinieron Bomberos Voluntarios, Polic\u00eda Comunal, CPR, Ambulancias del Homei, Ambulancias del Hospital Blas Dubarry y Polic\u00eda Vial de Mercedes.<\/span><\/p>\n<p>&nbsp;<\/p>\n<p>Fuente: Analia Ochoa y Jorge Lasala de Suipacha<\/p>\n","protected":false},"excerpt":{"rendered":"<p>Desde la localidad de Suipacha llega un nuevo informe sobre un siniestro vial en el kil\u00f3metro 116,100 de la Ruta &#8230; <a title=\"Una Kangoo y un Corsa vuelcan en nuevo siniestro vial en Ruta 5 km 116,100\" class=\"read-more\" href=\"https:\/\/www.hoymercedes.com.ar\/principal\/2018\/01\/31\/una-kangoo-y-un-corsa-en-nuevo-accidente-vial-en-ruta-5-km-117\/\" aria-label=\"Leer m\u00e1s sobre Una Kangoo y un Corsa vuelcan en nuevo siniestro vial en Ruta 5 km 116,100\">Leer m\u00e1s<\/a><\/p>\n","protected":false},"author":1,"featured_media":72009,"comment_status":"closed","ping_status":"open","sticky":false,"template":"","format":"standard","meta":{"_monsterinsights_skip_tracking":false,"_monsterinsights_sitenote_active":false,"_monsterinsights_sitenote_note":"","_monsterinsights_sitenote_category":0,"jetpack_post_was_ever_published":false,"_jetpack_newsletter_access":"","_jetpack_dont_email_post_to_subs":false,"_jetpack_newsletter_tier_id":0,"_jetpack_memberships_contains_paywalled_content":false,"_jetpack_memberships_contains_paid_content":false,"footnotes":"","jetpack_publicize_message":"","jetpack_publicize_feature_enabled":true,"jetpack_social_post_already_shared":true,"jetpack_social_options":{"image_generator_settings":{"template":"highway","default_image_id":0,"font":"","enabled":false},"version":2},"_wpas_customize_per_network":false},"categories":[85],"tags":[10,538,10395,559],"class_list":["post-71998","post","type-post","status-publish","format-standard","has-post-thumbnail","hentry","category-policial","tag-mercedes","tag-ruta-5","tag-siniestro-vial","tag-suipacha","generate-columns","tablet-grid-50","mobile-grid-100","grid-parent","grid-50"],"jetpack_publicize_connections":[],"jetpack_featured_media_url":"https:\/\/www.hoymercedes.com.ar\/principal\/wp-content\/uploads\/2018\/01\/31-choque-mas-5.jpg","wps_subtitle":"Enero tr\u00e1gico","jetpack_sharing_enabled":true,"_links":{"self":[{"href":"https:\/\/www.hoymercedes.com.ar\/principal\/wp-json\/wp\/v2\/posts\/71998","targetHints":{"allow":["GET"]}}],"collection":[{"href":"https:\/\/www.hoymercedes.com.ar\/principal\/wp-json\/wp\/v2\/posts"}],"about":[{"href":"https:\/\/www.hoymercedes.com.ar\/principal\/wp-json\/wp\/v2\/types\/post"}],"author":[{"embeddable":true,"href":"https:\/\/www.hoymercedes.com.ar\/principal\/wp-json\/wp\/v2\/users\/1"}],"replies":[{"embeddable":true,"href":"https:\/\/www.hoymercedes.com.ar\/principal\/wp-json\/wp\/v2\/comments?post=71998"}],"version-history":[{"count":0,"href":"https:\/\/www.hoymercedes.com.ar\/principal\/wp-json\/wp\/v2\/posts\/71998\/revisions"}],"wp:featuredmedia":[{"embeddable":true,"href":"https:\/\/www.hoymercedes.com.ar\/principal\/wp-json\/wp\/v2\/media\/72009"}],"wp:attachment":[{"href":"https:\/\/www.hoymercedes.com.ar\/principal\/wp-json\/wp\/v2\/media?parent=71998"}],"wp:term":[{"taxonomy":"category","embeddable":true,"href":"https:\/\/www.hoymercedes.com.ar\/principal\/wp-json\/wp\/v2\/categories?post=71998"},{"taxonomy":"post_tag","embeddable":true,"href":"https:\/\/www.hoymercedes.com.ar\/principal\/wp-json\/wp\/v2\/tags?post=71998"}],"curies":[{"name":"wp","href":"https:\/\/api.w.org\/{rel}","templated":true}]}}