{"id":72018,"date":"2018-02-01T14:32:32","date_gmt":"2018-02-01T17:32:32","guid":{"rendered":"http:\/\/www.hoymercedes.com.ar\/principal\/?p=72018"},"modified":"2018-02-01T14:32:32","modified_gmt":"2018-02-01T17:32:32","slug":"ultimo-fin-de-semana-del-ciclo-musica-en-las-plazas","status":"publish","type":"post","link":"https:\/\/www.hoymercedes.com.ar\/principal\/2018\/02\/01\/ultimo-fin-de-semana-del-ciclo-musica-en-las-plazas\/","title":{"rendered":"\u00daltimo fin de semana del ciclo M\u00fasica en las Plazas"},"content":{"rendered":"<p>Se vienen las dos \u00faltimas noches de M\u00fasica en las Plazas de este 2018. Este ciclo, el cual es organizado por la Direcci\u00f3n de Cultura de la Municipalidad de Mercedes, dentro de las actividades que integran la temporada veraniega del programa \u201cViv\u00ed Mercedes\u201d, se har\u00e1 una vez m\u00e1s presente en los barrios de nuestra ciudad.<\/p>\n<p>Todo comenzar\u00e1 este viernes 2 de febrero, en la plaza del barrio Unidad y Progreso (22 y 65),\u00a0 donde se presentaran Los L\u00f3pez Heredia, Fernanda Ottolini y Camilo Rojas y su Banda. Adem\u00e1s de disfrutar de muy buena m\u00fasica, habr\u00e1 concurso de baile, feria y cantina.<\/p>\n<p>Finalmente, esta hermosa propuesta que supo reunir a cientos de mercedinos por diferentes barrios, llegar\u00e1 a su fin. La \u00faltima cita se dar\u00e1 el s\u00e1bado 3 de febrero, en la tradicional Plaza San Luis (24 y 15), y los artistas que dar\u00e1n vida a esta \u00faltima noche ser\u00e1n: Trio Los Amigos, Oscar Rosello y Menta Lim\u00f3n. Conjuntamente, se realizar\u00e1 la final del concurso de baile, la cual, se dar\u00e1 entre todas las parejas ganadoras de las diferentes noches de esta edici\u00f3n 2018.<\/p>\n<p>Fueron jornadas llenas de m\u00fasica, emoci\u00f3n y fraternidad entre los vecinos.\u00a0 Donde desde diferentes barrios los artistas locales pudieron desplegar todo su talento. Por todo esto, quedan invitados a estas dos \u00faltimas noches que prometen ser imperdibles. Comienzan a las 21 horas, es libre p\u00fablico y gratuito.<\/p>\n<p>Fuente: Prensa Municipal<\/p>\n","protected":false},"excerpt":{"rendered":"<p>Se vienen las dos \u00faltimas noches de M\u00fasica en las Plazas de este 2018. Este ciclo, el cual es organizado &#8230; <a title=\"\u00daltimo fin de semana del ciclo M\u00fasica en las Plazas\" class=\"read-more\" href=\"https:\/\/www.hoymercedes.com.ar\/principal\/2018\/02\/01\/ultimo-fin-de-semana-del-ciclo-musica-en-las-plazas\/\" aria-label=\"Leer m\u00e1s sobre \u00daltimo fin de semana del ciclo M\u00fasica en las Plazas\">Leer m\u00e1s<\/a><\/p>\n","protected":false},"author":1,"featured_media":71500,"comment_status":"closed","ping_status":"open","sticky":false,"template":"","format":"standard","meta":{"_monsterinsights_skip_tracking":false,"_monsterinsights_sitenote_active":false,"_monsterinsights_sitenote_note":"","_monsterinsights_sitenote_category":0,"jetpack_post_was_ever_published":false,"_jetpack_newsletter_access":"","_jetpack_dont_email_post_to_subs":false,"_jetpack_newsletter_tier_id":0,"_jetpack_memberships_contains_paywalled_content":false,"_jetpack_memberships_contains_paid_content":false,"footnotes":"","jetpack_publicize_message":"","jetpack_publicize_feature_enabled":true,"jetpack_social_post_already_shared":true,"jetpack_social_options":{"image_generator_settings":{"template":"highway","default_image_id":0,"font":"","enabled":false},"version":2},"_wpas_customize_per_network":false},"categories":[104],"tags":[7805,10,244,10455,8642],"class_list":["post-72018","post","type-post","status-publish","format-standard","has-post-thumbnail","hentry","category-cultura","tag-cultura","tag-mercedes","tag-municipio-2","tag-musica-en-las-plazas","tag-programacion","generate-columns","tablet-grid-50","mobile-grid-100","grid-parent","grid-50"],"jetpack_publicize_connections":[],"jetpack_featured_media_url":"https:\/\/www.hoymercedes.com.ar\/principal\/wp-content\/uploads\/2018\/01\/11-musica-plaza.jpg","wps_subtitle":"Fechas postergadas","jetpack_sharing_enabled":true,"_links":{"self":[{"href":"https:\/\/www.hoymercedes.com.ar\/principal\/wp-json\/wp\/v2\/posts\/72018","targetHints":{"allow":["GET"]}}],"collection":[{"href":"https:\/\/www.hoymercedes.com.ar\/principal\/wp-json\/wp\/v2\/posts"}],"about":[{"href":"https:\/\/www.hoymercedes.com.ar\/principal\/wp-json\/wp\/v2\/types\/post"}],"author":[{"embeddable":true,"href":"https:\/\/www.hoymercedes.com.ar\/principal\/wp-json\/wp\/v2\/users\/1"}],"replies":[{"embeddable":true,"href":"https:\/\/www.hoymercedes.com.ar\/principal\/wp-json\/wp\/v2\/comments?post=72018"}],"version-history":[{"count":0,"href":"https:\/\/www.hoymercedes.com.ar\/principal\/wp-json\/wp\/v2\/posts\/72018\/revisions"}],"wp:featuredmedia":[{"embeddable":true,"href":"https:\/\/www.hoymercedes.com.ar\/principal\/wp-json\/wp\/v2\/media\/71500"}],"wp:attachment":[{"href":"https:\/\/www.hoymercedes.com.ar\/principal\/wp-json\/wp\/v2\/media?parent=72018"}],"wp:term":[{"taxonomy":"category","embeddable":true,"href":"https:\/\/www.hoymercedes.com.ar\/principal\/wp-json\/wp\/v2\/categories?post=72018"},{"taxonomy":"post_tag","embeddable":true,"href":"https:\/\/www.hoymercedes.com.ar\/principal\/wp-json\/wp\/v2\/tags?post=72018"}],"curies":[{"name":"wp","href":"https:\/\/api.w.org\/{rel}","templated":true}]}}