{"id":72118,"date":"2018-02-05T08:19:08","date_gmt":"2018-02-05T11:19:08","guid":{"rendered":"http:\/\/www.hoymercedes.com.ar\/principal\/?p=72118"},"modified":"2018-02-05T09:23:24","modified_gmt":"2018-02-05T12:23:24","slug":"municipio-y-peneros-anunciaron-la-construccion-de-dos-anfitriatos","status":"publish","type":"post","link":"https:\/\/www.hoymercedes.com.ar\/principal\/2018\/02\/05\/municipio-y-peneros-anunciaron-la-construccion-de-dos-anfitriatos\/","title":{"rendered":"Municipio anuncia la construcci\u00f3n de dos anfiteatros y Amigos Pe\u00f1eros presentan balance"},"content":{"rendered":"<p>EI Intendente Municipal, Dr. Juan Ustarroz, junto al secretario de Gobierno de la Municipalidad de Mercedes, Dr. Juan Pablo L\u00f3pez, la Directora de Cultura, Luc\u00eda Capaccio e integrantes del grupo Amigos Pe\u00f1eros de nuestra ciudad, se reunieron para darle forma oficialmente a la tercera Fiesta de la Tradici\u00f3n en Mercedes y presentar el balance de lo que fue el a\u00f1o que pas\u00f3, donde cuenta de gastos y acciones efectuadas. \u201cLa transparencia es un eje fundamental\u201d, remarcaron. Adem\u00e1s, desde el Municipio se anunci\u00f3 la construcci\u00f3n de dos anfiteatros en la ciudad.<\/p>\n<p><img loading=\"lazy\" decoding=\"async\" data-attachment-id=\"72119\" data-permalink=\"https:\/\/www.hoymercedes.com.ar\/principal\/2018\/02\/05\/municipio-y-peneros-anunciaron-la-construccion-de-dos-anfitriatos\/05-peneros\/#main\" data-orig-file=\"https:\/\/www.hoymercedes.com.ar\/principal\/wp-content\/uploads\/2018\/02\/05-pe\u00f1eros.jpg\" data-orig-size=\"750,500\" data-comments-opened=\"0\" data-image-meta=\"{&quot;aperture&quot;:&quot;3.5&quot;,&quot;credit&quot;:&quot;&quot;,&quot;camera&quot;:&quot;NIKON D3100&quot;,&quot;caption&quot;:&quot;&quot;,&quot;created_timestamp&quot;:&quot;1517569077&quot;,&quot;copyright&quot;:&quot;&quot;,&quot;focal_length&quot;:&quot;22&quot;,&quot;iso&quot;:&quot;1800&quot;,&quot;shutter_speed&quot;:&quot;0.016666666666667&quot;,&quot;title&quot;:&quot;&quot;,&quot;orientation&quot;:&quot;1&quot;}\" data-image-title=\"05 pe\u00f1eros\" data-image-description=\"\" data-image-caption=\"\" data-large-file=\"https:\/\/www.hoymercedes.com.ar\/principal\/wp-content\/uploads\/2018\/02\/05-pe\u00f1eros.jpg\" class=\"size-medium wp-image-72119 aligncenter\" src=\"https:\/\/www.hoymercedes.com.ar\/principal\/wp-content\/uploads\/2018\/02\/05-pe\u00f1eros-630x420.jpg\" alt=\"\" width=\"630\" height=\"420\" srcset=\"https:\/\/www.hoymercedes.com.ar\/principal\/wp-content\/uploads\/2018\/02\/05-pe\u00f1eros-630x420.jpg 630w, https:\/\/www.hoymercedes.com.ar\/principal\/wp-content\/uploads\/2018\/02\/05-pe\u00f1eros-150x100.jpg 150w, https:\/\/www.hoymercedes.com.ar\/principal\/wp-content\/uploads\/2018\/02\/05-pe\u00f1eros.jpg 750w\" sizes=\"auto, (max-width: 630px) 100vw, 630px\" \/><\/p>\n<p>Con una surtida grilla de actividades a desarrollarse durante el a\u00f1o, los organizadores han presentado el plan de trabajo a desarrollarse durante este 2018. La misma, tiene como fin la realizaci\u00f3n de la tercera edici\u00f3n de la Fiesta de la Tradici\u00f3n en nuestra ciudad y las pe\u00f1as mensuales que se efectuar\u00e1n a partir del segundo fin de semana del mes de marzo, como siempre, en el espacio del Complejo Cultual La Trocha.<\/p>\n<p>El intendente destac\u00f3 y felicit\u00f3 a los \u201cAmigos Pe\u00f1eros\u201d por el gran trabajo que vienen realizando: \u201cqueremos felicitar a los amigos pe\u00f1eros, por su trabajo, pero adem\u00e1s porque han sido los verdaderos art\u00edfices de la Fiesta de la Tradici\u00f3n que con tanto \u00e9xito se viene desarrollando\u201d\u00a0 y destac\u00f3 \u201cno solo han venido con la rendici\u00f3n de cuentas del 2017, sino que adem\u00e1s, ya nos presentaron el plan de trabajo para este 2018\u201d.<\/p>\n<p>\u201cDesde la Municipalidad no tenemos m\u00e1s que palabras de agradecimiento por la gran cantidad de actividades culturales que el grupo viene generado, ya que es muy importante que los vecinos puedan tener propuestas gratuitas en la ciudad\u201d y agrego \u201clugares donde nuestros artistas tengan su espacio, puedan desplegar su talento y sean reconocidos por nuestros vecinos\u201d, afirm\u00f3 Ustarroz, adem\u00e1s de reforzar la idea de jerarquizar la Fiesta de la Tradici\u00f3n a nivel provincial.<\/p>\n<p>Adem\u00e1s, el primer mandatario garantiz\u00f3 una vez por mes, el espacio de pe\u00f1a: \u201cesto ayuda a trabajar con antelaci\u00f3n, para poder organizarse, no dilapidar recursos y poder tener una gran agenda cultural en la ciudad para que nuestros vecinos tengan variadas opciones durante este 2018\u201d.<\/p>\n<p>Por su parte, Guillermo Vola, uno de los repferentes de \u201cAmigos Pe\u00f1eros\u201d mostr\u00f3 su alegr\u00eda y agradecimiento por el gran apoyo con el que cuentan por parte del gobierno local: \u201cTanto el Intendente como la Directora de Cultura, nos han abierto las puertas del municipio. Nos sentimos constantemente acompa\u00f1ados a la hora de realzar nuestras costumbres y tradiciones\u201d y destac\u00f3 \u201ceste es un trabajo en conjunto, el municipio nos brinda las herramientas y nosotros ponemos el trabajo y el amor que tenemos por el folclore y extender esto que es parte de nuestra tradici\u00f3n\u201d.<\/p>\n<p>Por otro lado, a trav\u00e9s de uno de los tesoreros de los Amigos Pe\u00f1eros, Julio Shuldeis, se present\u00f3 el balance de lo realizado en el 2017 \u201cel balance de lo ejecutado en el 2017 ha sido muy positivo, esperamos trabajar este a\u00f1o nuevamente junto al Municipio\u201d.<\/p>\n<p>El intendente, Juan Ignacio Ustarroz, resalt\u00f3 \u201cgracias a la participaci\u00f3n, la solidaridad y el trabajo Ad honorem de los Amigos pe\u00f1eros, en el 2017 se logr\u00f3 realizar, una vez por mes, pe\u00f1as gratuitas\u201d y agreg\u00f3 \u201cfue a trav\u00e9s de esas pe\u00f1as que se generaron los recursos para la producci\u00f3n de la Fiesta de la Tradici\u00f3n\u201d.<br \/>\n\u201cEsta modalidad, donde el Estado Municipal por un lado y los vecinos por otro- en este caso representado por los Amigos Pe\u00f1eros- trabajan mancomunadamente sobre la base del esfuerzo compartido,\u00a0 es como se logran muy buenos resultados\u201d resalt\u00f3 el primer mandatario.<\/p>\n<p>Por otro lado, a modo de anticipo, se inform\u00f3 de la planificaci\u00f3n de la construcci\u00f3n de dos anfiteatros. Uno seria construido en el Complejo Cultural La Trocha, y otro en el Parque Municipal. \u201ccreemos que debemos brindar a los vecinos de Mercedes m\u00e1s espacio de calidad, de categor\u00eda, jerarquizados, donde puedan disfrutar de nuestros artistas\u201d remarc\u00f3 el intendente, Juan Ignacio Ustarroz.<\/p>\n","protected":false},"excerpt":{"rendered":"<p>EI Intendente Municipal, Dr. Juan Ustarroz, junto al secretario de Gobierno de la Municipalidad de Mercedes, Dr. Juan Pablo L\u00f3pez, &#8230; <a title=\"Municipio anuncia la construcci\u00f3n de dos anfiteatros y Amigos Pe\u00f1eros presentan balance\" class=\"read-more\" href=\"https:\/\/www.hoymercedes.com.ar\/principal\/2018\/02\/05\/municipio-y-peneros-anunciaron-la-construccion-de-dos-anfitriatos\/\" aria-label=\"Leer m\u00e1s sobre Municipio anuncia la construcci\u00f3n de dos anfiteatros y Amigos Pe\u00f1eros presentan balance\">Leer m\u00e1s<\/a><\/p>\n","protected":false},"author":1,"featured_media":72119,"comment_status":"closed","ping_status":"open","sticky":false,"template":"","format":"standard","meta":{"_monsterinsights_skip_tracking":false,"_monsterinsights_sitenote_active":false,"_monsterinsights_sitenote_note":"","_monsterinsights_sitenote_category":0,"jetpack_post_was_ever_published":false,"_jetpack_newsletter_access":"","_jetpack_dont_email_post_to_subs":false,"_jetpack_newsletter_tier_id":0,"_jetpack_memberships_contains_paywalled_content":false,"_jetpack_memberships_contains_paid_content":false,"footnotes":"","jetpack_publicize_message":"","jetpack_publicize_feature_enabled":true,"jetpack_social_post_already_shared":true,"jetpack_social_options":{"image_generator_settings":{"template":"highway","default_image_id":0,"font":"","enabled":false},"version":2},"_wpas_customize_per_network":false},"categories":[104],"tags":[12231,12600,10007,7805,244],"class_list":["post-72118","post","type-post","status-publish","format-standard","has-post-thumbnail","hentry","category-cultura","tag-amigos-peneros","tag-anfiteatros","tag-balance","tag-cultura","tag-municipio-2","generate-columns","tablet-grid-50","mobile-grid-100","grid-parent","grid-50"],"jetpack_publicize_connections":[],"jetpack_featured_media_url":"https:\/\/www.hoymercedes.com.ar\/principal\/wp-content\/uploads\/2018\/02\/05-pe\u00f1eros.jpg","wps_subtitle":"Balance y Plan de Trabajo 2018","jetpack_sharing_enabled":true,"_links":{"self":[{"href":"https:\/\/www.hoymercedes.com.ar\/principal\/wp-json\/wp\/v2\/posts\/72118","targetHints":{"allow":["GET"]}}],"collection":[{"href":"https:\/\/www.hoymercedes.com.ar\/principal\/wp-json\/wp\/v2\/posts"}],"about":[{"href":"https:\/\/www.hoymercedes.com.ar\/principal\/wp-json\/wp\/v2\/types\/post"}],"author":[{"embeddable":true,"href":"https:\/\/www.hoymercedes.com.ar\/principal\/wp-json\/wp\/v2\/users\/1"}],"replies":[{"embeddable":true,"href":"https:\/\/www.hoymercedes.com.ar\/principal\/wp-json\/wp\/v2\/comments?post=72118"}],"version-history":[{"count":0,"href":"https:\/\/www.hoymercedes.com.ar\/principal\/wp-json\/wp\/v2\/posts\/72118\/revisions"}],"wp:featuredmedia":[{"embeddable":true,"href":"https:\/\/www.hoymercedes.com.ar\/principal\/wp-json\/wp\/v2\/media\/72119"}],"wp:attachment":[{"href":"https:\/\/www.hoymercedes.com.ar\/principal\/wp-json\/wp\/v2\/media?parent=72118"}],"wp:term":[{"taxonomy":"category","embeddable":true,"href":"https:\/\/www.hoymercedes.com.ar\/principal\/wp-json\/wp\/v2\/categories?post=72118"},{"taxonomy":"post_tag","embeddable":true,"href":"https:\/\/www.hoymercedes.com.ar\/principal\/wp-json\/wp\/v2\/tags?post=72118"}],"curies":[{"name":"wp","href":"https:\/\/api.w.org\/{rel}","templated":true}]}}