{"id":72137,"date":"2018-02-05T11:06:20","date_gmt":"2018-02-05T14:06:20","guid":{"rendered":"http:\/\/www.hoymercedes.com.ar\/principal\/?p=72137"},"modified":"2018-02-05T10:47:39","modified_gmt":"2018-02-05T13:47:39","slug":"finalizo-con-gran-asistencia-de-publico-el-ciclo-musica-en-las-plazas","status":"publish","type":"post","link":"https:\/\/www.hoymercedes.com.ar\/principal\/2018\/02\/05\/finalizo-con-gran-asistencia-de-publico-el-ciclo-musica-en-las-plazas\/","title":{"rendered":"Finaliz\u00f3 con gran asistencia de p\u00fablico el ciclo \u201cM\u00fasica en las Plazas\u201d"},"content":{"rendered":"<p>&nbsp;<\/p>\n<figure id=\"attachment_72139\" aria-describedby=\"caption-attachment-72139\" style=\"width: 620px\" class=\"wp-caption aligncenter\"><img loading=\"lazy\" decoding=\"async\" data-attachment-id=\"72139\" data-permalink=\"https:\/\/www.hoymercedes.com.ar\/principal\/2018\/02\/05\/finalizo-con-gran-asistencia-de-publico-el-ciclo-musica-en-las-plazas\/musicaenlasplazas-sanluis1\/#main\" data-orig-file=\"https:\/\/www.hoymercedes.com.ar\/principal\/wp-content\/uploads\/2018\/02\/musicaenlasplazas-sanluis1.jpg\" data-orig-size=\"730,487\" data-comments-opened=\"0\" data-image-meta=\"{&quot;aperture&quot;:&quot;0&quot;,&quot;credit&quot;:&quot;&quot;,&quot;camera&quot;:&quot;&quot;,&quot;caption&quot;:&quot;&quot;,&quot;created_timestamp&quot;:&quot;0&quot;,&quot;copyright&quot;:&quot;&quot;,&quot;focal_length&quot;:&quot;0&quot;,&quot;iso&quot;:&quot;0&quot;,&quot;shutter_speed&quot;:&quot;0&quot;,&quot;title&quot;:&quot;&quot;,&quot;orientation&quot;:&quot;0&quot;}\" data-image-title=\"musicaenlasplazas-sanluis1\" data-image-description=\"\" data-image-caption=\"\" data-large-file=\"https:\/\/www.hoymercedes.com.ar\/principal\/wp-content\/uploads\/2018\/02\/musicaenlasplazas-sanluis1.jpg\" class=\"wp-image-72139 size-medium\" src=\"https:\/\/www.hoymercedes.com.ar\/principal\/wp-content\/uploads\/2018\/02\/musicaenlasplazas-sanluis1-630x420.jpg\" alt=\"\" width=\"630\" height=\"420\" srcset=\"https:\/\/www.hoymercedes.com.ar\/principal\/wp-content\/uploads\/2018\/02\/musicaenlasplazas-sanluis1-630x420.jpg 630w, https:\/\/www.hoymercedes.com.ar\/principal\/wp-content\/uploads\/2018\/02\/musicaenlasplazas-sanluis1-150x100.jpg 150w, https:\/\/www.hoymercedes.com.ar\/principal\/wp-content\/uploads\/2018\/02\/musicaenlasplazas-sanluis1.jpg 730w\" sizes=\"auto, (max-width: 630px) 100vw, 630px\" \/><figcaption id=\"caption-attachment-72139\" class=\"wp-caption-text\">Finales de concurso de baile<\/figcaption><\/figure>\n<p>Este s\u00e1bado se llev\u00f3 a cabo la \u00faltima velada del ciclo \u201cM\u00fasica en las plazas\u201d con una de las jornadas de mayor asistencia en Plaza San Luis. Hubo artistas en vivo, la final de los concursos de baile, cantina a beneficio de la parroquia y un hermoso encuentro familiar.<\/p>\n<p>\u201cHa sido un verdadero \u00e9xito en todos los barrios\u201d, coment\u00f3 Lucia Capaccio, directora de cultura local sosteniendo que \u201cfue un trabajo de todo el equipo de trabajadores municipales, de los artistas, de los referentes barriales y especialmente gracias a todas las familias que asistieron\u201d, destac\u00f3.<\/p>\n<p>Durante el ciclo pasaron una importante cantidad de artistas que brindaron distintos ritmos a los mercedinos que disfrutaron de un escenario de gran calidad. Bailaron y se vivi\u00f3 de un verano con mucha cultura mercedina.<\/p>\n<p>Barrio San Jos\u00e9, Plaza San Mart\u00edn, Unidad y Prograso, Plaza San Lu\u00eds, Gowland, Barrio San Mar\u00edn, Blandengues y la Trocha fueron espacios donde desde diferentes barriadas se encontraron para las propuestas<\/p>\n<figure id=\"attachment_72140\" aria-describedby=\"caption-attachment-72140\" style=\"width: 620px\" class=\"wp-caption aligncenter\"><img loading=\"lazy\" decoding=\"async\" data-attachment-id=\"72140\" data-permalink=\"https:\/\/www.hoymercedes.com.ar\/principal\/2018\/02\/05\/finalizo-con-gran-asistencia-de-publico-el-ciclo-musica-en-las-plazas\/musicaenlasplazas-sanluis4\/#main\" data-orig-file=\"https:\/\/www.hoymercedes.com.ar\/principal\/wp-content\/uploads\/2018\/02\/musicaenlasplazas-sanluis4.jpg\" data-orig-size=\"730,487\" data-comments-opened=\"0\" data-image-meta=\"{&quot;aperture&quot;:&quot;0&quot;,&quot;credit&quot;:&quot;&quot;,&quot;camera&quot;:&quot;&quot;,&quot;caption&quot;:&quot;&quot;,&quot;created_timestamp&quot;:&quot;0&quot;,&quot;copyright&quot;:&quot;&quot;,&quot;focal_length&quot;:&quot;0&quot;,&quot;iso&quot;:&quot;0&quot;,&quot;shutter_speed&quot;:&quot;0&quot;,&quot;title&quot;:&quot;&quot;,&quot;orientation&quot;:&quot;0&quot;}\" data-image-title=\"musicaenlasplazas-sanluis4\" data-image-description=\"\" data-image-caption=\"\" data-large-file=\"https:\/\/www.hoymercedes.com.ar\/principal\/wp-content\/uploads\/2018\/02\/musicaenlasplazas-sanluis4.jpg\" class=\"wp-image-72140 size-medium\" src=\"https:\/\/www.hoymercedes.com.ar\/principal\/wp-content\/uploads\/2018\/02\/musicaenlasplazas-sanluis4-630x420.jpg\" alt=\"\" width=\"630\" height=\"420\" srcset=\"https:\/\/www.hoymercedes.com.ar\/principal\/wp-content\/uploads\/2018\/02\/musicaenlasplazas-sanluis4-630x420.jpg 630w, https:\/\/www.hoymercedes.com.ar\/principal\/wp-content\/uploads\/2018\/02\/musicaenlasplazas-sanluis4-150x100.jpg 150w, https:\/\/www.hoymercedes.com.ar\/principal\/wp-content\/uploads\/2018\/02\/musicaenlasplazas-sanluis4.jpg 730w\" sizes=\"auto, (max-width: 630px) 100vw, 630px\" \/><figcaption id=\"caption-attachment-72140\" class=\"wp-caption-text\">San Lu\u00eds cont\u00f3 con gran marco de p\u00fablico<\/figcaption><\/figure>\n<p>.<\/p>\n<p>Revoluci\u00f3n Folklore, El Corte, Pablo Aschero, Gonzalo Jes\u00fas, Los L\u00f3pez Heredia, Fernanda Ottolini, Las Malvones, Oscar Rossello, Menta Lim\u00f3n, Sachapampa, Orquesta Org\u00e1nica, Ponce de Le\u00f3n, Mi cumbia suena, Ivana Cestari, Los Amigos y Santa Milonguita fueron quienes dieron el marco art\u00edstico sobre el escenario en las distintas veladas.<\/p>\n<p>En cuando la \u00faltima noche se conocieron quienes fueron los ganadores de los concursos de baile que se efectuaron en cada convocatoria. En cumbia Javier Caballo y Mariel Crivella fueron los campeones siendo sub campeones fueron Federico Delbianco y Carolina Navarro. En cuanto al cuartero, el cl\u00e1sico ritmo cordob\u00e9s, fueron campeones Jonat\u00e1n Mart\u00ednez y Paulina Bustel siendo sus sub campeones Juan Orellano y\u00a0 M\u00f3nica Avelda\u00f1o.<\/p>\n<figure id=\"attachment_72141\" aria-describedby=\"caption-attachment-72141\" style=\"width: 620px\" class=\"wp-caption aligncenter\"><img loading=\"lazy\" decoding=\"async\" data-attachment-id=\"72141\" data-permalink=\"https:\/\/www.hoymercedes.com.ar\/principal\/2018\/02\/05\/finalizo-con-gran-asistencia-de-publico-el-ciclo-musica-en-las-plazas\/musicaenlasplazas-sanluis5\/#main\" data-orig-file=\"https:\/\/www.hoymercedes.com.ar\/principal\/wp-content\/uploads\/2018\/02\/musicaenlasplazas-sanluis5.jpg\" data-orig-size=\"730,487\" data-comments-opened=\"0\" data-image-meta=\"{&quot;aperture&quot;:&quot;0&quot;,&quot;credit&quot;:&quot;&quot;,&quot;camera&quot;:&quot;&quot;,&quot;caption&quot;:&quot;&quot;,&quot;created_timestamp&quot;:&quot;0&quot;,&quot;copyright&quot;:&quot;&quot;,&quot;focal_length&quot;:&quot;0&quot;,&quot;iso&quot;:&quot;0&quot;,&quot;shutter_speed&quot;:&quot;0&quot;,&quot;title&quot;:&quot;&quot;,&quot;orientation&quot;:&quot;0&quot;}\" data-image-title=\"musicaenlasplazas-sanluis5\" data-image-description=\"\" data-image-caption=\"\" data-large-file=\"https:\/\/www.hoymercedes.com.ar\/principal\/wp-content\/uploads\/2018\/02\/musicaenlasplazas-sanluis5.jpg\" class=\"wp-image-72141 size-medium\" src=\"https:\/\/www.hoymercedes.com.ar\/principal\/wp-content\/uploads\/2018\/02\/musicaenlasplazas-sanluis5-630x420.jpg\" alt=\"\" width=\"630\" height=\"420\" srcset=\"https:\/\/www.hoymercedes.com.ar\/principal\/wp-content\/uploads\/2018\/02\/musicaenlasplazas-sanluis5-630x420.jpg 630w, https:\/\/www.hoymercedes.com.ar\/principal\/wp-content\/uploads\/2018\/02\/musicaenlasplazas-sanluis5-150x100.jpg 150w, https:\/\/www.hoymercedes.com.ar\/principal\/wp-content\/uploads\/2018\/02\/musicaenlasplazas-sanluis5.jpg 730w\" sizes=\"auto, (max-width: 630px) 100vw, 630px\" \/><figcaption id=\"caption-attachment-72141\" class=\"wp-caption-text\">Menta Lim\u00f3n<\/figcaption><\/figure>\n<p>Para Juan Pablo L\u00f3pez Baggio, secretario de gobierno, se trat\u00f3 de una nueva noche \u201cpara toda la familia, como se pudo ver, teniendo en San Luis un gran marco, con una noche que acompa\u00f1\u00f3 de punta a punta\u201d destac\u00f3 siendo \u201cun ciclo muy exitoso, lo cual nos motiva y alegra\u201d<\/p>\n<p>\u201cEstamos muy felices por c\u00f3mo se dio el ciclo. Cada presentaci\u00f3n fue bajo un excelente marco de p\u00fablico, sin problemas, con familias, chicos jugando, promoviendo la cultura y los artistas mercedinos y siempre buscando sea libre, gratuito y tambi\u00e9n solidario\u201d, mencion\u00f3 el intendente Dr. Juan Ignacio Ustarroz.<\/p>\n<p>Las fiestas en los barrios, para la Comuna, fue una excelente previa para los que ser\u00e1n los corsos 2018 se arrancan en unos d\u00edas y que tienen una gran programaci\u00f3n del 9 al 12 de febrero.<\/p>\n<p>&nbsp;<\/p>\n<p><span style=\"color: #808080;\">Fuente: Municipio\u00a0<\/span><\/p>\n","protected":false},"excerpt":{"rendered":"<p>&nbsp; Este s\u00e1bado se llev\u00f3 a cabo la \u00faltima velada del ciclo \u201cM\u00fasica en las plazas\u201d con una de las &#8230; <a title=\"Finaliz\u00f3 con gran asistencia de p\u00fablico el ciclo \u201cM\u00fasica en las Plazas\u201d\" class=\"read-more\" href=\"https:\/\/www.hoymercedes.com.ar\/principal\/2018\/02\/05\/finalizo-con-gran-asistencia-de-publico-el-ciclo-musica-en-las-plazas\/\" aria-label=\"Leer m\u00e1s sobre Finaliz\u00f3 con gran asistencia de p\u00fablico el ciclo \u201cM\u00fasica en las Plazas\u201d\">Leer m\u00e1s<\/a><\/p>\n","protected":false},"author":1,"featured_media":72141,"comment_status":"closed","ping_status":"open","sticky":false,"template":"","format":"standard","meta":{"_monsterinsights_skip_tracking":false,"_monsterinsights_sitenote_active":false,"_monsterinsights_sitenote_note":"","_monsterinsights_sitenote_category":0,"jetpack_post_was_ever_published":false,"_jetpack_newsletter_access":"","_jetpack_dont_email_post_to_subs":false,"_jetpack_newsletter_tier_id":0,"_jetpack_memberships_contains_paywalled_content":false,"_jetpack_memberships_contains_paid_content":false,"footnotes":"","jetpack_publicize_message":"","jetpack_publicize_feature_enabled":true,"jetpack_social_post_already_shared":true,"jetpack_social_options":{"image_generator_settings":{"template":"highway","default_image_id":0,"font":"","enabled":false},"version":2},"_wpas_customize_per_network":false},"categories":[104],"tags":[739,8589,10455],"class_list":["post-72137","post","type-post","status-publish","format-standard","has-post-thumbnail","hentry","category-cultura","tag-direccion-de-cultura","tag-lucia-capaccio","tag-musica-en-las-plazas","generate-columns","tablet-grid-50","mobile-grid-100","grid-parent","grid-50"],"jetpack_publicize_connections":[],"jetpack_featured_media_url":"https:\/\/www.hoymercedes.com.ar\/principal\/wp-content\/uploads\/2018\/02\/musicaenlasplazas-sanluis5.jpg","wps_subtitle":"En plaza San Lu\u00eds","jetpack_sharing_enabled":true,"_links":{"self":[{"href":"https:\/\/www.hoymercedes.com.ar\/principal\/wp-json\/wp\/v2\/posts\/72137","targetHints":{"allow":["GET"]}}],"collection":[{"href":"https:\/\/www.hoymercedes.com.ar\/principal\/wp-json\/wp\/v2\/posts"}],"about":[{"href":"https:\/\/www.hoymercedes.com.ar\/principal\/wp-json\/wp\/v2\/types\/post"}],"author":[{"embeddable":true,"href":"https:\/\/www.hoymercedes.com.ar\/principal\/wp-json\/wp\/v2\/users\/1"}],"replies":[{"embeddable":true,"href":"https:\/\/www.hoymercedes.com.ar\/principal\/wp-json\/wp\/v2\/comments?post=72137"}],"version-history":[{"count":0,"href":"https:\/\/www.hoymercedes.com.ar\/principal\/wp-json\/wp\/v2\/posts\/72137\/revisions"}],"wp:featuredmedia":[{"embeddable":true,"href":"https:\/\/www.hoymercedes.com.ar\/principal\/wp-json\/wp\/v2\/media\/72141"}],"wp:attachment":[{"href":"https:\/\/www.hoymercedes.com.ar\/principal\/wp-json\/wp\/v2\/media?parent=72137"}],"wp:term":[{"taxonomy":"category","embeddable":true,"href":"https:\/\/www.hoymercedes.com.ar\/principal\/wp-json\/wp\/v2\/categories?post=72137"},{"taxonomy":"post_tag","embeddable":true,"href":"https:\/\/www.hoymercedes.com.ar\/principal\/wp-json\/wp\/v2\/tags?post=72137"}],"curies":[{"name":"wp","href":"https:\/\/api.w.org\/{rel}","templated":true}]}}