{"id":72262,"date":"2018-02-08T14:30:11","date_gmt":"2018-02-08T17:30:11","guid":{"rendered":"http:\/\/www.hoymercedes.com.ar\/principal\/?p=72262"},"modified":"2018-02-08T11:07:38","modified_gmt":"2018-02-08T14:07:38","slug":"carlos-selva-y-diputados-nacionales-del-fr-reciben-a-los-trabajadores-del-inti","status":"publish","type":"post","link":"https:\/\/www.hoymercedes.com.ar\/principal\/2018\/02\/08\/carlos-selva-y-diputados-nacionales-del-fr-reciben-a-los-trabajadores-del-inti\/","title":{"rendered":"Carlos Selva y diputados nacionales del FR reciben a los trabajadores del INTI"},"content":{"rendered":"<p>El mercedino Carlos Selva, junto a su bloque de Diputados del Frente Renovador, recibieron a los trabajadores y despedidos del INTI, para escuchar la situaci\u00f3n que est\u00e1n atravesando y ponerse a disposici\u00f3n.<\/p>\n<p><img loading=\"lazy\" decoding=\"async\" data-attachment-id=\"72263\" data-permalink=\"https:\/\/www.hoymercedes.com.ar\/principal\/2018\/02\/08\/carlos-selva-y-diputados-nacionales-del-fr-reciben-a-los-trabajadores-del-inti\/08-selva-inti\/#main\" data-orig-file=\"https:\/\/www.hoymercedes.com.ar\/principal\/wp-content\/uploads\/2018\/02\/08-selva-inti.jpg\" data-orig-size=\"750,486\" data-comments-opened=\"0\" data-image-meta=\"{&quot;aperture&quot;:&quot;0&quot;,&quot;credit&quot;:&quot;&quot;,&quot;camera&quot;:&quot;&quot;,&quot;caption&quot;:&quot;&quot;,&quot;created_timestamp&quot;:&quot;0&quot;,&quot;copyright&quot;:&quot;&quot;,&quot;focal_length&quot;:&quot;0&quot;,&quot;iso&quot;:&quot;0&quot;,&quot;shutter_speed&quot;:&quot;0&quot;,&quot;title&quot;:&quot;&quot;,&quot;orientation&quot;:&quot;0&quot;}\" data-image-title=\"08 selva inti\" data-image-description=\"\" data-image-caption=\"\" data-large-file=\"https:\/\/www.hoymercedes.com.ar\/principal\/wp-content\/uploads\/2018\/02\/08-selva-inti.jpg\" class=\"size-medium wp-image-72263 aligncenter\" src=\"https:\/\/www.hoymercedes.com.ar\/principal\/wp-content\/uploads\/2018\/02\/08-selva-inti-630x408.jpg\" alt=\"\" width=\"630\" height=\"408\" srcset=\"https:\/\/www.hoymercedes.com.ar\/principal\/wp-content\/uploads\/2018\/02\/08-selva-inti-630x408.jpg 630w, https:\/\/www.hoymercedes.com.ar\/principal\/wp-content\/uploads\/2018\/02\/08-selva-inti-150x97.jpg 150w, https:\/\/www.hoymercedes.com.ar\/principal\/wp-content\/uploads\/2018\/02\/08-selva-inti.jpg 750w\" sizes=\"auto, (max-width: 630px) 100vw, 630px\" \/><\/p>\n<p>Al respecto el diputado Carlos Selva manifest\u00f3: \u201cCuando el ajuste del Estado se da ajustando a los trabajadores, no afecta s\u00f3lo a ellos, sino al desarrollo y crecimiento del pa\u00eds. Es realmente alarmante la situaci\u00f3n\u201d.<\/p>\n<p>Los despedidos son m\u00e1s de 250, y entre ellos hay delegados gremiales. Los legisladores buscan acciones a seguir.<\/p>\n<p>El Instituto Nacional de Tecnolog\u00eda Industrial (INTI) es un organismo argentino creado mediante el Decreto Ley 17.138 del 27 de diciembre de 1957, en el marco del surgimiento de un conjunto de instituciones nacionales destinadas a poner en movimiento, de manera planificada, la inversi\u00f3n p\u00fablica, la ciencia y la tecnolog\u00eda.<\/p>\n<p>Se trata de un ente aut\u00e1rquico que funciona bajo la \u00f3rbita del Ministerio de Producci\u00f3n, cuya misi\u00f3n es acompa\u00f1ar e impulsar el crecimiento de las PyMES argentinas, promoviendo el desarrollo industrial federal mediante la innovaci\u00f3n y la transferencia de tecnolog\u00eda.<\/p>\n<p>&nbsp;<\/p>\n<p>Fuente: prensa Carlos Selva<\/p>\n","protected":false},"excerpt":{"rendered":"<p>El mercedino Carlos Selva, junto a su bloque de Diputados del Frente Renovador, recibieron a los trabajadores y despedidos del &#8230; <a title=\"Carlos Selva y diputados nacionales del FR reciben a los trabajadores del INTI\" class=\"read-more\" href=\"https:\/\/www.hoymercedes.com.ar\/principal\/2018\/02\/08\/carlos-selva-y-diputados-nacionales-del-fr-reciben-a-los-trabajadores-del-inti\/\" aria-label=\"Leer m\u00e1s sobre Carlos Selva y diputados nacionales del FR reciben a los trabajadores del INTI\">Leer m\u00e1s<\/a><\/p>\n","protected":false},"author":1,"featured_media":72263,"comment_status":"closed","ping_status":"open","sticky":false,"template":"","format":"standard","meta":{"_monsterinsights_skip_tracking":false,"_monsterinsights_sitenote_active":false,"_monsterinsights_sitenote_note":"","_monsterinsights_sitenote_category":0,"jetpack_post_was_ever_published":false,"_jetpack_newsletter_access":"","_jetpack_dont_email_post_to_subs":false,"_jetpack_newsletter_tier_id":0,"_jetpack_memberships_contains_paywalled_content":false,"_jetpack_memberships_contains_paid_content":false,"footnotes":"","jetpack_publicize_message":"","jetpack_publicize_feature_enabled":true,"jetpack_social_post_already_shared":true,"jetpack_social_options":{"image_generator_settings":{"template":"highway","default_image_id":0,"font":"","enabled":false},"version":2},"_wpas_customize_per_network":false},"categories":[5210],"tags":[39,10019,3537,10113],"class_list":["post-72262","post","type-post","status-publish","format-standard","has-post-thumbnail","hentry","category-politica-nacional","tag-carlos-selva","tag-diputados-nacionales","tag-frente-renovador","tag-politica-nacional","generate-columns","tablet-grid-50","mobile-grid-100","grid-parent","grid-50"],"jetpack_publicize_connections":[],"jetpack_featured_media_url":"https:\/\/www.hoymercedes.com.ar\/principal\/wp-content\/uploads\/2018\/02\/08-selva-inti.jpg","wps_subtitle":"Despidos en el INTI","jetpack_sharing_enabled":true,"_links":{"self":[{"href":"https:\/\/www.hoymercedes.com.ar\/principal\/wp-json\/wp\/v2\/posts\/72262","targetHints":{"allow":["GET"]}}],"collection":[{"href":"https:\/\/www.hoymercedes.com.ar\/principal\/wp-json\/wp\/v2\/posts"}],"about":[{"href":"https:\/\/www.hoymercedes.com.ar\/principal\/wp-json\/wp\/v2\/types\/post"}],"author":[{"embeddable":true,"href":"https:\/\/www.hoymercedes.com.ar\/principal\/wp-json\/wp\/v2\/users\/1"}],"replies":[{"embeddable":true,"href":"https:\/\/www.hoymercedes.com.ar\/principal\/wp-json\/wp\/v2\/comments?post=72262"}],"version-history":[{"count":0,"href":"https:\/\/www.hoymercedes.com.ar\/principal\/wp-json\/wp\/v2\/posts\/72262\/revisions"}],"wp:featuredmedia":[{"embeddable":true,"href":"https:\/\/www.hoymercedes.com.ar\/principal\/wp-json\/wp\/v2\/media\/72263"}],"wp:attachment":[{"href":"https:\/\/www.hoymercedes.com.ar\/principal\/wp-json\/wp\/v2\/media?parent=72262"}],"wp:term":[{"taxonomy":"category","embeddable":true,"href":"https:\/\/www.hoymercedes.com.ar\/principal\/wp-json\/wp\/v2\/categories?post=72262"},{"taxonomy":"post_tag","embeddable":true,"href":"https:\/\/www.hoymercedes.com.ar\/principal\/wp-json\/wp\/v2\/tags?post=72262"}],"curies":[{"name":"wp","href":"https:\/\/api.w.org\/{rel}","templated":true}]}}