{"id":72327,"date":"2018-02-09T13:39:53","date_gmt":"2018-02-09T16:39:53","guid":{"rendered":"http:\/\/www.hoymercedes.com.ar\/principal\/?p=72327"},"modified":"2018-02-09T15:18:29","modified_gmt":"2018-02-09T18:18:29","slug":"los-equipos-mercedinos-jugaran-entre-martes-y-miercoles-por-la-cuarta-fecha","status":"publish","type":"post","link":"https:\/\/www.hoymercedes.com.ar\/principal\/2018\/02\/09\/los-equipos-mercedinos-jugaran-entre-martes-y-miercoles-por-la-cuarta-fecha\/","title":{"rendered":"Los equipos mercedinos jugar\u00e1n entre martes y mi\u00e9rcoles por la cuarta fecha"},"content":{"rendered":"<p><em><strong>La cuarta fecha del Torneo Federaci\u00f3n Norte tiene a los cuatro representantes de la ciudad de Mercedes jugando en el estadio de la Liga Mercedina, ya que comienza la etapa de revanchas y por ende, se repite la primera jornada pero con intercambio de local\u00eda. Debido a que este fin de semana la polic\u00eda est\u00e1 afectada al carnaval, los partidos se jugar\u00e1n entre martes y mi\u00e9rcoles.<\/strong><\/em><\/p>\n<p>El primero de los encuentros que se disputar\u00e1 ser\u00e1 en el final del feriado largo, es decir el martes, cuando a partir de las 18.30 se midan Defensores Vs. Palometas, con transmisi\u00f3n de FM La Tribuna 103.5 y retransmitido en diferido por la se\u00f1al 7 de Cablevisi\u00f3n.<\/p>\n<p>El otro encuentro ser\u00e1 el mi\u00e9rcoles a las 21.15 entre AMEFIP &#8211; Barrio San Mart\u00edn y V\u00e9lez, en un duelo de una zona donde todos los partidos que se disputaron terminaron en empate.<\/p>\n<p>En cuanto a Pabell\u00f3n de Marcos Paz, ser\u00e1 visitante de Flecha Azul en Escobar este s\u00e1bado a partir de las 17.<\/p>\n<p><img loading=\"lazy\" decoding=\"async\" data-attachment-id=\"72329\" data-permalink=\"https:\/\/www.hoymercedes.com.ar\/principal\/2018\/02\/09\/los-equipos-mercedinos-jugaran-entre-martes-y-miercoles-por-la-cuarta-fecha\/posiciones-federacion-norte\/#main\" data-orig-file=\"https:\/\/www.hoymercedes.com.ar\/principal\/wp-content\/uploads\/2018\/02\/Posiciones-Federacion-Norte.png\" data-orig-size=\"540,357\" data-comments-opened=\"0\" data-image-meta=\"{&quot;aperture&quot;:&quot;0&quot;,&quot;credit&quot;:&quot;&quot;,&quot;camera&quot;:&quot;&quot;,&quot;caption&quot;:&quot;&quot;,&quot;created_timestamp&quot;:&quot;0&quot;,&quot;copyright&quot;:&quot;&quot;,&quot;focal_length&quot;:&quot;0&quot;,&quot;iso&quot;:&quot;0&quot;,&quot;shutter_speed&quot;:&quot;0&quot;,&quot;title&quot;:&quot;&quot;,&quot;orientation&quot;:&quot;0&quot;}\" data-image-title=\"Posiciones Federacion Norte\" data-image-description=\"\" data-image-caption=\"\" data-large-file=\"https:\/\/www.hoymercedes.com.ar\/principal\/wp-content\/uploads\/2018\/02\/Posiciones-Federacion-Norte.png\" class=\"aligncenter size-full wp-image-72329\" src=\"https:\/\/www.hoymercedes.com.ar\/principal\/wp-content\/uploads\/2018\/02\/Posiciones-Federacion-Norte.png\" alt=\"\" width=\"540\" height=\"357\" srcset=\"https:\/\/www.hoymercedes.com.ar\/principal\/wp-content\/uploads\/2018\/02\/Posiciones-Federacion-Norte.png 540w, https:\/\/www.hoymercedes.com.ar\/principal\/wp-content\/uploads\/2018\/02\/Posiciones-Federacion-Norte-150x99.png 150w\" sizes=\"auto, (max-width: 540px) 100vw, 540px\" \/><\/p>\n<p>&nbsp;<\/p>\n<p><strong>Trocha espera<\/strong><\/p>\n<p>Por el Federal C, Trocha queda libre este fin de semana y los que jugar\u00e1n son El Front\u00f3n Vs. Col\u00f3n de Chivilcoy en la localidad de San Andr\u00e9s de Giles. El local es el l\u00edder de la tabla con 3 puntos, mientras que los chivilcoyanos sumaron un empate, ante Trocha, mientras que la carbonilla tiene una \u00fanica unidad en dos encuentros disputados. El juez ser\u00e1 Sergio M\u00e9ndez Cedro.<\/p>\n","protected":false},"excerpt":{"rendered":"<p>La cuarta fecha del Torneo Federaci\u00f3n Norte tiene a los cuatro representantes de la ciudad de Mercedes jugando en el &#8230; <a title=\"Los equipos mercedinos jugar\u00e1n entre martes y mi\u00e9rcoles por la cuarta fecha\" class=\"read-more\" href=\"https:\/\/www.hoymercedes.com.ar\/principal\/2018\/02\/09\/los-equipos-mercedinos-jugaran-entre-martes-y-miercoles-por-la-cuarta-fecha\/\" aria-label=\"Leer m\u00e1s sobre Los equipos mercedinos jugar\u00e1n entre martes y mi\u00e9rcoles por la cuarta fecha\">Leer m\u00e1s<\/a><\/p>\n","protected":false},"author":1,"featured_media":72329,"comment_status":"closed","ping_status":"open","sticky":false,"template":"","format":"standard","meta":{"_monsterinsights_skip_tracking":false,"_monsterinsights_sitenote_active":false,"_monsterinsights_sitenote_note":"","_monsterinsights_sitenote_category":0,"jetpack_post_was_ever_published":false,"_jetpack_newsletter_access":"","_jetpack_dont_email_post_to_subs":false,"_jetpack_newsletter_tier_id":0,"_jetpack_memberships_contains_paywalled_content":false,"_jetpack_memberships_contains_paid_content":false,"footnotes":"","jetpack_publicize_message":"","jetpack_publicize_feature_enabled":true,"jetpack_social_post_already_shared":true,"jetpack_social_options":{"image_generator_settings":{"template":"highway","default_image_id":0,"font":"","enabled":false},"version":2},"_wpas_customize_per_network":false},"categories":[21],"tags":[204,8426,1003,1901],"class_list":["post-72327","post","type-post","status-publish","format-standard","has-post-thumbnail","hentry","category-deportes","tag-deportes-2","tag-federacion-norte","tag-futbol","tag-liga-mercedina","generate-columns","tablet-grid-50","mobile-grid-100","grid-parent","grid-50"],"jetpack_publicize_connections":[],"jetpack_featured_media_url":"https:\/\/www.hoymercedes.com.ar\/principal\/wp-content\/uploads\/2018\/02\/Posiciones-Federacion-Norte.png","wps_subtitle":"Federaci\u00f3n Norte","jetpack_sharing_enabled":true,"_links":{"self":[{"href":"https:\/\/www.hoymercedes.com.ar\/principal\/wp-json\/wp\/v2\/posts\/72327","targetHints":{"allow":["GET"]}}],"collection":[{"href":"https:\/\/www.hoymercedes.com.ar\/principal\/wp-json\/wp\/v2\/posts"}],"about":[{"href":"https:\/\/www.hoymercedes.com.ar\/principal\/wp-json\/wp\/v2\/types\/post"}],"author":[{"embeddable":true,"href":"https:\/\/www.hoymercedes.com.ar\/principal\/wp-json\/wp\/v2\/users\/1"}],"replies":[{"embeddable":true,"href":"https:\/\/www.hoymercedes.com.ar\/principal\/wp-json\/wp\/v2\/comments?post=72327"}],"version-history":[{"count":0,"href":"https:\/\/www.hoymercedes.com.ar\/principal\/wp-json\/wp\/v2\/posts\/72327\/revisions"}],"wp:featuredmedia":[{"embeddable":true,"href":"https:\/\/www.hoymercedes.com.ar\/principal\/wp-json\/wp\/v2\/media\/72329"}],"wp:attachment":[{"href":"https:\/\/www.hoymercedes.com.ar\/principal\/wp-json\/wp\/v2\/media?parent=72327"}],"wp:term":[{"taxonomy":"category","embeddable":true,"href":"https:\/\/www.hoymercedes.com.ar\/principal\/wp-json\/wp\/v2\/categories?post=72327"},{"taxonomy":"post_tag","embeddable":true,"href":"https:\/\/www.hoymercedes.com.ar\/principal\/wp-json\/wp\/v2\/tags?post=72327"}],"curies":[{"name":"wp","href":"https:\/\/api.w.org\/{rel}","templated":true}]}}