{"id":7242,"date":"2011-09-13T02:30:15","date_gmt":"2011-09-13T02:30:15","guid":{"rendered":"http:\/\/www.hoymercedes.com.ar\/principal\/?p=7242"},"modified":"2011-09-13T02:30:15","modified_gmt":"2011-09-13T02:30:15","slug":"desde-el-frente-buscan-fortalecer-al-colegio-industrial","status":"publish","type":"post","link":"https:\/\/www.hoymercedes.com.ar\/principal\/2011\/09\/13\/desde-el-frente-buscan-fortalecer-al-colegio-industrial\/","title":{"rendered":"Desde el Frente buscan fortalecer al Colegio Industrial"},"content":{"rendered":"<p>Juani Ustarroz y su equipo siguen trabajando firmemente sobre uno de los principales objetivos planteados en su campa\u00f1a electoral: \u201cGeneraci\u00f3n de empleo genuino\u201d. Para esto, la radicaci\u00f3n de nuevas industrias y el aumento de producci\u00f3n de las empresas mercedinas es de vital importancia para el cumplimiento de tal valiosa meta. La formaci\u00f3n de recursos calificados es la base de esta destacada cadena de valor.<\/p>\n<p>\u201cEl colegio Industrial, ENET N 1, debe convertirse en la fuente de formaci\u00f3n de estos recursos, que abastecer\u00e1n a las industrias de esta ciudad y de la regi\u00f3n. Para que esto suceda, debe estar a la vanguardia de las nuevas tecnolog\u00edas y procesos de industrializaci\u00f3n y convertirse en un referente del sector\u201d, enfatiza Ustarroz.<\/p>\n<p>Desde el Frente Mercedino para la Victoria se convoc\u00f3 al Ministerio de Ciencia, Tecnolog\u00eda e Innovaci\u00f3n Productiva de la Naci\u00f3n a fin de que nutra a nuestro Colegio Industrial de herramientas y procesos innovativos y de alta tecnolog\u00eda procurando as\u00ed, recobrar el protagonismo que en otros tiempos supo poseer.<\/p>\n<p>El martes 13 a las 9.30 una delegaci\u00f3n de dicho Ministerio, presidida por el subsecretario de Coordinaci\u00f3n Administrativa, Dr. Rodolfo Blasco presentar\u00e1 un robot capacitador que cuenta con la \u00faltima tecnolog\u00eda en materia de procesos pedag\u00f3gicos. \u201cEste robot es una de las atracciones de Tecnopolis y es totalmente industria nacional\u201d informa Juani.<\/p>\n<p>Adem\u00e1s de presentarlo al alumnado y docentes del establecimiento, se realizar\u00e1 una capacitaci\u00f3n a los mismos de modo que puedan utilizarlo y aprovecharlo con suma eficiencia. Despu\u00e9s de dicha presentaci\u00f3n el Ministerio de Ciencia Tecnolog\u00eda e Innovaci\u00f3n Productiva de la Naci\u00f3n donar\u00e1 el robot a la instituci\u00f3n.<\/p>\n","protected":false},"excerpt":{"rendered":"<p>Juani Ustarroz y su equipo siguen trabajando firmemente sobre uno de los principales objetivos planteados en su campa\u00f1a electoral: \u201cGeneraci\u00f3n &#8230; <a title=\"Desde el Frente buscan fortalecer al Colegio Industrial\" class=\"read-more\" href=\"https:\/\/www.hoymercedes.com.ar\/principal\/2011\/09\/13\/desde-el-frente-buscan-fortalecer-al-colegio-industrial\/\" aria-label=\"Leer m\u00e1s sobre Desde el Frente buscan fortalecer al Colegio Industrial\">Leer m\u00e1s<\/a><\/p>\n","protected":false},"author":1,"featured_media":0,"comment_status":"open","ping_status":"open","sticky":false,"template":"","format":"standard","meta":{"_monsterinsights_skip_tracking":false,"_monsterinsights_sitenote_active":false,"_monsterinsights_sitenote_note":"","_monsterinsights_sitenote_category":0,"jetpack_post_was_ever_published":false,"_jetpack_newsletter_access":"","_jetpack_dont_email_post_to_subs":false,"_jetpack_newsletter_tier_id":0,"_jetpack_memberships_contains_paywalled_content":false,"_jetpack_memberships_contains_paid_content":false,"footnotes":"","jetpack_publicize_message":"","jetpack_publicize_feature_enabled":true,"jetpack_social_post_already_shared":false,"jetpack_social_options":{"image_generator_settings":{"template":"highway","default_image_id":0,"font":"","enabled":false},"version":2},"_wpas_customize_per_network":false},"categories":[5],"tags":[1007,424],"class_list":["post-7242","post","type-post","status-publish","format-standard","hentry","category-politica","tag-frente-mercedino","tag-ustarroz","generate-columns","tablet-grid-50","mobile-grid-100","grid-parent","grid-50"],"jetpack_publicize_connections":[],"jetpack_featured_media_url":"","wps_subtitle":"","jetpack_sharing_enabled":true,"_links":{"self":[{"href":"https:\/\/www.hoymercedes.com.ar\/principal\/wp-json\/wp\/v2\/posts\/7242","targetHints":{"allow":["GET"]}}],"collection":[{"href":"https:\/\/www.hoymercedes.com.ar\/principal\/wp-json\/wp\/v2\/posts"}],"about":[{"href":"https:\/\/www.hoymercedes.com.ar\/principal\/wp-json\/wp\/v2\/types\/post"}],"author":[{"embeddable":true,"href":"https:\/\/www.hoymercedes.com.ar\/principal\/wp-json\/wp\/v2\/users\/1"}],"replies":[{"embeddable":true,"href":"https:\/\/www.hoymercedes.com.ar\/principal\/wp-json\/wp\/v2\/comments?post=7242"}],"version-history":[{"count":0,"href":"https:\/\/www.hoymercedes.com.ar\/principal\/wp-json\/wp\/v2\/posts\/7242\/revisions"}],"wp:attachment":[{"href":"https:\/\/www.hoymercedes.com.ar\/principal\/wp-json\/wp\/v2\/media?parent=7242"}],"wp:term":[{"taxonomy":"category","embeddable":true,"href":"https:\/\/www.hoymercedes.com.ar\/principal\/wp-json\/wp\/v2\/categories?post=7242"},{"taxonomy":"post_tag","embeddable":true,"href":"https:\/\/www.hoymercedes.com.ar\/principal\/wp-json\/wp\/v2\/tags?post=7242"}],"curies":[{"name":"wp","href":"https:\/\/api.w.org\/{rel}","templated":true}]}}