{"id":72422,"date":"2018-02-11T12:45:16","date_gmt":"2018-02-11T15:45:16","guid":{"rendered":"http:\/\/www.hoymercedes.com.ar\/principal\/?p=72422"},"modified":"2018-02-11T11:55:38","modified_gmt":"2018-02-11T14:55:38","slug":"mujeres-mercedinas-proponen-concentrarse-en-plaza-san-martin-el-8-de-marzo-19-hs","status":"publish","type":"post","link":"https:\/\/www.hoymercedes.com.ar\/principal\/2018\/02\/11\/mujeres-mercedinas-proponen-concentrarse-en-plaza-san-martin-el-8-de-marzo-19-hs\/","title":{"rendered":"Mujeres mercedinas proponen concentrarse en Plaza San Mart\u00edn el 8 de marzo, 19 hs."},"content":{"rendered":"<p><strong><em>El color violeta ser\u00e1 la que las identifique en el reclamo ante una sociedad que sigue siendo machista y en el homenaje y reconocimiento a la mujer trabajadora. Para organizar los detalles del acto de marzo, volver\u00e1n a reunirse el viernes 16, 19 horas, en el Plaza San Luis.<\/em><\/strong><\/p>\n<figure id=\"attachment_72405\" aria-describedby=\"caption-attachment-72405\" style=\"width: 620px\" class=\"wp-caption aligncenter\"><img loading=\"lazy\" decoding=\"async\" data-attachment-id=\"72405\" data-permalink=\"https:\/\/www.hoymercedes.com.ar\/principal\/2018\/02\/10\/se-dicto-curso-para-instructores-de-nueva-disciplina-que-disminuye-el-estres\/11-asamblea-mujeres3\/#main\" data-orig-file=\"https:\/\/www.hoymercedes.com.ar\/principal\/wp-content\/uploads\/2018\/02\/11-Asamblea-mujeres3.jpg\" data-orig-size=\"750,500\" data-comments-opened=\"0\" data-image-meta=\"{&quot;aperture&quot;:&quot;5.6&quot;,&quot;credit&quot;:&quot;&quot;,&quot;camera&quot;:&quot;NIKON D3100&quot;,&quot;caption&quot;:&quot;&quot;,&quot;created_timestamp&quot;:&quot;1518206524&quot;,&quot;copyright&quot;:&quot;&quot;,&quot;focal_length&quot;:&quot;20&quot;,&quot;iso&quot;:&quot;360&quot;,&quot;shutter_speed&quot;:&quot;0.008&quot;,&quot;title&quot;:&quot;&quot;,&quot;orientation&quot;:&quot;1&quot;}\" data-image-title=\"11 Asamblea mujeres3\" data-image-description=\"\" data-image-caption=\"&lt;p&gt;Mujeres reunidas en asamblea intercambiaron opiniones y propuestas&lt;\/p&gt;\n\" data-large-file=\"https:\/\/www.hoymercedes.com.ar\/principal\/wp-content\/uploads\/2018\/02\/11-Asamblea-mujeres3.jpg\" class=\"size-medium wp-image-72405\" src=\"https:\/\/www.hoymercedes.com.ar\/principal\/wp-content\/uploads\/2018\/02\/11-Asamblea-mujeres3-630x420.jpg\" alt=\"\" width=\"630\" height=\"420\" srcset=\"https:\/\/www.hoymercedes.com.ar\/principal\/wp-content\/uploads\/2018\/02\/11-Asamblea-mujeres3-630x420.jpg 630w, https:\/\/www.hoymercedes.com.ar\/principal\/wp-content\/uploads\/2018\/02\/11-Asamblea-mujeres3-150x100.jpg 150w, https:\/\/www.hoymercedes.com.ar\/principal\/wp-content\/uploads\/2018\/02\/11-Asamblea-mujeres3.jpg 750w\" sizes=\"auto, (max-width: 630px) 100vw, 630px\" \/><figcaption id=\"caption-attachment-72405\" class=\"wp-caption-text\">Mujeres reunidas en asamblea intercambiaron opiniones y propuestas<\/figcaption><\/figure>\n<p>La segunda Asamblea de Mujeres Mercedinas se llev\u00f3 adelante en la tarde del viernes de febrero. Un poco menos de 50 mujeres pasaron por el encuentro en el que se convers\u00f3 propuestas, acciones, opiniones, pareceres, en torno al paro internacional de mujeres previsto para el 8 de marzo, y a las problem\u00e1ticas que diariamente viven las mujeres mercedinas en sus trabajos, en las calles de la ciudad o en sus casas.<\/p>\n<p>Sentadas en ronda en el patio de la Casa del Pueblo, el encuentro de mujeres fue fruct\u00edfero porque las distintas opiniones y propuestas fueron escuchadas y analizadas. El punto en com\u00fan de todas las presentes fue la preocupaci\u00f3n de c\u00f3mo todav\u00eda hay mujeres que son golpeadas, matadas, denigradas, discriminadas, y tratadas con inferioridad, en sus casas, sus trabajos, en la calle, en la atenci\u00f3n p\u00fablica de organismos p\u00fablicos y privados. De c\u00f3mo el machismo sigue imperando no permitiendo una real igual de derechos entre hombres y mujeres.<\/p>\n<p>Eso busca el paro internacional de mujeres previsto para el 8 de marzo. Lograr que todas las mujeres puedan ejercer sus derechos. La bandera que reunir\u00e1 a estas mujeres ser\u00e1 la de la Asamblea de Mujeres Mercedinas y el color violeta ser\u00e1 el que distinga a todas las mujeres que adhieran a la propuesta.<\/p>\n<p>\u201cEn la Asamblea se empez\u00f3 a elaborar un documento que terminar\u00e1 de armarse en el pr\u00f3ximo encuentro. El documento establece como base la reivindicaci\u00f3n de la mujer trabajadora. El eje, m\u00e1s all\u00e1 de todas las demandas que se hacen, es sobre la mujer c\u00f3mo mujer trabajadora. Una de los puntos que surgi\u00f3 es el hecho de que si una mujer hace paro, otras personas se dar\u00e1n cuenta de qu\u00e9 pasa si estas mujeres no est\u00e1n. \u2018Parar para que vean qu\u00e9 pasa si no estamos\u2019. Pas\u00f3 la \u00e9poca de la sumisi\u00f3n. Tambi\u00e9n queremos explicar que no es \u2018contra el hombre\u2019. Una cosa es \u2018el macho\u2019, que puede ser hasta una mujer, porque lo que estamos expresando es nuestra oposici\u00f3n a la violencia machista. No es contra el hombre. Por eso tambi\u00e9n convocamos a los hombres a sumarse\u201d, cuenta Luc\u00eda Lascano, una de las mercedinas que integra la Asamblea de Mujeres local.<\/p>\n<p>El paro propuesto para el 8 de marzo a nivel internacional, no implica, necesariamente, que la mujer no vaya a trabajar ese d\u00eda. La invitaci\u00f3n a adherirse es para visibilizar la problem\u00e1tica que muchas mujeres viven en cuanto al machismo en el sistema. Es por eso que proponen que en los lugares de trabajos, las mujeres puedan tomarse una hora y debatan sobre el rol de la mujer en el trabajo y en la sociedad.<\/p>\n<figure id=\"attachment_72404\" aria-describedby=\"caption-attachment-72404\" style=\"width: 620px\" class=\"wp-caption aligncenter\"><img loading=\"lazy\" decoding=\"async\" data-attachment-id=\"72404\" data-permalink=\"https:\/\/www.hoymercedes.com.ar\/principal\/2018\/02\/10\/se-dicto-curso-para-instructores-de-nueva-disciplina-que-disminuye-el-estres\/11-asamblea-mujeres2\/#main\" data-orig-file=\"https:\/\/www.hoymercedes.com.ar\/principal\/wp-content\/uploads\/2018\/02\/11-Asamblea-mujeres2.jpg\" data-orig-size=\"750,500\" data-comments-opened=\"0\" data-image-meta=\"{&quot;aperture&quot;:&quot;5&quot;,&quot;credit&quot;:&quot;&quot;,&quot;camera&quot;:&quot;NIKON D3100&quot;,&quot;caption&quot;:&quot;&quot;,&quot;created_timestamp&quot;:&quot;1518206764&quot;,&quot;copyright&quot;:&quot;&quot;,&quot;focal_length&quot;:&quot;18&quot;,&quot;iso&quot;:&quot;400&quot;,&quot;shutter_speed&quot;:&quot;0.01&quot;,&quot;title&quot;:&quot;&quot;,&quot;orientation&quot;:&quot;1&quot;}\" data-image-title=\"11 Asamblea mujeres2\" data-image-description=\"\" data-image-caption=\"&lt;p&gt;El viernes 16 de febrero volver\u00e1n a reunirse. Esta vez en la Plaza San Luis. &lt;\/p&gt;\n\" data-large-file=\"https:\/\/www.hoymercedes.com.ar\/principal\/wp-content\/uploads\/2018\/02\/11-Asamblea-mujeres2.jpg\" class=\"size-medium wp-image-72404\" src=\"https:\/\/www.hoymercedes.com.ar\/principal\/wp-content\/uploads\/2018\/02\/11-Asamblea-mujeres2-630x420.jpg\" alt=\"\" width=\"630\" height=\"420\" srcset=\"https:\/\/www.hoymercedes.com.ar\/principal\/wp-content\/uploads\/2018\/02\/11-Asamblea-mujeres2-630x420.jpg 630w, https:\/\/www.hoymercedes.com.ar\/principal\/wp-content\/uploads\/2018\/02\/11-Asamblea-mujeres2-150x100.jpg 150w, https:\/\/www.hoymercedes.com.ar\/principal\/wp-content\/uploads\/2018\/02\/11-Asamblea-mujeres2.jpg 750w\" sizes=\"auto, (max-width: 630px) 100vw, 630px\" \/><figcaption id=\"caption-attachment-72404\" class=\"wp-caption-text\">El viernes 16 de febrero volver\u00e1n a reunirse. Esta vez en la Plaza San Luis.<\/figcaption><\/figure>\n<p>\u201cParamos porque estamos cansadas de la opresi\u00f3n, de ser exprimidas. En el sistema general prevalece la opresi\u00f3n, la crueldad, y el hecho de adue\u00f1arse del otro, del tiempo de otro. De que nuestro tiempo de trabajo y de vida no vale. El sistema hace que una mujer sea asesinada cada 21 horas, en manos del machismo. Paramos contra eso. Este sistema no da para m\u00e1s. Es necesario que se vea qu\u00e9 pasa si nosotras paramos\u201d, explica<\/p>\n<p>\u201cNo tenemos la pretensi\u00f3n de que sea enorme porque es la primera vez, pero que s\u00ed haya una adhesi\u00f3n. Propondremos que las mujeres que no puedan parar, se re\u00fanan unos minutos y debatan sobre la violencia de g\u00e9nero, el acoso callejero, la violencia obst\u00e9trica, la educaci\u00f3n sexual integral, la despenalizaci\u00f3n y legalizaci\u00f3n del aborto, temas que hacen al g\u00e9nero\u201d, agrega Lascano..<\/p>\n<p>\u201cNo vamos a atacar a otras mujeres porque no hagan paro. Sabemos que no todas podr\u00e1n parar o est\u00e1n de acuerdo con el paro. Entendemos a las mujeres que no acuerdan con nosotras y por eso queremos preguntarles a ellas cu\u00e1ntas horas trabajan o cu\u00e1nto les pagan por ese trabajo, cu\u00e1ntas horas trabajan en sus casas en las tareas dom\u00e9sticas, eso es valorado, no. Qu\u00e9 surja desde nosotras esta comprensi\u00f3n. No queremos imponer el paro, sino explicar la importancia del paro internacional de mujeres. Proponemos tambi\u00e9n que ese d\u00eda se adhieran con la utilizaci\u00f3n del color violeta y estaremos repartiendo nosotras cintas violetas\u201d, explicaron tras la asamblea realizada el viernes.<\/p>\n<p>Tras la segunda asamblea, las mujeres presentes acordaron que el d\u00eda 8 de marzo, a la hora 19, se concentrar\u00e1n en la Plaza San Mart\u00edn para hacer m\u00e1s p\u00fablica y visible el reclamo ante una sociedad que contin\u00faa siendo machista.<\/p>\n<p>Para la organizaci\u00f3n de este evento, el viernes 16 de febrero, las mujeres mercedinas volver\u00e1n a reunirse en asamblea, en esta oportunidad en la Plaza San Luis a la hora 19. Adem\u00e1s, crearon una fan page en facebook para que las mujeres interesadas en sumarse o contactarse puedan hacerlo. El sitio es \u201c<a href=\"https:\/\/www.facebook.com\/Asamblea-de-Mujeres-Mercedinas-335905626921242\/?notif_id=1518292810881484&amp;notif_t=page_invite&amp;ref=notif\" target=\"_blank\" rel=\"noopener\">Asamblea de Mujeres Mercedinas<\/a>\u201d.<\/p>\n<p>Por Clarisa Altieri<\/p>\n<figure id=\"attachment_72403\" aria-describedby=\"caption-attachment-72403\" style=\"width: 620px\" class=\"wp-caption aligncenter\"><img loading=\"lazy\" decoding=\"async\" data-attachment-id=\"72403\" data-permalink=\"https:\/\/www.hoymercedes.com.ar\/principal\/2018\/02\/10\/se-dicto-curso-para-instructores-de-nueva-disciplina-que-disminuye-el-estres\/11-asamblea-mujeres\/#main\" data-orig-file=\"https:\/\/www.hoymercedes.com.ar\/principal\/wp-content\/uploads\/2018\/02\/11-Asamblea-mujeres.jpg\" data-orig-size=\"750,500\" data-comments-opened=\"0\" data-image-meta=\"{&quot;aperture&quot;:&quot;4.5&quot;,&quot;credit&quot;:&quot;&quot;,&quot;camera&quot;:&quot;NIKON D3100&quot;,&quot;caption&quot;:&quot;&quot;,&quot;created_timestamp&quot;:&quot;1518206715&quot;,&quot;copyright&quot;:&quot;&quot;,&quot;focal_length&quot;:&quot;22&quot;,&quot;iso&quot;:&quot;400&quot;,&quot;shutter_speed&quot;:&quot;0.0125&quot;,&quot;title&quot;:&quot;&quot;,&quot;orientation&quot;:&quot;1&quot;}\" data-image-title=\"11 Asamblea mujeres\" data-image-description=\"\" data-image-caption=\"&lt;p&gt;El 8 de marzo, ser\u00e1 el paro internacional de mujeres. Aqu\u00ed har\u00e1n una concentraci\u00f3n en la Plaza San Mart\u00edn. &lt;\/p&gt;\n\" data-large-file=\"https:\/\/www.hoymercedes.com.ar\/principal\/wp-content\/uploads\/2018\/02\/11-Asamblea-mujeres.jpg\" class=\"size-medium wp-image-72403\" src=\"https:\/\/www.hoymercedes.com.ar\/principal\/wp-content\/uploads\/2018\/02\/11-Asamblea-mujeres-630x420.jpg\" alt=\"\" width=\"630\" height=\"420\" srcset=\"https:\/\/www.hoymercedes.com.ar\/principal\/wp-content\/uploads\/2018\/02\/11-Asamblea-mujeres-630x420.jpg 630w, https:\/\/www.hoymercedes.com.ar\/principal\/wp-content\/uploads\/2018\/02\/11-Asamblea-mujeres-150x100.jpg 150w, https:\/\/www.hoymercedes.com.ar\/principal\/wp-content\/uploads\/2018\/02\/11-Asamblea-mujeres.jpg 750w\" sizes=\"auto, (max-width: 630px) 100vw, 630px\" \/><figcaption id=\"caption-attachment-72403\" class=\"wp-caption-text\">El 8 de marzo, ser\u00e1 el paro internacional de mujeres. Aqu\u00ed har\u00e1n una concentraci\u00f3n en la Plaza San Mart\u00edn.<\/figcaption><\/figure>\n","protected":false},"excerpt":{"rendered":"<p>El color violeta ser\u00e1 la que las identifique en el reclamo ante una sociedad que sigue siendo machista y en &#8230; <a title=\"Mujeres mercedinas proponen concentrarse en Plaza San Mart\u00edn el 8 de marzo, 19 hs.\" class=\"read-more\" href=\"https:\/\/www.hoymercedes.com.ar\/principal\/2018\/02\/11\/mujeres-mercedinas-proponen-concentrarse-en-plaza-san-martin-el-8-de-marzo-19-hs\/\" aria-label=\"Leer m\u00e1s sobre Mujeres mercedinas proponen concentrarse en Plaza San Mart\u00edn el 8 de marzo, 19 hs.\">Leer m\u00e1s<\/a><\/p>\n","protected":false},"author":1,"featured_media":72403,"comment_status":"closed","ping_status":"open","sticky":false,"template":"","format":"standard","meta":{"_monsterinsights_skip_tracking":false,"_monsterinsights_sitenote_active":false,"_monsterinsights_sitenote_note":"","_monsterinsights_sitenote_category":0,"jetpack_post_was_ever_published":false,"_jetpack_newsletter_access":"","_jetpack_dont_email_post_to_subs":false,"_jetpack_newsletter_tier_id":0,"_jetpack_memberships_contains_paywalled_content":false,"_jetpack_memberships_contains_paid_content":false,"footnotes":"","jetpack_publicize_message":"","jetpack_publicize_feature_enabled":true,"jetpack_social_post_already_shared":true,"jetpack_social_options":{"image_generator_settings":{"template":"highway","default_image_id":0,"font":"","enabled":false},"version":2},"_wpas_customize_per_network":false},"categories":[8],"tags":[12569,10,12617,7802],"class_list":["post-72422","post","type-post","status-publish","format-standard","has-post-thumbnail","hentry","category-sociedad","tag-asamblea-de-mujeres-mercedinas","tag-mercedes","tag-paro-internacional-de-mujeres","tag-sociedad","generate-columns","tablet-grid-50","mobile-grid-100","grid-parent","grid-50"],"jetpack_publicize_connections":[],"jetpack_featured_media_url":"https:\/\/www.hoymercedes.com.ar\/principal\/wp-content\/uploads\/2018\/02\/11-Asamblea-mujeres.jpg","wps_subtitle":"Paro Internacional de Mujeres","jetpack_sharing_enabled":true,"_links":{"self":[{"href":"https:\/\/www.hoymercedes.com.ar\/principal\/wp-json\/wp\/v2\/posts\/72422","targetHints":{"allow":["GET"]}}],"collection":[{"href":"https:\/\/www.hoymercedes.com.ar\/principal\/wp-json\/wp\/v2\/posts"}],"about":[{"href":"https:\/\/www.hoymercedes.com.ar\/principal\/wp-json\/wp\/v2\/types\/post"}],"author":[{"embeddable":true,"href":"https:\/\/www.hoymercedes.com.ar\/principal\/wp-json\/wp\/v2\/users\/1"}],"replies":[{"embeddable":true,"href":"https:\/\/www.hoymercedes.com.ar\/principal\/wp-json\/wp\/v2\/comments?post=72422"}],"version-history":[{"count":0,"href":"https:\/\/www.hoymercedes.com.ar\/principal\/wp-json\/wp\/v2\/posts\/72422\/revisions"}],"wp:featuredmedia":[{"embeddable":true,"href":"https:\/\/www.hoymercedes.com.ar\/principal\/wp-json\/wp\/v2\/media\/72403"}],"wp:attachment":[{"href":"https:\/\/www.hoymercedes.com.ar\/principal\/wp-json\/wp\/v2\/media?parent=72422"}],"wp:term":[{"taxonomy":"category","embeddable":true,"href":"https:\/\/www.hoymercedes.com.ar\/principal\/wp-json\/wp\/v2\/categories?post=72422"},{"taxonomy":"post_tag","embeddable":true,"href":"https:\/\/www.hoymercedes.com.ar\/principal\/wp-json\/wp\/v2\/tags?post=72422"}],"curies":[{"name":"wp","href":"https:\/\/api.w.org\/{rel}","templated":true}]}}