{"id":72444,"date":"2018-02-12T12:13:04","date_gmt":"2018-02-12T15:13:04","guid":{"rendered":"http:\/\/www.hoymercedes.com.ar\/principal\/?p=72444"},"modified":"2018-02-12T11:20:30","modified_gmt":"2018-02-12T14:20:30","slug":"observatorio-municipal-invita-a-ver-el-eclipse-de-sol","status":"publish","type":"post","link":"https:\/\/www.hoymercedes.com.ar\/principal\/2018\/02\/12\/observatorio-municipal-invita-a-ver-el-eclipse-de-sol\/","title":{"rendered":"Observatorio Municipal invita a ver el eclipse de sol"},"content":{"rendered":"<p><em><strong>Habr\u00e1 Eclipse de Sol el pr\u00f3ximo jueves 15 por la tarde.\u00a0Podr\u00e1 observarse sin instrumentaci\u00f3n espec\u00edfica, no obstante se recomiendan cuidados especiales para poder disfrutar del fen\u00f3meno natural.\u00a0<\/strong><\/em><\/p>\n<p>El equipo t\u00e9cnico del Observatorio Municipal contin\u00faa trabajando en el mantenimiento de los instrumentos con vistas al nuevo a\u00f1o que comienza. De todos modos, y aunque no haya observaciones hasta el mes de marzo, sigue atento a los fen\u00f3menos naturales y movimientos de los cuerpos celestes. Por tal motivo, nos invita a observar en la tarde del\u00a0 jueves 15 de febrero un eclipse parcial de sol en nuestra ciudad.<\/p>\n<p>Este fen\u00f3meno se produce al interponerse la Luna exactamente entre el Sol y la Tierra (lo que ocurre s\u00f3lo cuando la \u00f3rbita lunar alrededor de la Tierra coincide con la de la Tierra alrededor del Sol), por lo que la sombra de nuestro sat\u00e9lite natural, que adem\u00e1s debe encontrarse en su fase \u00abnueva\u00bb, se proyecta sobre una peque\u00f1a porci\u00f3n de nuestro planeta. Y se observa como el disco lunar oculta, parcialmente en este caso, el disco solar.<\/p>\n<p>El eclipse comenzar\u00e1 18:37hs, con el Sol a solo 14\u00ba de altura sobre el horizonte Oeste. El m\u00e1ximo de la parcialidad ser\u00e1 a las 19:13 hs, con el Sol a 7\u00ba de altura y su disco oculto en un peque\u00f1o porcentaje del 16%. El fin del eclipse ser\u00e1 a las 19:47 hs, con el Sol ya debajo del horizonte.<\/p>\n<p>Dada la baja magnitud del fen\u00f3meno, no se apreciar\u00e1 disminuci\u00f3n en la intensidad de la luz solar, m\u00e1s all\u00e1 de que se produce cerca del crep\u00fasculo.<\/p>\n<p>El dato de relevancia tiene que ver con los cuidados especiales: de ninguna manera deber\u00e1 observarse en forma directa al sol. Si bien el fen\u00f3meno se puede apreciar a \u00a0simple vista sin necesidad de instrumentos \u00f3pticos, esto s\u00f3lo debe hacerse usando filtros adecuados. Observar sin esta precauci\u00f3n, puede ocasionar da\u00f1os permanentes a la vista. Ni los anteojos de sol, ni los vidrios ahumados ni pel\u00edculas radiogr\u00e1ficas sirven como filtro.<\/p>\n<p>Fuente: Prensa Municipal<\/p>\n","protected":false},"excerpt":{"rendered":"<p>Habr\u00e1 Eclipse de Sol el pr\u00f3ximo jueves 15 por la tarde.\u00a0Podr\u00e1 observarse sin instrumentaci\u00f3n espec\u00edfica, no obstante se recomiendan cuidados &#8230; <a title=\"Observatorio Municipal invita a ver el eclipse de sol\" class=\"read-more\" href=\"https:\/\/www.hoymercedes.com.ar\/principal\/2018\/02\/12\/observatorio-municipal-invita-a-ver-el-eclipse-de-sol\/\" aria-label=\"Leer m\u00e1s sobre Observatorio Municipal invita a ver el eclipse de sol\">Leer m\u00e1s<\/a><\/p>\n","protected":false},"author":1,"featured_media":72445,"comment_status":"closed","ping_status":"open","sticky":false,"template":"","format":"standard","meta":{"_monsterinsights_skip_tracking":false,"_monsterinsights_sitenote_active":false,"_monsterinsights_sitenote_note":"","_monsterinsights_sitenote_category":0,"jetpack_post_was_ever_published":false,"_jetpack_newsletter_access":"","_jetpack_dont_email_post_to_subs":false,"_jetpack_newsletter_tier_id":0,"_jetpack_memberships_contains_paywalled_content":false,"_jetpack_memberships_contains_paid_content":false,"footnotes":"","jetpack_publicize_message":"","jetpack_publicize_feature_enabled":true,"jetpack_social_post_already_shared":true,"jetpack_social_options":{"image_generator_settings":{"template":"highway","default_image_id":0,"font":"","enabled":false},"version":2},"_wpas_customize_per_network":false},"categories":[30],"tags":[12635,244,10646],"class_list":["post-72444","post","type-post","status-publish","format-standard","has-post-thumbnail","hentry","category-municipio","tag-eclipse-se-sol","tag-municipio-2","tag-observatorio-municipal","generate-columns","tablet-grid-50","mobile-grid-100","grid-parent","grid-50"],"jetpack_publicize_connections":[],"jetpack_featured_media_url":"https:\/\/www.hoymercedes.com.ar\/principal\/wp-content\/uploads\/2018\/02\/12-Eclipse-de-sol.jpg","wps_subtitle":"Jueves 15","jetpack_sharing_enabled":true,"_links":{"self":[{"href":"https:\/\/www.hoymercedes.com.ar\/principal\/wp-json\/wp\/v2\/posts\/72444","targetHints":{"allow":["GET"]}}],"collection":[{"href":"https:\/\/www.hoymercedes.com.ar\/principal\/wp-json\/wp\/v2\/posts"}],"about":[{"href":"https:\/\/www.hoymercedes.com.ar\/principal\/wp-json\/wp\/v2\/types\/post"}],"author":[{"embeddable":true,"href":"https:\/\/www.hoymercedes.com.ar\/principal\/wp-json\/wp\/v2\/users\/1"}],"replies":[{"embeddable":true,"href":"https:\/\/www.hoymercedes.com.ar\/principal\/wp-json\/wp\/v2\/comments?post=72444"}],"version-history":[{"count":0,"href":"https:\/\/www.hoymercedes.com.ar\/principal\/wp-json\/wp\/v2\/posts\/72444\/revisions"}],"wp:featuredmedia":[{"embeddable":true,"href":"https:\/\/www.hoymercedes.com.ar\/principal\/wp-json\/wp\/v2\/media\/72445"}],"wp:attachment":[{"href":"https:\/\/www.hoymercedes.com.ar\/principal\/wp-json\/wp\/v2\/media?parent=72444"}],"wp:term":[{"taxonomy":"category","embeddable":true,"href":"https:\/\/www.hoymercedes.com.ar\/principal\/wp-json\/wp\/v2\/categories?post=72444"},{"taxonomy":"post_tag","embeddable":true,"href":"https:\/\/www.hoymercedes.com.ar\/principal\/wp-json\/wp\/v2\/tags?post=72444"}],"curies":[{"name":"wp","href":"https:\/\/api.w.org\/{rel}","templated":true}]}}