{"id":72448,"date":"2018-02-12T12:52:07","date_gmt":"2018-02-12T15:52:07","guid":{"rendered":"http:\/\/www.hoymercedes.com.ar\/principal\/?p=72448"},"modified":"2018-02-12T12:52:07","modified_gmt":"2018-02-12T15:52:07","slug":"una-moto-despisto-en-la-ruta-5-en-la-manana-del-lunes","status":"publish","type":"post","link":"https:\/\/www.hoymercedes.com.ar\/principal\/2018\/02\/12\/una-moto-despisto-en-la-ruta-5-en-la-manana-del-lunes\/","title":{"rendered":"Una moto despist\u00f3 en la Ruta 5 en la ma\u00f1ana del lunes"},"content":{"rendered":"<p>Cerca de las 9 de la ma\u00f1ana de este lunes 12\u00a0de febrero, una motociclista que circulaba por la Ruta 5, partido de Suipacha, despist\u00f3 con su moto en el kil\u00f3metro 124,900. El conductor no sufri\u00f3 lesiones.<\/p>\n<figure id=\"attachment_72449\" aria-describedby=\"caption-attachment-72449\" style=\"width: 620px\" class=\"wp-caption aligncenter\"><img loading=\"lazy\" decoding=\"async\" data-attachment-id=\"72449\" data-permalink=\"https:\/\/www.hoymercedes.com.ar\/principal\/2018\/02\/12\/una-moto-despisto-en-la-ruta-5-en-la-manana-del-lunes\/12-moto-ruta-5-1\/#main\" data-orig-file=\"https:\/\/www.hoymercedes.com.ar\/principal\/wp-content\/uploads\/2018\/02\/12-moto-ruta-5-1.jpg\" data-orig-size=\"750,500\" data-comments-opened=\"0\" data-image-meta=\"{&quot;aperture&quot;:&quot;0&quot;,&quot;credit&quot;:&quot;&quot;,&quot;camera&quot;:&quot;&quot;,&quot;caption&quot;:&quot;&quot;,&quot;created_timestamp&quot;:&quot;0&quot;,&quot;copyright&quot;:&quot;&quot;,&quot;focal_length&quot;:&quot;0&quot;,&quot;iso&quot;:&quot;0&quot;,&quot;shutter_speed&quot;:&quot;0&quot;,&quot;title&quot;:&quot;&quot;,&quot;orientation&quot;:&quot;0&quot;}\" data-image-title=\"12 moto ruta 5 1\" data-image-description=\"\" data-image-caption=\"&lt;p&gt;El motociclista no present\u00f3 heridas de gravedad.&lt;\/p&gt;\n\" data-large-file=\"https:\/\/www.hoymercedes.com.ar\/principal\/wp-content\/uploads\/2018\/02\/12-moto-ruta-5-1.jpg\" class=\"size-medium wp-image-72449\" src=\"https:\/\/www.hoymercedes.com.ar\/principal\/wp-content\/uploads\/2018\/02\/12-moto-ruta-5-1-630x420.jpg\" alt=\"\" width=\"630\" height=\"420\" srcset=\"https:\/\/www.hoymercedes.com.ar\/principal\/wp-content\/uploads\/2018\/02\/12-moto-ruta-5-1-630x420.jpg 630w, https:\/\/www.hoymercedes.com.ar\/principal\/wp-content\/uploads\/2018\/02\/12-moto-ruta-5-1-150x100.jpg 150w, https:\/\/www.hoymercedes.com.ar\/principal\/wp-content\/uploads\/2018\/02\/12-moto-ruta-5-1.jpg 750w\" sizes=\"auto, (max-width: 630px) 100vw, 630px\" \/><figcaption id=\"caption-attachment-72449\" class=\"wp-caption-text\">El motociclista no present\u00f3 heridas de gravedad.<\/figcaption><\/figure>\n<p>Por causas que se desconocen, Osvaldo Daniel Marmolato, quien circulaba en sentido Mercedes hacia Suipacha a bordo de una motocicleta marca Honda 125 cc, color negra, dominio A016BZZ, al llegar a la altura del km 124,900, se despista perdiendo el control del motovehiculo cayendo sobre la zona de pr\u00e9stamo.<\/p>\n<p>Marmolato, es inmediatamente auxiliado por familiares y amigos que circulaban detr\u00e1s a bordo de dos autom\u00f3viles ;concurri\u00f3 al lugar alertada por el sistema de emergencias 911, una ambulancia del Hospital Esteban Iribarne de Suipacha que traslada al joven motociclista hasta el HOMEI , donde a los pocos minutos se determina que no presentaba lesiones.<\/p>\n<p>El motociclista junto a sus padres y un grupo de amigos se dirig\u00edan desde Pilar hacia la laguna de Bragado a pasar el d\u00eda aprovechando el feriado de carnaval.<\/p>\n<p>Fuente: Jorge Lasala (Suipacha)<\/p>\n<figure id=\"attachment_72450\" aria-describedby=\"caption-attachment-72450\" style=\"width: 620px\" class=\"wp-caption aligncenter\"><img loading=\"lazy\" decoding=\"async\" data-attachment-id=\"72450\" data-permalink=\"https:\/\/www.hoymercedes.com.ar\/principal\/2018\/02\/12\/una-moto-despisto-en-la-ruta-5-en-la-manana-del-lunes\/12-moto-ruta-5-2\/#main\" data-orig-file=\"https:\/\/www.hoymercedes.com.ar\/principal\/wp-content\/uploads\/2018\/02\/12-moto-ruta-5-2.jpg\" data-orig-size=\"750,563\" data-comments-opened=\"0\" data-image-meta=\"{&quot;aperture&quot;:&quot;0&quot;,&quot;credit&quot;:&quot;&quot;,&quot;camera&quot;:&quot;&quot;,&quot;caption&quot;:&quot;&quot;,&quot;created_timestamp&quot;:&quot;0&quot;,&quot;copyright&quot;:&quot;&quot;,&quot;focal_length&quot;:&quot;0&quot;,&quot;iso&quot;:&quot;0&quot;,&quot;shutter_speed&quot;:&quot;0&quot;,&quot;title&quot;:&quot;&quot;,&quot;orientation&quot;:&quot;0&quot;}\" data-image-title=\"12 moto ruta 5 2\" data-image-description=\"\" data-image-caption=\"&lt;p&gt;Fue auxiliado por su familia y amigos que ven\u00edan detr\u00e1s del motociclista&lt;\/p&gt;\n\" data-large-file=\"https:\/\/www.hoymercedes.com.ar\/principal\/wp-content\/uploads\/2018\/02\/12-moto-ruta-5-2.jpg\" class=\"size-medium wp-image-72450\" src=\"https:\/\/www.hoymercedes.com.ar\/principal\/wp-content\/uploads\/2018\/02\/12-moto-ruta-5-2-630x473.jpg\" alt=\"\" width=\"630\" height=\"473\" srcset=\"https:\/\/www.hoymercedes.com.ar\/principal\/wp-content\/uploads\/2018\/02\/12-moto-ruta-5-2-630x473.jpg 630w, https:\/\/www.hoymercedes.com.ar\/principal\/wp-content\/uploads\/2018\/02\/12-moto-ruta-5-2-150x113.jpg 150w, https:\/\/www.hoymercedes.com.ar\/principal\/wp-content\/uploads\/2018\/02\/12-moto-ruta-5-2.jpg 750w\" sizes=\"auto, (max-width: 630px) 100vw, 630px\" \/><figcaption id=\"caption-attachment-72450\" class=\"wp-caption-text\">Fue auxiliado por su familia y amigos que ven\u00edan detr\u00e1s del motociclista<\/figcaption><\/figure>\n","protected":false},"excerpt":{"rendered":"<p>Cerca de las 9 de la ma\u00f1ana de este lunes 12\u00a0de febrero, una motociclista que circulaba por la Ruta 5, &#8230; <a title=\"Una moto despist\u00f3 en la Ruta 5 en la ma\u00f1ana del lunes\" class=\"read-more\" href=\"https:\/\/www.hoymercedes.com.ar\/principal\/2018\/02\/12\/una-moto-despisto-en-la-ruta-5-en-la-manana-del-lunes\/\" aria-label=\"Leer m\u00e1s sobre Una moto despist\u00f3 en la Ruta 5 en la ma\u00f1ana del lunes\">Leer m\u00e1s<\/a><\/p>\n","protected":false},"author":1,"featured_media":72450,"comment_status":"closed","ping_status":"open","sticky":false,"template":"","format":"standard","meta":{"_monsterinsights_skip_tracking":false,"_monsterinsights_sitenote_active":false,"_monsterinsights_sitenote_note":"","_monsterinsights_sitenote_category":0,"jetpack_post_was_ever_published":false,"_jetpack_newsletter_access":"","_jetpack_dont_email_post_to_subs":false,"_jetpack_newsletter_tier_id":0,"_jetpack_memberships_contains_paywalled_content":false,"_jetpack_memberships_contains_paid_content":false,"footnotes":"","jetpack_publicize_message":"","jetpack_publicize_feature_enabled":true,"jetpack_social_post_already_shared":true,"jetpack_social_options":{"image_generator_settings":{"template":"highway","default_image_id":0,"font":"","enabled":false},"version":2},"_wpas_customize_per_network":false},"categories":[85],"tags":[10,8794,538,10395,559],"class_list":["post-72448","post","type-post","status-publish","format-standard","has-post-thumbnail","hentry","category-policial","tag-mercedes","tag-moto","tag-ruta-5","tag-siniestro-vial","tag-suipacha","generate-columns","tablet-grid-50","mobile-grid-100","grid-parent","grid-50"],"jetpack_publicize_connections":[],"jetpack_featured_media_url":"https:\/\/www.hoymercedes.com.ar\/principal\/wp-content\/uploads\/2018\/02\/12-moto-ruta-5-2.jpg","wps_subtitle":"Kil\u00f3metro 124,9","jetpack_sharing_enabled":true,"_links":{"self":[{"href":"https:\/\/www.hoymercedes.com.ar\/principal\/wp-json\/wp\/v2\/posts\/72448","targetHints":{"allow":["GET"]}}],"collection":[{"href":"https:\/\/www.hoymercedes.com.ar\/principal\/wp-json\/wp\/v2\/posts"}],"about":[{"href":"https:\/\/www.hoymercedes.com.ar\/principal\/wp-json\/wp\/v2\/types\/post"}],"author":[{"embeddable":true,"href":"https:\/\/www.hoymercedes.com.ar\/principal\/wp-json\/wp\/v2\/users\/1"}],"replies":[{"embeddable":true,"href":"https:\/\/www.hoymercedes.com.ar\/principal\/wp-json\/wp\/v2\/comments?post=72448"}],"version-history":[{"count":0,"href":"https:\/\/www.hoymercedes.com.ar\/principal\/wp-json\/wp\/v2\/posts\/72448\/revisions"}],"wp:featuredmedia":[{"embeddable":true,"href":"https:\/\/www.hoymercedes.com.ar\/principal\/wp-json\/wp\/v2\/media\/72450"}],"wp:attachment":[{"href":"https:\/\/www.hoymercedes.com.ar\/principal\/wp-json\/wp\/v2\/media?parent=72448"}],"wp:term":[{"taxonomy":"category","embeddable":true,"href":"https:\/\/www.hoymercedes.com.ar\/principal\/wp-json\/wp\/v2\/categories?post=72448"},{"taxonomy":"post_tag","embeddable":true,"href":"https:\/\/www.hoymercedes.com.ar\/principal\/wp-json\/wp\/v2\/tags?post=72448"}],"curies":[{"name":"wp","href":"https:\/\/api.w.org\/{rel}","templated":true}]}}