{"id":7247,"date":"2011-09-13T02:34:46","date_gmt":"2011-09-13T02:34:46","guid":{"rendered":"http:\/\/www.hoymercedes.com.ar\/principal\/?p=7247"},"modified":"2011-09-13T02:53:37","modified_gmt":"2011-09-13T02:53:37","slug":"buena-actuacion-de-jovenes-atletas-en-san-antonio-de-areco","status":"publish","type":"post","link":"https:\/\/www.hoymercedes.com.ar\/principal\/2011\/09\/13\/buena-actuacion-de-jovenes-atletas-en-san-antonio-de-areco\/","title":{"rendered":"Buena actuacion de jovenes atletas en San Antonio de Areco"},"content":{"rendered":"<p><a href=\"https:\/\/www.hoymercedes.com.ar\/principal\/wp-content\/uploads\/2011\/09\/Atletismo-Semillero1.jpg\"><img loading=\"lazy\" decoding=\"async\" data-attachment-id=\"7265\" data-permalink=\"https:\/\/www.hoymercedes.com.ar\/principal\/2011\/09\/13\/buena-actuacion-de-jovenes-atletas-en-san-antonio-de-areco\/atletismo-semillero-2\/#main\" data-orig-file=\"https:\/\/www.hoymercedes.com.ar\/principal\/wp-content\/uploads\/2011\/09\/Atletismo-Semillero1.jpg\" data-orig-size=\"605,403\" data-comments-opened=\"1\" data-image-meta=\"{&quot;aperture&quot;:&quot;6.3&quot;,&quot;credit&quot;:&quot;&quot;,&quot;camera&quot;:&quot;NIKON D200&quot;,&quot;caption&quot;:&quot;&quot;,&quot;created_timestamp&quot;:&quot;1275748965&quot;,&quot;copyright&quot;:&quot;Mariano Fuaz&quot;,&quot;focal_length&quot;:&quot;95&quot;,&quot;iso&quot;:&quot;400&quot;,&quot;shutter_speed&quot;:&quot;0.002&quot;,&quot;title&quot;:&quot;&quot;}\" data-image-title=\"Atletismo -Semillero\" data-image-description=\"\" data-image-caption=\"\" data-large-file=\"https:\/\/www.hoymercedes.com.ar\/principal\/wp-content\/uploads\/2011\/09\/Atletismo-Semillero1.jpg\" class=\"aligncenter size-full wp-image-7265\" title=\"Atletismo -Semillero\" src=\"https:\/\/www.hoymercedes.com.ar\/principal\/wp-content\/uploads\/2011\/09\/Atletismo-Semillero1.jpg\" alt=\"\" width=\"605\" height=\"403\" \/><\/a>Este s\u00e1bado en las instalaciones del polideportivo de San Antonio de Areco se llevo a cabo el torneo regional de atletismo organizado por la Direcci\u00f3n de deportes y el CEF de esa ciudad. Delegaciones de Arrecife, San Andr\u00e9s de Giles, Gral. Rodr\u00edguez, Mercedes, Pilar y los organizadores dieron paso a este importante torneo que permiti\u00f3 a los j\u00f3venes mercedinos mejorar su nivel deportivo con vista a las finales de los Juegos Buenos Aires la provincia y debutar deportivamente a j\u00f3venes que se acercan a este deporte.<\/p>\n<p>En lanzamiento de jabalina menores Sof\u00eda Santorelli consigui\u00f3 el 2do puesto con una marca de 22 m 90 cm en una categor\u00eda dos a\u00f1os mayor que la suya. En jabalina mayores Anabella Crivella consigui\u00f3 el 2do puesto con una marca de 27 m 80 cm con un importante viento en contra.<\/p>\n<p>En 100 mts mayores Juan Mart\u00edn Hern\u00e1ndez se ubico 2 do con un buen tiempo de 11 seg. 7\/10 y quien obtuvo un importante triunfo en su debut fue Nicol\u00e1s Moreno con 5 mts 19 cm en salto en largo cadetes. Seguramente antes del viaje a las finales Bonaerenses otro torneo marcara la puesta a punto final de los atletas mercedinos.<\/p>\n","protected":false},"excerpt":{"rendered":"<p>Este s\u00e1bado en las instalaciones del polideportivo de San Antonio de Areco se llevo a cabo el torneo regional de &#8230; <a title=\"Buena actuacion de jovenes atletas en San Antonio de Areco\" class=\"read-more\" href=\"https:\/\/www.hoymercedes.com.ar\/principal\/2011\/09\/13\/buena-actuacion-de-jovenes-atletas-en-san-antonio-de-areco\/\" aria-label=\"Leer m\u00e1s sobre Buena actuacion de jovenes atletas en San Antonio de Areco\">Leer m\u00e1s<\/a><\/p>\n","protected":false},"author":1,"featured_media":0,"comment_status":"open","ping_status":"open","sticky":false,"template":"","format":"standard","meta":{"_monsterinsights_skip_tracking":false,"_monsterinsights_sitenote_active":false,"_monsterinsights_sitenote_note":"","_monsterinsights_sitenote_category":0,"jetpack_post_was_ever_published":false,"_jetpack_newsletter_access":"","_jetpack_dont_email_post_to_subs":false,"_jetpack_newsletter_tier_id":0,"_jetpack_memberships_contains_paywalled_content":false,"_jetpack_memberships_contains_paid_content":false,"footnotes":"","jetpack_publicize_message":"","jetpack_publicize_feature_enabled":true,"jetpack_social_post_already_shared":false,"jetpack_social_options":{"image_generator_settings":{"template":"highway","default_image_id":0,"font":"","enabled":false},"version":2},"_wpas_customize_per_network":false},"categories":[21],"tags":[964,803],"class_list":["post-7247","post","type-post","status-publish","format-standard","hentry","category-deportes","tag-atletas-mercedinos","tag-atletismo","generate-columns","tablet-grid-50","mobile-grid-100","grid-parent","grid-50"],"jetpack_publicize_connections":[],"jetpack_featured_media_url":"","wps_subtitle":"","jetpack_sharing_enabled":true,"_links":{"self":[{"href":"https:\/\/www.hoymercedes.com.ar\/principal\/wp-json\/wp\/v2\/posts\/7247","targetHints":{"allow":["GET"]}}],"collection":[{"href":"https:\/\/www.hoymercedes.com.ar\/principal\/wp-json\/wp\/v2\/posts"}],"about":[{"href":"https:\/\/www.hoymercedes.com.ar\/principal\/wp-json\/wp\/v2\/types\/post"}],"author":[{"embeddable":true,"href":"https:\/\/www.hoymercedes.com.ar\/principal\/wp-json\/wp\/v2\/users\/1"}],"replies":[{"embeddable":true,"href":"https:\/\/www.hoymercedes.com.ar\/principal\/wp-json\/wp\/v2\/comments?post=7247"}],"version-history":[{"count":0,"href":"https:\/\/www.hoymercedes.com.ar\/principal\/wp-json\/wp\/v2\/posts\/7247\/revisions"}],"wp:attachment":[{"href":"https:\/\/www.hoymercedes.com.ar\/principal\/wp-json\/wp\/v2\/media?parent=7247"}],"wp:term":[{"taxonomy":"category","embeddable":true,"href":"https:\/\/www.hoymercedes.com.ar\/principal\/wp-json\/wp\/v2\/categories?post=7247"},{"taxonomy":"post_tag","embeddable":true,"href":"https:\/\/www.hoymercedes.com.ar\/principal\/wp-json\/wp\/v2\/tags?post=7247"}],"curies":[{"name":"wp","href":"https:\/\/api.w.org\/{rel}","templated":true}]}}