{"id":72548,"date":"2018-02-15T10:25:26","date_gmt":"2018-02-15T13:25:26","guid":{"rendered":"http:\/\/www.hoymercedes.com.ar\/principal\/?p=72548"},"modified":"2018-02-15T10:25:26","modified_gmt":"2018-02-15T13:25:26","slug":"un-mismo-latido-para-concientizar-sobre-cardiopatias-congenitas","status":"publish","type":"post","link":"https:\/\/www.hoymercedes.com.ar\/principal\/2018\/02\/15\/un-mismo-latido-para-concientizar-sobre-cardiopatias-congenitas\/","title":{"rendered":"Un mismo latido para concientizar sobre Cardiopat\u00edas Cong\u00e9nitas"},"content":{"rendered":"<p>Concientizar sobre cardiopat\u00edas cong\u00e9nitas fue el objetivo de la jornada realizada en la tarde del mi\u00e9rcoles 14 de febrero, el mismo d\u00eda que a nivel internacional, en la plaza central de la ciudad de Mercedes. Organizada por Familias con Ni\u00f1os con Cardiopat\u00edas Cong\u00e9nitas, en la jornada se congregaron los vecinos con remeras blancas.<\/p>\n<figure id=\"attachment_72550\" aria-describedby=\"caption-attachment-72550\" style=\"width: 620px\" class=\"wp-caption aligncenter\"><img loading=\"lazy\" decoding=\"async\" data-attachment-id=\"72550\" data-permalink=\"https:\/\/www.hoymercedes.com.ar\/principal\/2018\/02\/15\/un-mismo-latido-para-concientizar-sobre-cardiopatias-congenitas\/15-cardiopatia-2\/#main\" data-orig-file=\"https:\/\/www.hoymercedes.com.ar\/principal\/wp-content\/uploads\/2018\/02\/15-cardiopatia-2.jpg\" data-orig-size=\"750,450\" data-comments-opened=\"0\" data-image-meta=\"{&quot;aperture&quot;:&quot;2.6&quot;,&quot;credit&quot;:&quot;&quot;,&quot;camera&quot;:&quot;SM-G313MU&quot;,&quot;caption&quot;:&quot;&quot;,&quot;created_timestamp&quot;:&quot;1518633776&quot;,&quot;copyright&quot;:&quot;&quot;,&quot;focal_length&quot;:&quot;3.31&quot;,&quot;iso&quot;:&quot;40&quot;,&quot;shutter_speed&quot;:&quot;0.019607843137255&quot;,&quot;title&quot;:&quot;&quot;,&quot;orientation&quot;:&quot;1&quot;}\" data-image-title=\"15 cardiopatia 2\" data-image-description=\"\" data-image-caption=\"&lt;p&gt;Familias de ni\u00f1os con C.C. 14F Latir&lt;\/p&gt;\n\" data-large-file=\"https:\/\/www.hoymercedes.com.ar\/principal\/wp-content\/uploads\/2018\/02\/15-cardiopatia-2.jpg\" class=\"size-medium wp-image-72550\" src=\"https:\/\/www.hoymercedes.com.ar\/principal\/wp-content\/uploads\/2018\/02\/15-cardiopatia-2-630x378.jpg\" alt=\"\" width=\"630\" height=\"378\" srcset=\"https:\/\/www.hoymercedes.com.ar\/principal\/wp-content\/uploads\/2018\/02\/15-cardiopatia-2-630x378.jpg 630w, https:\/\/www.hoymercedes.com.ar\/principal\/wp-content\/uploads\/2018\/02\/15-cardiopatia-2-150x90.jpg 150w, https:\/\/www.hoymercedes.com.ar\/principal\/wp-content\/uploads\/2018\/02\/15-cardiopatia-2.jpg 750w\" sizes=\"auto, (max-width: 630px) 100vw, 630px\" \/><figcaption id=\"caption-attachment-72550\" class=\"wp-caption-text\">Familias de ni\u00f1os con C.C. 14F Latir<\/figcaption><\/figure>\n<p>Nadia Rodr\u00edguez, una de las madres del grupo 14F Latir, la madre de Benjam\u00edn, explic\u00f3 ante los presentes c\u00f3mo surge la idea y agradeci\u00f3 a las autoridades municipales que hicieron posible la jornada para que los mercedinos conozcan las cardiopat\u00edas con las que nace uno de cada cien beb\u00e9.<\/p>\n<p>Tambi\u00e9n, Nadia explic\u00f3 que el 14 de febrero fue elegido en 1999 como el d\u00eda internacional de las cardiopat\u00edas cong\u00e9nitas por ser el d\u00eda del amor y la amistad. \u201cUn d\u00eda que har\u00eda renombre porque tiene que ver con el coraz\u00f3n\u201d, expres\u00f3 y present\u00f3 a las familias que integran el grupo 14F Latir enfatizando en que conocer y compartir con otras familias cuyos hijos tienen cardiopat\u00edas los hace sentir acompa\u00f1ados.<\/p>\n<p>\u201cMi mensaje es que se puede. Hay que cuidarlos. La idea de hacer las jornadas es concientizar porque la parte infectol\u00f3gica en los cardio es muy importante. Lavarse las manos es importante. Si uno est\u00e1 resfriado, lo mejor es no acercarse a un\u00a0 ni\u00f1o con cardiopat\u00eda. Eso es un acto de amor\u201d, agreg\u00f3 Nadia.<\/p>\n<p>Las familias hicieron hincapi\u00e9 las familias con ni\u00f1os\/as con Cardiopat\u00edas Cong\u00e9nitas es en la solidaridad de los vecinos hacia los ni\u00f1os\/as que durante el tratamiento son vulnerables de contagiarse enfermedades respiratorias. Por eso hicieron explicito el pedido y la necesidad de mantener la higiene antes de saludar a un ni\u00f1o\/a.<\/p>\n<p>Asimismo, el equipo profesional del Centro de Atenci\u00f3n Temprana del Desarrollo Infantil N\u00b0 1 que funciona en el Hospital Blas L. Dubarry explicaron c\u00f3mo trabajan tanto con los ni\u00f1os con cardiopat\u00edas como con otros ni\u00f1os que necesitan de atenci\u00f3n temprana entre el nacimiento y los tres a\u00f1os de vida. Tambi\u00e9n, se ense\u00f1\u00f3 a hacer RCP.<\/p>\n<figure id=\"attachment_72552\" aria-describedby=\"caption-attachment-72552\" style=\"width: 620px\" class=\"wp-caption aligncenter\"><img loading=\"lazy\" decoding=\"async\" data-attachment-id=\"72552\" data-permalink=\"https:\/\/www.hoymercedes.com.ar\/principal\/2018\/02\/15\/un-mismo-latido-para-concientizar-sobre-cardiopatias-congenitas\/15-cardiopatia-4\/#main\" data-orig-file=\"https:\/\/www.hoymercedes.com.ar\/principal\/wp-content\/uploads\/2018\/02\/15-cardiopatia-4.jpg\" data-orig-size=\"750,450\" data-comments-opened=\"0\" data-image-meta=\"{&quot;aperture&quot;:&quot;2.6&quot;,&quot;credit&quot;:&quot;&quot;,&quot;camera&quot;:&quot;SM-G313MU&quot;,&quot;caption&quot;:&quot;&quot;,&quot;created_timestamp&quot;:&quot;1518634698&quot;,&quot;copyright&quot;:&quot;&quot;,&quot;focal_length&quot;:&quot;3.31&quot;,&quot;iso&quot;:&quot;40&quot;,&quot;shutter_speed&quot;:&quot;0.022222222222222&quot;,&quot;title&quot;:&quot;&quot;,&quot;orientation&quot;:&quot;1&quot;}\" data-image-title=\"15 cardiopatia 4\" data-image-description=\"\" data-image-caption=\"&lt;p&gt;El equipo del Centro de Atenci\u00f3n Temprana explicaron c\u00f3mo atienden a los ni\u00f1os con Cardiopat\u00edas&lt;\/p&gt;\n\" data-large-file=\"https:\/\/www.hoymercedes.com.ar\/principal\/wp-content\/uploads\/2018\/02\/15-cardiopatia-4.jpg\" class=\"size-medium wp-image-72552\" src=\"https:\/\/www.hoymercedes.com.ar\/principal\/wp-content\/uploads\/2018\/02\/15-cardiopatia-4-630x378.jpg\" alt=\"\" width=\"630\" height=\"378\" srcset=\"https:\/\/www.hoymercedes.com.ar\/principal\/wp-content\/uploads\/2018\/02\/15-cardiopatia-4-630x378.jpg 630w, https:\/\/www.hoymercedes.com.ar\/principal\/wp-content\/uploads\/2018\/02\/15-cardiopatia-4-150x90.jpg 150w, https:\/\/www.hoymercedes.com.ar\/principal\/wp-content\/uploads\/2018\/02\/15-cardiopatia-4.jpg 750w\" sizes=\"auto, (max-width: 630px) 100vw, 630px\" \/><figcaption id=\"caption-attachment-72552\" class=\"wp-caption-text\">El equipo del Centro de Atenci\u00f3n Temprana explicaron c\u00f3mo atienden a los ni\u00f1os con Cardiopat\u00edas<\/figcaption><\/figure>\n<p><strong>Conocer las Cardiopat\u00edas<\/strong><\/p>\n<p>\u00bfQu\u00e9 son las Cardiopat\u00edas Cong\u00e9nitas? Son anomal\u00edas en la estructura y\/o funcionamiento del coraz\u00f3n y\/o los grandes vasos. Son m\u00e1s de 50 los tipos de cardiopat\u00edas. Las estad\u00edsticas afirman que 1 de cada 100 bebes nace con una cardiopat\u00eda alcanzando 7000 al a\u00f1o solo en Argentina.<\/p>\n<p>\u00bfCu\u00e1ndo se forman? Durante el desarrollo embrionario. Pero eso est\u00e1n presentes al momento del nacimiento del beb\u00e9. \u00bfCausas? En su mayor\u00eda, se desconoce, pero ciertos factores (diabetes no controlada, consumo de alcohol, drogas, ciertos medicamentos sin supervisi\u00f3n durante el embarazo, etc) aumentan el riesgo de aparici\u00f3n. Ciertos s\u00edndromes gen\u00e9ticos est\u00e1n asociados a su presencia.<\/p>\n<p>Las Cardiopat\u00edas Cong\u00e9nitas pueden presentarse con s\u00edntomas como cansancio, fatiga, dificultad para respirar, falta de apetito, bajo peso, baja talla para la edad, coloraci\u00f3n azulada de la piel, hipertensi\u00f3n, etc.) Pero tambi\u00e9n pueden ser asintom\u00e1ticas y detectarse cuando el\/la ni\u00f1o\/a crece en donde los s\u00edntomas comienzan a aparecer.<\/p>\n<p>\u00bfHay tratamiento? S\u00ed. Seg\u00fan el tipo de cardiopat\u00eda y la complejidad de la misma. Los profesionales indicar\u00e1n cu\u00e1l es el tratamiento m\u00e1s adecuado. Existen distintos tipos de intervenciones quir\u00fargicas y tratamientos. En las jornadas se recomend\u00f3 que si las familias pod\u00edan tener antecedentes, la detecci\u00f3n precoz era importante. Por eso recomendaron que durante el embarazo la mujer pueda hacer ecograf\u00edas 5D para detectar cardiopat\u00edas cong\u00e9nitas en la formaci\u00f3n embrionaria.<\/p>\n<p>Por Clarisa Altieri<\/p>\n<figure id=\"attachment_72549\" aria-describedby=\"caption-attachment-72549\" style=\"width: 620px\" class=\"wp-caption aligncenter\"><img loading=\"lazy\" decoding=\"async\" data-attachment-id=\"72549\" data-permalink=\"https:\/\/www.hoymercedes.com.ar\/principal\/2018\/02\/15\/un-mismo-latido-para-concientizar-sobre-cardiopatias-congenitas\/15-cardiopatia-1\/#main\" data-orig-file=\"https:\/\/www.hoymercedes.com.ar\/principal\/wp-content\/uploads\/2018\/02\/15-cardiopatia-1.jpg\" data-orig-size=\"750,450\" data-comments-opened=\"0\" data-image-meta=\"{&quot;aperture&quot;:&quot;2.6&quot;,&quot;credit&quot;:&quot;&quot;,&quot;camera&quot;:&quot;SM-G313MU&quot;,&quot;caption&quot;:&quot;&quot;,&quot;created_timestamp&quot;:&quot;1518636385&quot;,&quot;copyright&quot;:&quot;&quot;,&quot;focal_length&quot;:&quot;3.31&quot;,&quot;iso&quot;:&quot;80&quot;,&quot;shutter_speed&quot;:&quot;0.033333333333333&quot;,&quot;title&quot;:&quot;&quot;,&quot;orientation&quot;:&quot;1&quot;}\" data-image-title=\"15 cardiopatia 1\" data-image-description=\"\" data-image-caption=\"&lt;p&gt;Remeras blancas simbolizaron la concientizaci\u00f3n&lt;\/p&gt;\n\" data-large-file=\"https:\/\/www.hoymercedes.com.ar\/principal\/wp-content\/uploads\/2018\/02\/15-cardiopatia-1.jpg\" class=\"size-medium wp-image-72549\" src=\"https:\/\/www.hoymercedes.com.ar\/principal\/wp-content\/uploads\/2018\/02\/15-cardiopatia-1-630x378.jpg\" alt=\"\" width=\"630\" height=\"378\" srcset=\"https:\/\/www.hoymercedes.com.ar\/principal\/wp-content\/uploads\/2018\/02\/15-cardiopatia-1-630x378.jpg 630w, https:\/\/www.hoymercedes.com.ar\/principal\/wp-content\/uploads\/2018\/02\/15-cardiopatia-1-150x90.jpg 150w, https:\/\/www.hoymercedes.com.ar\/principal\/wp-content\/uploads\/2018\/02\/15-cardiopatia-1.jpg 750w\" sizes=\"auto, (max-width: 630px) 100vw, 630px\" \/><figcaption id=\"caption-attachment-72549\" class=\"wp-caption-text\">Remeras blancas simbolizaron la concientizaci\u00f3n<\/figcaption><\/figure>\n","protected":false},"excerpt":{"rendered":"<p>Concientizar sobre cardiopat\u00edas cong\u00e9nitas fue el objetivo de la jornada realizada en la tarde del mi\u00e9rcoles 14 de febrero, el &#8230; <a title=\"Un mismo latido para concientizar sobre Cardiopat\u00edas Cong\u00e9nitas\" class=\"read-more\" href=\"https:\/\/www.hoymercedes.com.ar\/principal\/2018\/02\/15\/un-mismo-latido-para-concientizar-sobre-cardiopatias-congenitas\/\" aria-label=\"Leer m\u00e1s sobre Un mismo latido para concientizar sobre Cardiopat\u00edas Cong\u00e9nitas\">Leer m\u00e1s<\/a><\/p>\n","protected":false},"author":1,"featured_media":72551,"comment_status":"closed","ping_status":"open","sticky":false,"template":"","format":"standard","meta":{"_monsterinsights_skip_tracking":false,"_monsterinsights_sitenote_active":false,"_monsterinsights_sitenote_note":"","_monsterinsights_sitenote_category":0,"jetpack_post_was_ever_published":false,"_jetpack_newsletter_access":"","_jetpack_dont_email_post_to_subs":false,"_jetpack_newsletter_tier_id":0,"_jetpack_memberships_contains_paywalled_content":false,"_jetpack_memberships_contains_paid_content":false,"footnotes":"","jetpack_publicize_message":"","jetpack_publicize_feature_enabled":true,"jetpack_social_post_already_shared":true,"jetpack_social_options":{"image_generator_settings":{"template":"highway","default_image_id":0,"font":"","enabled":false},"version":2},"_wpas_customize_per_network":false},"categories":[9791],"tags":[12646,12645,10,134],"class_list":["post-72548","post","type-post","status-publish","format-standard","has-post-thumbnail","hentry","category-salud","tag-14f-latir","tag-cardiopatias-congenitas","tag-mercedes","tag-salud","generate-columns","tablet-grid-50","mobile-grid-100","grid-parent","grid-50"],"jetpack_publicize_connections":[],"jetpack_featured_media_url":"https:\/\/www.hoymercedes.com.ar\/principal\/wp-content\/uploads\/2018\/02\/15-cardiopatia-3.jpg","wps_subtitle":"Familias 14F Latir","jetpack_sharing_enabled":true,"_links":{"self":[{"href":"https:\/\/www.hoymercedes.com.ar\/principal\/wp-json\/wp\/v2\/posts\/72548","targetHints":{"allow":["GET"]}}],"collection":[{"href":"https:\/\/www.hoymercedes.com.ar\/principal\/wp-json\/wp\/v2\/posts"}],"about":[{"href":"https:\/\/www.hoymercedes.com.ar\/principal\/wp-json\/wp\/v2\/types\/post"}],"author":[{"embeddable":true,"href":"https:\/\/www.hoymercedes.com.ar\/principal\/wp-json\/wp\/v2\/users\/1"}],"replies":[{"embeddable":true,"href":"https:\/\/www.hoymercedes.com.ar\/principal\/wp-json\/wp\/v2\/comments?post=72548"}],"version-history":[{"count":0,"href":"https:\/\/www.hoymercedes.com.ar\/principal\/wp-json\/wp\/v2\/posts\/72548\/revisions"}],"wp:featuredmedia":[{"embeddable":true,"href":"https:\/\/www.hoymercedes.com.ar\/principal\/wp-json\/wp\/v2\/media\/72551"}],"wp:attachment":[{"href":"https:\/\/www.hoymercedes.com.ar\/principal\/wp-json\/wp\/v2\/media?parent=72548"}],"wp:term":[{"taxonomy":"category","embeddable":true,"href":"https:\/\/www.hoymercedes.com.ar\/principal\/wp-json\/wp\/v2\/categories?post=72548"},{"taxonomy":"post_tag","embeddable":true,"href":"https:\/\/www.hoymercedes.com.ar\/principal\/wp-json\/wp\/v2\/tags?post=72548"}],"curies":[{"name":"wp","href":"https:\/\/api.w.org\/{rel}","templated":true}]}}