{"id":72554,"date":"2018-02-15T12:04:14","date_gmt":"2018-02-15T15:04:14","guid":{"rendered":"http:\/\/www.hoymercedes.com.ar\/principal\/?p=72554"},"modified":"2018-02-15T14:27:24","modified_gmt":"2018-02-15T17:27:24","slug":"velez-goleo-y-quedo-a-un-paso-de-la-clasificacion","status":"publish","type":"post","link":"https:\/\/www.hoymercedes.com.ar\/principal\/2018\/02\/15\/velez-goleo-y-quedo-a-un-paso-de-la-clasificacion\/","title":{"rendered":"V\u00e9lez gole\u00f3 y qued\u00f3 a un paso de la clasificaci\u00f3n"},"content":{"rendered":"<p>La cuarta fecha del torneo Federaci\u00f3n Norte culmin\u00f3 este mi\u00e9rcoles por la noche con el segundo choque entre mercedinos. V\u00e9lez, con una gran producci\u00f3n futbol\u00edstica en el primer tiempo, gole\u00f3 a AMEFIP &#8211; Barrio San Mart\u00edn por 4 a 1 y qued\u00f3 a un punto de asegurarse el pase a playoff sin depender de nadie. En el caso de los de Carmargo y Rementer\u00eda, la diferencia de gol ahora les juega en contra, ya que s\u00f3lo tienen un partido por delante, que deber\u00e1n ganar \u00f3, en caso de empatarlo, esperar a que V\u00e9lez supere a Rivadavia como local por m\u00e1s de tres goles.<\/p>\n<p>&nbsp;<\/p>\n<p><strong>AMEFIP San Mart\u00edn 1:\u00a0<\/strong>Jorge Bartolomeo, Mart\u00edn Ag\u00fcero, Juan Quiroga, Diego Milo, Ra\u00fal Quintana, Jonathan Torre, Nicol\u00e1s Montenegro, Angel Calder\u00f3n, Marcos Camargo, Germ\u00e1n Lucero y Mauro Sigona.\u00a0<strong>DT:<\/strong>\u00a0Roberto L\u00f3pez.\u00a0<strong>Suplentes:<\/strong>\u00a0Mat\u00edas Ag\u00fcero, Gabriel Maldonado, Federico Del Bianco, Nelson Denis y Mat\u00edas L\u00f3pez.<br \/>\n<strong>V\u00e9lez 4:<\/strong>\u00a0Daniel Buzzi, Jorge Lizarraga, Miguel Maldonado, Lucas Alfonso, Mart\u00edn Dome, Franco L\u00f3pez, Juan Ram\u00edrez, Lautaro Torres, Luis Giacoy, Esteban Rodr\u00edguez y Maximiliano Lettieri.\u00a0<strong>DT:<\/strong>\u00a0Carlos Sukich.\u00a0<strong>Suplentes:<\/strong>\u00a0Kevin L\u00e9rtora, Deivi Gonz\u00e1lez, Juan G\u00f3mez y Federico Amaya.<\/p>\n<p><strong>Goles en el PT:<\/strong>\u00a0A los 6\u2019 Juan Ram\u00edrez para V\u00e9lez, 7\u2019Germ\u00e1n Lucero para AMEFIP San Mart\u00edn, 20 y 28\u2019Luis Giacoy para V\u00e9lez.<br \/>\n<strong>Gol en el ST:\u00a0<\/strong>A los 45\u2019 Jorge Lizarraga de penal para V\u00e9lez.<br \/>\n<strong>Cambios:\u00a0<\/strong>Cristian Santana por Ra\u00fal Quintana y Axel Reyne por Nicol\u00e1s Montenegro en AMEFIP San Mart\u00edn. Daniel Quiroga por Miguel Maldonado, Dante D\u00edaz por Luis Giacoy y Franco Vivas por Maximiliano Lettieri en V\u00e9lez.<br \/>\n<strong>Arbitro:<\/strong>\u00a0Mariano Marcelo (AAM).<br \/>\n<strong>Expulsado:<\/strong>\u00a0Angel Calder\u00f3n en AMEFIP San Mart\u00edn.<\/p>\n<p><strong>Pr\u00f3xima fecha<\/strong><br \/>\nV\u00e9lez vs. Rivadavia de Chacabuco.<br \/>\n<strong>Libre:\u00a0<\/strong>AMEFIP-San Mart\u00edn.<\/p>\n<p>&nbsp;<\/p>\n<p><strong>Info:<\/strong> Juan Dagnino.<\/p>\n<p>&nbsp;<\/p>\n<p><img loading=\"lazy\" decoding=\"async\" data-attachment-id=\"72555\" data-permalink=\"https:\/\/www.hoymercedes.com.ar\/principal\/2018\/02\/15\/velez-goleo-y-quedo-a-un-paso-de-la-clasificacion\/federacion-norte-5\/#main\" data-orig-file=\"https:\/\/www.hoymercedes.com.ar\/principal\/wp-content\/uploads\/2018\/02\/Federacion-Norte-2.png\" data-orig-size=\"541,356\" data-comments-opened=\"0\" data-image-meta=\"{&quot;aperture&quot;:&quot;0&quot;,&quot;credit&quot;:&quot;&quot;,&quot;camera&quot;:&quot;&quot;,&quot;caption&quot;:&quot;&quot;,&quot;created_timestamp&quot;:&quot;0&quot;,&quot;copyright&quot;:&quot;&quot;,&quot;focal_length&quot;:&quot;0&quot;,&quot;iso&quot;:&quot;0&quot;,&quot;shutter_speed&quot;:&quot;0&quot;,&quot;title&quot;:&quot;&quot;,&quot;orientation&quot;:&quot;0&quot;}\" data-image-title=\"Federacion Norte\" data-image-description=\"\" data-image-caption=\"\" data-large-file=\"https:\/\/www.hoymercedes.com.ar\/principal\/wp-content\/uploads\/2018\/02\/Federacion-Norte-2.png\" class=\"aligncenter size-full wp-image-72555\" src=\"https:\/\/www.hoymercedes.com.ar\/principal\/wp-content\/uploads\/2018\/02\/Federacion-Norte-2.png\" alt=\"\" width=\"541\" height=\"356\" srcset=\"https:\/\/www.hoymercedes.com.ar\/principal\/wp-content\/uploads\/2018\/02\/Federacion-Norte-2.png 541w, https:\/\/www.hoymercedes.com.ar\/principal\/wp-content\/uploads\/2018\/02\/Federacion-Norte-2-150x99.png 150w\" sizes=\"auto, (max-width: 541px) 100vw, 541px\" \/><\/p>\n","protected":false},"excerpt":{"rendered":"<p>La cuarta fecha del torneo Federaci\u00f3n Norte culmin\u00f3 este mi\u00e9rcoles por la noche con el segundo choque entre mercedinos. V\u00e9lez, &#8230; <a title=\"V\u00e9lez gole\u00f3 y qued\u00f3 a un paso de la clasificaci\u00f3n\" class=\"read-more\" href=\"https:\/\/www.hoymercedes.com.ar\/principal\/2018\/02\/15\/velez-goleo-y-quedo-a-un-paso-de-la-clasificacion\/\" aria-label=\"Leer m\u00e1s sobre V\u00e9lez gole\u00f3 y qued\u00f3 a un paso de la clasificaci\u00f3n\">Leer m\u00e1s<\/a><\/p>\n","protected":false},"author":1,"featured_media":72555,"comment_status":"closed","ping_status":"open","sticky":false,"template":"","format":"standard","meta":{"_monsterinsights_skip_tracking":false,"_monsterinsights_sitenote_active":false,"_monsterinsights_sitenote_note":"","_monsterinsights_sitenote_category":0,"jetpack_post_was_ever_published":false,"_jetpack_newsletter_access":"","_jetpack_dont_email_post_to_subs":false,"_jetpack_newsletter_tier_id":0,"_jetpack_memberships_contains_paywalled_content":false,"_jetpack_memberships_contains_paid_content":false,"footnotes":"","jetpack_publicize_message":"","jetpack_publicize_feature_enabled":true,"jetpack_social_post_already_shared":true,"jetpack_social_options":{"image_generator_settings":{"template":"highway","default_image_id":0,"font":"","enabled":false},"version":2},"_wpas_customize_per_network":false},"categories":[21],"tags":[204,8426,1003,445],"class_list":["post-72554","post","type-post","status-publish","format-standard","has-post-thumbnail","hentry","category-deportes","tag-deportes-2","tag-federacion-norte","tag-futbol","tag-velez","generate-columns","tablet-grid-50","mobile-grid-100","grid-parent","grid-50"],"jetpack_publicize_connections":[],"jetpack_featured_media_url":"https:\/\/www.hoymercedes.com.ar\/principal\/wp-content\/uploads\/2018\/02\/Federacion-Norte-2.png","wps_subtitle":"Federaci\u00f3n Norte","jetpack_sharing_enabled":true,"_links":{"self":[{"href":"https:\/\/www.hoymercedes.com.ar\/principal\/wp-json\/wp\/v2\/posts\/72554","targetHints":{"allow":["GET"]}}],"collection":[{"href":"https:\/\/www.hoymercedes.com.ar\/principal\/wp-json\/wp\/v2\/posts"}],"about":[{"href":"https:\/\/www.hoymercedes.com.ar\/principal\/wp-json\/wp\/v2\/types\/post"}],"author":[{"embeddable":true,"href":"https:\/\/www.hoymercedes.com.ar\/principal\/wp-json\/wp\/v2\/users\/1"}],"replies":[{"embeddable":true,"href":"https:\/\/www.hoymercedes.com.ar\/principal\/wp-json\/wp\/v2\/comments?post=72554"}],"version-history":[{"count":0,"href":"https:\/\/www.hoymercedes.com.ar\/principal\/wp-json\/wp\/v2\/posts\/72554\/revisions"}],"wp:featuredmedia":[{"embeddable":true,"href":"https:\/\/www.hoymercedes.com.ar\/principal\/wp-json\/wp\/v2\/media\/72555"}],"wp:attachment":[{"href":"https:\/\/www.hoymercedes.com.ar\/principal\/wp-json\/wp\/v2\/media?parent=72554"}],"wp:term":[{"taxonomy":"category","embeddable":true,"href":"https:\/\/www.hoymercedes.com.ar\/principal\/wp-json\/wp\/v2\/categories?post=72554"},{"taxonomy":"post_tag","embeddable":true,"href":"https:\/\/www.hoymercedes.com.ar\/principal\/wp-json\/wp\/v2\/tags?post=72554"}],"curies":[{"name":"wp","href":"https:\/\/api.w.org\/{rel}","templated":true}]}}