{"id":72565,"date":"2018-02-15T17:00:21","date_gmt":"2018-02-15T20:00:21","guid":{"rendered":"http:\/\/www.hoymercedes.com.ar\/principal\/?p=72565"},"modified":"2018-02-15T14:42:44","modified_gmt":"2018-02-15T17:42:44","slug":"anses-adelanta-los-pagos-previstos-para-el-lunes-19-y-martes-20","status":"publish","type":"post","link":"https:\/\/www.hoymercedes.com.ar\/principal\/2018\/02\/15\/anses-adelanta-los-pagos-previstos-para-el-lunes-19-y-martes-20\/","title":{"rendered":"ANSES adelanta los pagos previstos para el lunes 19 y martes 20"},"content":{"rendered":"<p><em><strong>Cobrar\u00e1n el viernes 16. Son para los jubilados, pensionados y titulares de la Asignaci\u00f3n Universal por Hijo y por Embarazo que deb\u00edan cobrar la semana entrante.<\/strong><\/em><\/p>\n<p>La ANSES informa, ante las medidas de fuerza que llevar\u00e1n adelante los gremios del sector bancario el pr\u00f3ximo lunes 19 y martes 20 de febrero, que adelantar\u00e1 los pagos de los beneficios previstos para esos d\u00edas al viernes 16. Esta medida no se modificar\u00e1 a\u00fan si los gremios bancarios resolvieran dejar sin efecto dichas posibles medidas.<\/p>\n<p>Las personas que se ver\u00e1n afectadas y podr\u00e1n cobrar ma\u00f1ana son:<\/p>\n<p>\u2022Jubilados y pensionados que cobran hasta $8234 y sus documentos terminan en 6 y 7.<\/p>\n<p>\u2022Titulares de la Asignaci\u00f3n Universal por Hijo y por Embarazo cuyos documentos finalizan en 8 y 9.<\/p>\n<p>&nbsp;<\/p>\n<p>Fuente: Prensa ANSES<\/p>\n","protected":false},"excerpt":{"rendered":"<p>Cobrar\u00e1n el viernes 16. Son para los jubilados, pensionados y titulares de la Asignaci\u00f3n Universal por Hijo y por Embarazo &#8230; <a title=\"ANSES adelanta los pagos previstos para el lunes 19 y martes 20\" class=\"read-more\" href=\"https:\/\/www.hoymercedes.com.ar\/principal\/2018\/02\/15\/anses-adelanta-los-pagos-previstos-para-el-lunes-19-y-martes-20\/\" aria-label=\"Leer m\u00e1s sobre ANSES adelanta los pagos previstos para el lunes 19 y martes 20\">Leer m\u00e1s<\/a><\/p>\n","protected":false},"author":1,"featured_media":0,"comment_status":"closed","ping_status":"open","sticky":false,"template":"","format":"standard","meta":{"_monsterinsights_skip_tracking":false,"_monsterinsights_sitenote_active":false,"_monsterinsights_sitenote_note":"","_monsterinsights_sitenote_category":0,"jetpack_post_was_ever_published":false,"_jetpack_newsletter_access":"","_jetpack_dont_email_post_to_subs":false,"_jetpack_newsletter_tier_id":0,"_jetpack_memberships_contains_paywalled_content":false,"_jetpack_memberships_contains_paid_content":false,"footnotes":"","jetpack_publicize_message":"","jetpack_publicize_feature_enabled":true,"jetpack_social_post_already_shared":true,"jetpack_social_options":{"image_generator_settings":{"template":"highway","default_image_id":0,"font":"","enabled":false},"version":2},"_wpas_customize_per_network":false},"categories":[8],"tags":[4,12649,9053],"class_list":["post-72565","post","type-post","status-publish","format-standard","hentry","category-sociedad","tag-anses","tag-cobro","tag-paro-bancario","generate-columns","tablet-grid-50","mobile-grid-100","grid-parent","grid-50"],"jetpack_publicize_connections":[],"jetpack_featured_media_url":"","wps_subtitle":"Cobrar\u00e1n el 16","jetpack_sharing_enabled":true,"_links":{"self":[{"href":"https:\/\/www.hoymercedes.com.ar\/principal\/wp-json\/wp\/v2\/posts\/72565","targetHints":{"allow":["GET"]}}],"collection":[{"href":"https:\/\/www.hoymercedes.com.ar\/principal\/wp-json\/wp\/v2\/posts"}],"about":[{"href":"https:\/\/www.hoymercedes.com.ar\/principal\/wp-json\/wp\/v2\/types\/post"}],"author":[{"embeddable":true,"href":"https:\/\/www.hoymercedes.com.ar\/principal\/wp-json\/wp\/v2\/users\/1"}],"replies":[{"embeddable":true,"href":"https:\/\/www.hoymercedes.com.ar\/principal\/wp-json\/wp\/v2\/comments?post=72565"}],"version-history":[{"count":0,"href":"https:\/\/www.hoymercedes.com.ar\/principal\/wp-json\/wp\/v2\/posts\/72565\/revisions"}],"wp:attachment":[{"href":"https:\/\/www.hoymercedes.com.ar\/principal\/wp-json\/wp\/v2\/media?parent=72565"}],"wp:term":[{"taxonomy":"category","embeddable":true,"href":"https:\/\/www.hoymercedes.com.ar\/principal\/wp-json\/wp\/v2\/categories?post=72565"},{"taxonomy":"post_tag","embeddable":true,"href":"https:\/\/www.hoymercedes.com.ar\/principal\/wp-json\/wp\/v2\/tags?post=72565"}],"curies":[{"name":"wp","href":"https:\/\/api.w.org\/{rel}","templated":true}]}}