{"id":72598,"date":"2018-02-16T10:56:58","date_gmt":"2018-02-16T13:56:58","guid":{"rendered":"http:\/\/www.hoymercedes.com.ar\/principal\/?p=72598"},"modified":"2018-02-16T11:01:39","modified_gmt":"2018-02-16T14:01:39","slug":"se-fue-un-gran-hombre","status":"publish","type":"post","link":"https:\/\/www.hoymercedes.com.ar\/principal\/2018\/02\/16\/se-fue-un-gran-hombre\/","title":{"rendered":"Se fue un gran hombre"},"content":{"rendered":"<p>Por Graciela Medina &#8211; Se ha ido un gran hombre, no muchos tienen la oportunidad de irse as\u00ed, grandes, pero no grandes de edad, grandes de estatura moral, que sobrepasa amplia mente a la f\u00edsica, grandes de esp\u00edritu por la experiencia acumulada durante noventa y cinco a\u00f1os, pero tambi\u00e9n por todo lo entregado en ese lapso de tiempo, grande, por su entrega a la comunidad desde diversas instituciones, brindando siempre su aporte acertado y desinteresado, su hombr\u00eda de bien, solidaridad, sapiencia y entrega.<\/p>\n<p>Fue profesor de Educaci\u00f3n F\u00edsica de profesi\u00f3n, dejando en sus alumnos su impronta y marcando en ellos su ense\u00f1anza y sus valores. En 1982 muchos de sus ex alumnos marcharon a Malvinas, y el se ofreci\u00f3 como voluntario para combatir dada su experiencia en tiro y el amor por su Patria, pero su pedido fue rechazado desde aqu\u00ed sigui\u00f3 entonces cada acontecimiento y recibi\u00f3 a sus ex alumnos al regreso.<\/p>\n<p>Su familia acompa\u00f1\u00f3 sus tareas por la comunidad, esa que lo declaro \u00abCiudadano Ilustre \u00bb para agradecerle todo lo que le entrego en educaci\u00f3n, deporte, cultura y solidaridad.<\/p>\n<p>Pero entre todas las tareas, como siempre en la vida, hubo una preferida, mimada, consentida, a la que le entrego gran parte de su existencia, su querida Biblioteca Domingo Faustino Sarmiento. All\u00ed vivieron juntos el transcurso de sus a\u00f1os, los de ella y los de el. Ella creci\u00f3 en espacios, en vol\u00famenes, en su hemeroteca, en salas de exposici\u00f3n, en su sala de teatro y el creci\u00f3 con ella, porque hacerla crecer y disfrutar verla florecer alimento su esp\u00edritu.<\/p>\n<p>Seguramente hoy andar\u00e1 de volumen en volumen revoloteando por sus salas y ahora tendr\u00e1 tiempo para alguna larga charla, con Ana Sampol, Marcelo Siri o Luis Can\u00e9. Despu\u00e9s de hoy tambi\u00e9n formar\u00e1 parte de su hemeroteca para siempre, porque el diario de hoy dir\u00e1 que se ha ido, que ha llegado su merecido descanso despu\u00e9s de tanta tarea. Ella, ya no esperar\u00e1 que sus pasos al son de su bast\u00f3n transpongan su puerta y suban las escaleras, sabr\u00e1 que por fin, vivir\u00e1 all\u00ed para siempre en su querida biblioteca.<\/p>\n<p>Don Pedro Rafael Pasquinelli Q.E.P.D.<br \/>\nGracias por su entrega. Gracias por su ejemplo.<\/p>\n<p>Graciela.L.Medina (15\/02\/18)<\/p>\n","protected":false},"excerpt":{"rendered":"<p>Por Graciela Medina &#8211; Se ha ido un gran hombre, no muchos tienen la oportunidad de irse as\u00ed, grandes, pero &#8230; <a title=\"Se fue un gran hombre\" class=\"read-more\" href=\"https:\/\/www.hoymercedes.com.ar\/principal\/2018\/02\/16\/se-fue-un-gran-hombre\/\" aria-label=\"Leer m\u00e1s sobre Se fue un gran hombre\">Leer m\u00e1s<\/a><\/p>\n","protected":false},"author":1,"featured_media":72600,"comment_status":"closed","ping_status":"open","sticky":false,"template":"","format":"standard","meta":{"_monsterinsights_skip_tracking":false,"_monsterinsights_sitenote_active":false,"_monsterinsights_sitenote_note":"","_monsterinsights_sitenote_category":0,"jetpack_post_was_ever_published":false,"_jetpack_newsletter_access":"","_jetpack_dont_email_post_to_subs":false,"_jetpack_newsletter_tier_id":0,"_jetpack_memberships_contains_paywalled_content":false,"_jetpack_memberships_contains_paid_content":false,"footnotes":"","jetpack_publicize_message":"","jetpack_publicize_feature_enabled":true,"jetpack_social_post_already_shared":true,"jetpack_social_options":{"image_generator_settings":{"template":"highway","default_image_id":0,"font":"","enabled":false},"version":2},"_wpas_customize_per_network":false},"categories":[8],"tags":[8749,8777,12162,12651],"class_list":["post-72598","post","type-post","status-publish","format-standard","has-post-thumbnail","hentry","category-sociedad","tag-colaboracion","tag-fallecimiento","tag-graciela-medina","tag-pedro-pasquinelli","generate-columns","tablet-grid-50","mobile-grid-100","grid-parent","grid-50"],"jetpack_publicize_connections":[],"jetpack_featured_media_url":"https:\/\/www.hoymercedes.com.ar\/principal\/wp-content\/uploads\/2018\/02\/Pasquinelli.jpg","wps_subtitle":"Despedida a Pasquinelli","jetpack_sharing_enabled":true,"_links":{"self":[{"href":"https:\/\/www.hoymercedes.com.ar\/principal\/wp-json\/wp\/v2\/posts\/72598","targetHints":{"allow":["GET"]}}],"collection":[{"href":"https:\/\/www.hoymercedes.com.ar\/principal\/wp-json\/wp\/v2\/posts"}],"about":[{"href":"https:\/\/www.hoymercedes.com.ar\/principal\/wp-json\/wp\/v2\/types\/post"}],"author":[{"embeddable":true,"href":"https:\/\/www.hoymercedes.com.ar\/principal\/wp-json\/wp\/v2\/users\/1"}],"replies":[{"embeddable":true,"href":"https:\/\/www.hoymercedes.com.ar\/principal\/wp-json\/wp\/v2\/comments?post=72598"}],"version-history":[{"count":0,"href":"https:\/\/www.hoymercedes.com.ar\/principal\/wp-json\/wp\/v2\/posts\/72598\/revisions"}],"wp:featuredmedia":[{"embeddable":true,"href":"https:\/\/www.hoymercedes.com.ar\/principal\/wp-json\/wp\/v2\/media\/72600"}],"wp:attachment":[{"href":"https:\/\/www.hoymercedes.com.ar\/principal\/wp-json\/wp\/v2\/media?parent=72598"}],"wp:term":[{"taxonomy":"category","embeddable":true,"href":"https:\/\/www.hoymercedes.com.ar\/principal\/wp-json\/wp\/v2\/categories?post=72598"},{"taxonomy":"post_tag","embeddable":true,"href":"https:\/\/www.hoymercedes.com.ar\/principal\/wp-json\/wp\/v2\/tags?post=72598"}],"curies":[{"name":"wp","href":"https:\/\/api.w.org\/{rel}","templated":true}]}}