{"id":72634,"date":"2018-02-17T18:33:13","date_gmt":"2018-02-17T21:33:13","guid":{"rendered":"http:\/\/www.hoymercedes.com.ar\/principal\/?p=72634"},"modified":"2018-02-18T10:22:14","modified_gmt":"2018-02-18T13:22:14","slug":"club-atletico-la-diego-armando-debutara-en-la-liga-y-recibio-fuerte-apoyo-del-municipio","status":"publish","type":"post","link":"https:\/\/www.hoymercedes.com.ar\/principal\/2018\/02\/17\/club-atletico-la-diego-armando-debutara-en-la-liga-y-recibio-fuerte-apoyo-del-municipio\/","title":{"rendered":"Club Atl\u00e9tico \u00abLa Diego Armando\u00bb debutar\u00e1 en la Liga y recibi\u00f3 fuerte apoyo del Municipio"},"content":{"rendered":"<figure id=\"attachment_72635\" aria-describedby=\"caption-attachment-72635\" style=\"width: 620px\" class=\"wp-caption aligncenter\"><img loading=\"lazy\" decoding=\"async\" data-attachment-id=\"72635\" data-permalink=\"https:\/\/www.hoymercedes.com.ar\/principal\/2018\/02\/17\/club-atletico-la-diego-armando-debutara-en-la-liga-y-recibio-fuerte-apoyo-del-municipio\/maradona-2\/#main\" data-orig-file=\"https:\/\/www.hoymercedes.com.ar\/principal\/wp-content\/uploads\/2018\/02\/Maradona-2.jpg\" data-orig-size=\"730,487\" data-comments-opened=\"0\" data-image-meta=\"{&quot;aperture&quot;:&quot;0&quot;,&quot;credit&quot;:&quot;&quot;,&quot;camera&quot;:&quot;&quot;,&quot;caption&quot;:&quot;&quot;,&quot;created_timestamp&quot;:&quot;0&quot;,&quot;copyright&quot;:&quot;&quot;,&quot;focal_length&quot;:&quot;0&quot;,&quot;iso&quot;:&quot;0&quot;,&quot;shutter_speed&quot;:&quot;0&quot;,&quot;title&quot;:&quot;&quot;,&quot;orientation&quot;:&quot;0&quot;}\" data-image-title=\"Maradona-2\" data-image-description=\"\" data-image-caption=\"&lt;p&gt;La Diego Armando&lt;\/p&gt;\n\" data-large-file=\"https:\/\/www.hoymercedes.com.ar\/principal\/wp-content\/uploads\/2018\/02\/Maradona-2.jpg\" class=\"size-medium wp-image-72635\" src=\"https:\/\/www.hoymercedes.com.ar\/principal\/wp-content\/uploads\/2018\/02\/Maradona-2-630x420.jpg\" alt=\"\" width=\"630\" height=\"420\" srcset=\"https:\/\/www.hoymercedes.com.ar\/principal\/wp-content\/uploads\/2018\/02\/Maradona-2-630x420.jpg 630w, https:\/\/www.hoymercedes.com.ar\/principal\/wp-content\/uploads\/2018\/02\/Maradona-2-150x100.jpg 150w, https:\/\/www.hoymercedes.com.ar\/principal\/wp-content\/uploads\/2018\/02\/Maradona-2.jpg 730w\" sizes=\"auto, (max-width: 630px) 100vw, 630px\" \/><figcaption id=\"caption-attachment-72635\" class=\"wp-caption-text\">La Diego Armando<\/figcaption><\/figure>\n<p>La Municipalidad de Mercedes llev\u00f3 a cabo un nuevo aporte a una flamante instituci\u00f3n de la ciudad. De esta manera el estado local contin\u00faa apoyando a las entidades deportivas. Se trata de \u201cLa Diego Armando\u201d, la cual recibi\u00f3 por parte del intendente, un importante subsidio. \u201cPara nosotros es realmente un orgullo que haya cada vez m\u00e1s equipos y barrios que participen de nuestra liga, porque somos unos convencidos que el deporte es una de las maneras de incluir y generar v\u00ednculos que mejoran nuestra sociedad\u201d se\u00f1al\u00f3 el intendente de nuestra ciudad, el Dr. Ustarroz.<\/p>\n<p>Adem\u00e1s, el primer mandatario expres\u00f3 \u201cle deseamos lo mejor a este proyecto iniciado por j\u00f3venes de nuestra ciudad quienes se ponen al hombro esta iniciativa\u201d y agreg\u00f3 \u201cpara nosotros es un orgullo poder encontrar gente con propuestas que tengan que ver con los sue\u00f1os de nuestra gente\u201d.<\/p>\n<p>Se trata del \u201cClub Atl\u00e9tico la Diego Armando\u201d y estuvieron presentes el primer mandatario local, el intendente, Juan Ignacio Ustarroz, de la Direcci\u00f3n de Deportes, Mat\u00edas Silvestre, el edil Mat\u00edas Dematei\u00a0 y Maximiliano Can\u00e9 y Agust\u00edn R\u00edos, representante de la instituci\u00f3n deportiva y social.<\/p>\n<figure id=\"attachment_72636\" aria-describedby=\"caption-attachment-72636\" style=\"width: 620px\" class=\"wp-caption aligncenter\"><img loading=\"lazy\" decoding=\"async\" data-attachment-id=\"72636\" data-permalink=\"https:\/\/www.hoymercedes.com.ar\/principal\/2018\/02\/17\/club-atletico-la-diego-armando-debutara-en-la-liga-y-recibio-fuerte-apoyo-del-municipio\/maradona\/#main\" data-orig-file=\"https:\/\/www.hoymercedes.com.ar\/principal\/wp-content\/uploads\/2018\/02\/Maradona.jpg\" data-orig-size=\"730,487\" data-comments-opened=\"0\" data-image-meta=\"{&quot;aperture&quot;:&quot;0&quot;,&quot;credit&quot;:&quot;&quot;,&quot;camera&quot;:&quot;&quot;,&quot;caption&quot;:&quot;&quot;,&quot;created_timestamp&quot;:&quot;0&quot;,&quot;copyright&quot;:&quot;&quot;,&quot;focal_length&quot;:&quot;0&quot;,&quot;iso&quot;:&quot;0&quot;,&quot;shutter_speed&quot;:&quot;0&quot;,&quot;title&quot;:&quot;&quot;,&quot;orientation&quot;:&quot;0&quot;}\" data-image-title=\"Maradona\" data-image-description=\"\" data-image-caption=\"&lt;p&gt;La Diego Armando&lt;\/p&gt;\n\" data-large-file=\"https:\/\/www.hoymercedes.com.ar\/principal\/wp-content\/uploads\/2018\/02\/Maradona.jpg\" class=\"size-medium wp-image-72636\" src=\"https:\/\/www.hoymercedes.com.ar\/principal\/wp-content\/uploads\/2018\/02\/Maradona-630x420.jpg\" alt=\"\" width=\"630\" height=\"420\" srcset=\"https:\/\/www.hoymercedes.com.ar\/principal\/wp-content\/uploads\/2018\/02\/Maradona-630x420.jpg 630w, https:\/\/www.hoymercedes.com.ar\/principal\/wp-content\/uploads\/2018\/02\/Maradona-150x100.jpg 150w, https:\/\/www.hoymercedes.com.ar\/principal\/wp-content\/uploads\/2018\/02\/Maradona.jpg 730w\" sizes=\"auto, (max-width: 630px) 100vw, 630px\" \/><figcaption id=\"caption-attachment-72636\" class=\"wp-caption-text\">La Diego Armando<\/figcaption><\/figure>\n<p>Por su parte, Mat\u00edas Dematei, dijo \u201ca uno lo pone muy contento formar parte de un equipo de trabajo que le viene dando tanto apoyo al deporte en mercedes\u201d y a\u00f1adi\u00f3 \u201cmuchos deportistas recalcan, que nunca ha pasado en la historia de la ciudad, que una gesti\u00f3n aporte tanto a todo lo referido al deporte\u201d.<\/p>\n<p>La dirigencia presente agradeci\u00f3 el apoyo recibido desde la comuna y uno de sus voceros Agust\u00edn R\u00edos, se\u00f1al\u00f3 que \u201cdesde un primer momento nos abrieron las puertas y nos dieron la posibilidad de cumplir este sue\u00f1o sin ponernos palos en la rueda\u201d. Adem\u00e1s\u00a0 indic\u00f3 \u201cnuestra idea a futuro es trabajar mancomunadamente, con la instituci\u00f3n, los chicos, los barrios, e integrar a toda a la sociedad a trav\u00e9s del deporte\u201d.<\/p>\n<p>En esta ocasi\u00f3n se trat\u00f3 de alrededor de 47 mil pesos. Este club debutar\u00e1 este a\u00f1o en la liga Mercedina de F\u00fatbol. Contar\u00e1 en un principio, con una primera y tercera divisi\u00f3n. El proyecto de la entidad, es adem\u00e1s,\u00a0 poder conformar inferiores y equipos en la liga infantil.<\/p>\n<p>Por su parte, Can\u00e9, coment\u00f3 que \u201cel nombre alude a unas de las m\u00e1s grandes referencias deportivas del pa\u00eds, pero es inclusivo, es para todos, para quien quiera ser parte de este nuevo y hermoso proyecto\u201d, entre otros conceptos.<\/p>\n<p>De esta manera, una instituci\u00f3n m\u00e1s recibe acompa\u00f1amiento, para iniciar y seguir sosteniendo un crecimiento firme y progresivo,\u00a0 en post de una ciudad m\u00e1s saludable, solidaria e inclusiva.<\/p>\n<p>&nbsp;<\/p>\n<p><span style=\"color: #999999;\">Fuente: Municipio<\/span><\/p>\n","protected":false},"excerpt":{"rendered":"<p>La Municipalidad de Mercedes llev\u00f3 a cabo un nuevo aporte a una flamante instituci\u00f3n de la ciudad. De esta manera &#8230; <a title=\"Club Atl\u00e9tico \u00abLa Diego Armando\u00bb debutar\u00e1 en la Liga y recibi\u00f3 fuerte apoyo del Municipio\" class=\"read-more\" href=\"https:\/\/www.hoymercedes.com.ar\/principal\/2018\/02\/17\/club-atletico-la-diego-armando-debutara-en-la-liga-y-recibio-fuerte-apoyo-del-municipio\/\" aria-label=\"Leer m\u00e1s sobre Club Atl\u00e9tico \u00abLa Diego Armando\u00bb debutar\u00e1 en la Liga y recibi\u00f3 fuerte apoyo del Municipio\">Leer m\u00e1s<\/a><\/p>\n","protected":false},"author":1,"featured_media":72635,"comment_status":"closed","ping_status":"open","sticky":false,"template":"","format":"standard","meta":{"_monsterinsights_skip_tracking":false,"_monsterinsights_sitenote_active":false,"_monsterinsights_sitenote_note":"","_monsterinsights_sitenote_category":0,"jetpack_post_was_ever_published":false,"_jetpack_newsletter_access":"","_jetpack_dont_email_post_to_subs":false,"_jetpack_newsletter_tier_id":0,"_jetpack_memberships_contains_paywalled_content":false,"_jetpack_memberships_contains_paid_content":false,"footnotes":"","jetpack_publicize_message":"","jetpack_publicize_feature_enabled":true,"jetpack_social_post_already_shared":true,"jetpack_social_options":{"image_generator_settings":{"template":"highway","default_image_id":0,"font":"","enabled":false},"version":2},"_wpas_customize_per_network":false},"categories":[21],"tags":[777,12654,585,12653],"class_list":["post-72634","post","type-post","status-publish","format-standard","has-post-thumbnail","hentry","category-deportes","tag-direccion-de-deportes","tag-furbol-en-mercedes","tag-juan-ustarroz","tag-la-diego-armando","generate-columns","tablet-grid-50","mobile-grid-100","grid-parent","grid-50"],"jetpack_publicize_connections":[],"jetpack_featured_media_url":"https:\/\/www.hoymercedes.com.ar\/principal\/wp-content\/uploads\/2018\/02\/Maradona-2.jpg","wps_subtitle":"Apoyo a los clubes","jetpack_sharing_enabled":true,"_links":{"self":[{"href":"https:\/\/www.hoymercedes.com.ar\/principal\/wp-json\/wp\/v2\/posts\/72634","targetHints":{"allow":["GET"]}}],"collection":[{"href":"https:\/\/www.hoymercedes.com.ar\/principal\/wp-json\/wp\/v2\/posts"}],"about":[{"href":"https:\/\/www.hoymercedes.com.ar\/principal\/wp-json\/wp\/v2\/types\/post"}],"author":[{"embeddable":true,"href":"https:\/\/www.hoymercedes.com.ar\/principal\/wp-json\/wp\/v2\/users\/1"}],"replies":[{"embeddable":true,"href":"https:\/\/www.hoymercedes.com.ar\/principal\/wp-json\/wp\/v2\/comments?post=72634"}],"version-history":[{"count":0,"href":"https:\/\/www.hoymercedes.com.ar\/principal\/wp-json\/wp\/v2\/posts\/72634\/revisions"}],"wp:featuredmedia":[{"embeddable":true,"href":"https:\/\/www.hoymercedes.com.ar\/principal\/wp-json\/wp\/v2\/media\/72635"}],"wp:attachment":[{"href":"https:\/\/www.hoymercedes.com.ar\/principal\/wp-json\/wp\/v2\/media?parent=72634"}],"wp:term":[{"taxonomy":"category","embeddable":true,"href":"https:\/\/www.hoymercedes.com.ar\/principal\/wp-json\/wp\/v2\/categories?post=72634"},{"taxonomy":"post_tag","embeddable":true,"href":"https:\/\/www.hoymercedes.com.ar\/principal\/wp-json\/wp\/v2\/tags?post=72634"}],"curies":[{"name":"wp","href":"https:\/\/api.w.org\/{rel}","templated":true}]}}