{"id":72657,"date":"2018-02-18T23:16:27","date_gmt":"2018-02-19T02:16:27","guid":{"rendered":"http:\/\/www.hoymercedes.com.ar\/principal\/?p=72657"},"modified":"2018-02-19T09:45:32","modified_gmt":"2018-02-19T12:45:32","slug":"trocha-volvio-a-perder-con-el-fronton-y-no-depende-de-si-mismo-para-clasificar","status":"publish","type":"post","link":"https:\/\/www.hoymercedes.com.ar\/principal\/2018\/02\/18\/trocha-volvio-a-perder-con-el-fronton-y-no-depende-de-si-mismo-para-clasificar\/","title":{"rendered":"Trocha volvi\u00f3 a perder con El Front\u00f3n y no depende de s\u00ed mismo para clasificar"},"content":{"rendered":"<p>En San Andr\u00e9s de Giles, Trocha visit\u00f3 a El Front\u00f3n con la obligaci\u00f3n de sumar para seguir con vida en el Regional pero no logr\u00f3 el cometido, ya que los de Germ\u00e1n Stopiello fueron efectivos en el momento just\u00f3 y terminaron ganando 4 a 3, a pesar de la remontada de la carbonilla, que con uno menos durante m\u00e1s de media hora, pudo haberlo empatado en el final despu\u00e9s de haber estado 4 a 1 abajo.<\/p>\n<figure id=\"attachment_72660\" aria-describedby=\"caption-attachment-72660\" style=\"width: 620px\" class=\"wp-caption aligncenter\"><img loading=\"lazy\" decoding=\"async\" data-attachment-id=\"72660\" data-permalink=\"https:\/\/www.hoymercedes.com.ar\/principal\/2018\/02\/18\/trocha-volvio-a-perder-con-el-fronton-y-no-depende-de-si-mismo-para-clasificar\/dscn0403\/#main\" data-orig-file=\"https:\/\/www.hoymercedes.com.ar\/principal\/wp-content\/uploads\/2018\/02\/DSCN0403.jpg\" data-orig-size=\"750,562\" data-comments-opened=\"0\" data-image-meta=\"{&quot;aperture&quot;:&quot;3.6&quot;,&quot;credit&quot;:&quot;&quot;,&quot;camera&quot;:&quot;COOLPIX L310&quot;,&quot;caption&quot;:&quot;&quot;,&quot;created_timestamp&quot;:&quot;1518979129&quot;,&quot;copyright&quot;:&quot;&quot;,&quot;focal_length&quot;:&quot;8.4&quot;,&quot;iso&quot;:&quot;180&quot;,&quot;shutter_speed&quot;:&quot;0.0025&quot;,&quot;title&quot;:&quot;&quot;,&quot;orientation&quot;:&quot;1&quot;}\" data-image-title=\"DSCN0403\" data-image-description=\"\" data-image-caption=\"&lt;p&gt;Medina env\u00eda el centro para que Alarc\u00f3n marque el 1 a 0.&lt;\/p&gt;\n\" data-large-file=\"https:\/\/www.hoymercedes.com.ar\/principal\/wp-content\/uploads\/2018\/02\/DSCN0403.jpg\" class=\"size-medium wp-image-72660\" src=\"https:\/\/www.hoymercedes.com.ar\/principal\/wp-content\/uploads\/2018\/02\/DSCN0403-630x472.jpg\" alt=\"\" width=\"630\" height=\"472\" srcset=\"https:\/\/www.hoymercedes.com.ar\/principal\/wp-content\/uploads\/2018\/02\/DSCN0403-630x472.jpg 630w, https:\/\/www.hoymercedes.com.ar\/principal\/wp-content\/uploads\/2018\/02\/DSCN0403-150x112.jpg 150w, https:\/\/www.hoymercedes.com.ar\/principal\/wp-content\/uploads\/2018\/02\/DSCN0403.jpg 750w\" sizes=\"auto, (max-width: 630px) 100vw, 630px\" \/><figcaption id=\"caption-attachment-72660\" class=\"wp-caption-text\">Medina env\u00eda el centro para que Alarc\u00f3n marque el 1 a 0.<\/figcaption><\/figure>\n<p>La particularidad del partido estuvo en las dos l\u00edneas defensivas, ya que ambos entrenadores pusieron tres en el fondo y muchos volantes de buen pie, lo que hac\u00eda pensar en una tarde de muchos goles y as\u00ed fue. El primer gol lleg\u00f3 antes del minuto de juego, porque Trocha sali\u00f3 mal en un lateral, la pelota le qued\u00f3 a Laureano Medina, quien r\u00e1pido envi\u00f3 un centro al \u00e1rea para que Juli\u00e1n Alarc\u00f3n, de cabeza, ponga el 1 a 0 que sorprend\u00eda a todos.<\/p>\n<p>A los dos les cost\u00f3 acomodarse en la cancha. Por derecha, El Front\u00f3n intentaba lastimas y tuvo una nueva situaci\u00f3n a trav\u00e9s de Mat\u00edas Paolacci, que se fue desviada. Tambi\u00e9n Nahuel Santana remat\u00f3 por arriba del travesa\u00f1o. Por el lado de Trocha, con el correr de los minutos se fue adue\u00f1ando de la pelota, pero a la hora de llegar al \u00e1rea carec\u00eda de efectividad en los pases, particularmente los ataques por derecha de Di Mateo, y no pod\u00eda aprovechar todo lo que El Front\u00f3n le permit\u00eda, incluso malograr varios corners consecutivos y as\u00ed se iba el primer tiempo con el 1 a 0 en favor de El Front\u00f3n.<\/p>\n<p>Trocha comenz\u00f3 el segundo tiempo con los ingresos de Ulises Ojeda y Gustavo Miranda por Rodrigo Di Mateo y Santiago Inchauspe y de esa manera obtuvo m\u00e1s volumen de juego. Justamente con la participaci\u00f3n de los reci\u00e9n ingresados, Marcelo Gonz\u00e1lez envi\u00f3 un centro al \u00e1rea tras una mala salida local, que el propio Miranda tom\u00f3 para poner el 1 a 1 cuando iban 8 minutos.<\/p>\n<p>Trocha era m\u00e1s, merec\u00eda el segundo, pero a los 12 Facundo Romero cometi\u00f3 la tontera de manotearse con Alarc\u00f3n estando amonestado y el \u00e1rbitro les sac\u00f3 amarilla a los dos, dejando a los mercedinos con uno menos y eso fue bien aprovechado por El Front\u00f3n, porque a los 16, Alarc\u00f3n dio el pase atr\u00e1s para Federico Grosso, quien remat\u00f3 por lo bajo desde afuera del \u00e1rea para poner el 2 a 1. Dos minutos despu\u00e9s, Ojeda resolvi\u00f3 mal un tiro libre, gener\u00f3 la contra de los de Giles y tras un pase de Pablo D\u00edaz, Alarc\u00f3n puso el 3 a 1 que empezaba a sentenciar la historia.<\/p>\n<p>A los 23, Paolacci pon\u00eda el 4 a 1 con un violento remate y la historia para Trocha parec\u00eda ser terminada. Sin embargo, El Front\u00f3n lo perdon\u00f3, empez\u00f3 a ser displicente, no le cobraron un penal a favor y entonces de a poco, con verg\u00fcenza, empez\u00f3 a venirse Trocha, que a los 34 consigui\u00f3 descontar con un cabezazo de Gonz\u00e1lez tras un corner de Ojeda. Con el 4 a 2, los de Cristante empezaron a recordar la historia ante Col\u00f3n de Chivilcoy, donde consigui\u00f3 el empate en una situaci\u00f3n similar, entonces, el tricolor empez\u00f3 a hacer grande a Roncoroni, que empez\u00f3 a tener importantes atajadas y, con m\u00e1s fuerza que ideas, el 4 a 3 lleg\u00f3 a los 41 tras un centro de Ojeda que Miranda volvi\u00f3 a cambiar por gol.<\/p>\n<p>En los cinco minutos de descuento, Trocha volvi\u00f3 a tener otras dos situaciones de gol y un claro penal no cobrado a Mariano Rivas. El remate de Ronsoni, que ya se hab\u00eda hecho grande en el tramo final del partido evitando varios goles de El Front\u00f3n, fue d\u00e9bil y Gonz\u00e1lez, cuando lo fue a corregir, fue interceptado por Randazzo, que estrell\u00e1ndose en el palo sostuvo la derrota.<\/p>\n<p>Ahora, se viene el \u00faltimo partido en el grupo para Trocha, ser\u00e1 este s\u00e1bado a las 18 ante Col\u00f3n de Chivilcoy, con la obligaci\u00f3n de ganar para seguir con vida y esperar a que El Front\u00f3n haga lo propio en la \u00faltima fecha. De vencer la Carbonilla por dos goles o m\u00e1s, necesitar\u00e1 de menos goles de los de Stopiello para clasificar. Si empata o pierde, quedar\u00e1 eliminado.<\/p>\n<p>S\u00edntesis<\/p>\n<p><strong>El Front\u00f3n 4:<\/strong> Roncoroni; Randazzo, T\u00e1mparo, Medina; Grosso, Santana, Lago, Zapata y Schenone; Paolacci y Alarc\u00f3n. <strong>DT:<\/strong> Germ\u00e1n Stopiello. <strong>Relevos:<\/strong> Borrasca y Pavone.<\/p>\n<p><strong>Trocha 3:<\/strong> Ronsoni; Bruno, Romero, Brazuna; Di Mateo, Falcone, M\u00f3dolo, Arias, Gonz\u00e1lez e Inchauspe; Rivas. <strong>DT:<\/strong> Juli\u00e1n Cristante. <strong>Relevos:<\/strong> Fern\u00e1ndez y Biasotti.<\/p>\n<p><strong>Gol en el PT:<\/strong> 1\u00b4 Alarc\u00f3n para El Front\u00f3n.<\/p>\n<p><strong>Goles en el ST:<\/strong> 8&#8242; Miranda para Trocha; 16\u00b4 Grosso, 18\u00b4 Alarc\u00f3n y 23\u00b4 Paolacci para El Front\u00f3n; 34\u00b4 Gonz\u00e1lez y 41\u00b4 Miranda para Trocha.<\/p>\n<p><strong>Cambios:<\/strong> D\u00edaz, Lozano y Mart\u00ednez por T\u00e1mparo, Schenone y Medina en El Front\u00f3n. Miranda, Ojeda y D\u00edaz Lamarqu\u00e9 por Di Mateo, Inchauspe y Arias en Trocha.<\/p>\n<p><strong>Amonestados:<\/strong> T\u00e1mparo, Grosso, Santana y Alarc\u00f3n en El Front\u00f3n. Falcone en Trocha.<\/p>\n<p><strong>Expulsado:<\/strong> Romero en Trocha<\/p>\n<p><strong>\u00c1rbitro:<\/strong> Ignacio Pastor. <strong>Asistentes:<\/strong> Gustavo Aguirre y Edgardo Yapur (Liga de Luj\u00e1n).<\/p>\n<p><img loading=\"lazy\" decoding=\"async\" data-attachment-id=\"72658\" data-permalink=\"https:\/\/www.hoymercedes.com.ar\/principal\/2018\/02\/18\/trocha-volvio-a-perder-con-el-fronton-y-no-depende-de-si-mismo-para-clasificar\/fed-c-zona-4-2\/#main\" data-orig-file=\"https:\/\/www.hoymercedes.com.ar\/principal\/wp-content\/uploads\/2018\/02\/FED-C-ZONA-4-1.png\" data-orig-size=\"541,106\" data-comments-opened=\"0\" data-image-meta=\"{&quot;aperture&quot;:&quot;0&quot;,&quot;credit&quot;:&quot;&quot;,&quot;camera&quot;:&quot;&quot;,&quot;caption&quot;:&quot;&quot;,&quot;created_timestamp&quot;:&quot;0&quot;,&quot;copyright&quot;:&quot;&quot;,&quot;focal_length&quot;:&quot;0&quot;,&quot;iso&quot;:&quot;0&quot;,&quot;shutter_speed&quot;:&quot;0&quot;,&quot;title&quot;:&quot;&quot;,&quot;orientation&quot;:&quot;0&quot;}\" data-image-title=\"FED C ZONA 4\" data-image-description=\"\" data-image-caption=\"\" data-large-file=\"https:\/\/www.hoymercedes.com.ar\/principal\/wp-content\/uploads\/2018\/02\/FED-C-ZONA-4-1.png\" class=\"aligncenter size-full wp-image-72658\" src=\"https:\/\/www.hoymercedes.com.ar\/principal\/wp-content\/uploads\/2018\/02\/FED-C-ZONA-4-1.png\" alt=\"\" width=\"541\" height=\"106\" srcset=\"https:\/\/www.hoymercedes.com.ar\/principal\/wp-content\/uploads\/2018\/02\/FED-C-ZONA-4-1.png 541w, https:\/\/www.hoymercedes.com.ar\/principal\/wp-content\/uploads\/2018\/02\/FED-C-ZONA-4-1-150x29.png 150w\" sizes=\"auto, (max-width: 541px) 100vw, 541px\" \/><\/p>\n","protected":false},"excerpt":{"rendered":"<p>En San Andr\u00e9s de Giles, Trocha visit\u00f3 a El Front\u00f3n con la obligaci\u00f3n de sumar para seguir con vida en &#8230; <a title=\"Trocha volvi\u00f3 a perder con El Front\u00f3n y no depende de s\u00ed mismo para clasificar\" class=\"read-more\" href=\"https:\/\/www.hoymercedes.com.ar\/principal\/2018\/02\/18\/trocha-volvio-a-perder-con-el-fronton-y-no-depende-de-si-mismo-para-clasificar\/\" aria-label=\"Leer m\u00e1s sobre Trocha volvi\u00f3 a perder con El Front\u00f3n y no depende de s\u00ed mismo para clasificar\">Leer m\u00e1s<\/a><\/p>\n","protected":false},"author":1,"featured_media":72660,"comment_status":"closed","ping_status":"open","sticky":false,"template":"","format":"standard","meta":{"_monsterinsights_skip_tracking":false,"_monsterinsights_sitenote_active":false,"_monsterinsights_sitenote_note":"","_monsterinsights_sitenote_category":0,"jetpack_post_was_ever_published":false,"_jetpack_newsletter_access":"","_jetpack_dont_email_post_to_subs":false,"_jetpack_newsletter_tier_id":0,"_jetpack_memberships_contains_paywalled_content":false,"_jetpack_memberships_contains_paid_content":false,"footnotes":"","jetpack_publicize_message":"","jetpack_publicize_feature_enabled":true,"jetpack_social_post_already_shared":true,"jetpack_social_options":{"image_generator_settings":{"template":"highway","default_image_id":0,"font":"","enabled":false},"version":2},"_wpas_customize_per_network":false},"categories":[21],"tags":[204,1812,8412,1003,1379],"class_list":["post-72657","post","type-post","status-publish","format-standard","has-post-thumbnail","hentry","category-deportes","tag-deportes-2","tag-el-fronton","tag-federal-c","tag-futbol","tag-trocha","generate-columns","tablet-grid-50","mobile-grid-100","grid-parent","grid-50"],"jetpack_publicize_connections":[],"jetpack_featured_media_url":"https:\/\/www.hoymercedes.com.ar\/principal\/wp-content\/uploads\/2018\/02\/DSCN0403.jpg","wps_subtitle":"Federal C","jetpack_sharing_enabled":true,"_links":{"self":[{"href":"https:\/\/www.hoymercedes.com.ar\/principal\/wp-json\/wp\/v2\/posts\/72657","targetHints":{"allow":["GET"]}}],"collection":[{"href":"https:\/\/www.hoymercedes.com.ar\/principal\/wp-json\/wp\/v2\/posts"}],"about":[{"href":"https:\/\/www.hoymercedes.com.ar\/principal\/wp-json\/wp\/v2\/types\/post"}],"author":[{"embeddable":true,"href":"https:\/\/www.hoymercedes.com.ar\/principal\/wp-json\/wp\/v2\/users\/1"}],"replies":[{"embeddable":true,"href":"https:\/\/www.hoymercedes.com.ar\/principal\/wp-json\/wp\/v2\/comments?post=72657"}],"version-history":[{"count":0,"href":"https:\/\/www.hoymercedes.com.ar\/principal\/wp-json\/wp\/v2\/posts\/72657\/revisions"}],"wp:featuredmedia":[{"embeddable":true,"href":"https:\/\/www.hoymercedes.com.ar\/principal\/wp-json\/wp\/v2\/media\/72660"}],"wp:attachment":[{"href":"https:\/\/www.hoymercedes.com.ar\/principal\/wp-json\/wp\/v2\/media?parent=72657"}],"wp:term":[{"taxonomy":"category","embeddable":true,"href":"https:\/\/www.hoymercedes.com.ar\/principal\/wp-json\/wp\/v2\/categories?post=72657"},{"taxonomy":"post_tag","embeddable":true,"href":"https:\/\/www.hoymercedes.com.ar\/principal\/wp-json\/wp\/v2\/tags?post=72657"}],"curies":[{"name":"wp","href":"https:\/\/api.w.org\/{rel}","templated":true}]}}