{"id":72666,"date":"2018-02-19T12:25:36","date_gmt":"2018-02-19T15:25:36","guid":{"rendered":"http:\/\/www.hoymercedes.com.ar\/principal\/?p=72666"},"modified":"2018-02-19T10:57:40","modified_gmt":"2018-02-19T13:57:40","slug":"muestra-colectiva-de-fotografias-de-autores-locales","status":"publish","type":"post","link":"https:\/\/www.hoymercedes.com.ar\/principal\/2018\/02\/19\/muestra-colectiva-de-fotografias-de-autores-locales\/","title":{"rendered":"Muestra colectiva de fotograf\u00edas de autores locales"},"content":{"rendered":"<p>Se inicia el ciclo de exposiciones y muestras del Museo de Arte \u00abMunicipalidad de Mercedes\u00bb2018. La primera de ellas es \u00abToda fotograf\u00eda tiene autor VII\u201d, una muestra colectiva de fotograf\u00edas producida por cuarenta fot\u00f3grafos mercedinos, aficionados y profesionales. La inauguraci\u00f3n ser\u00e1 el viernes 23 de febrero, 21 horas<\/p>\n<p>Se abre el calendario de exposiciones en el Museo de Arte y el pr\u00f3ximo 23 de febrero, ser\u00e1 la edici\u00f3n n\u00famero siete de \u201cToda fotograf\u00eda tiene autor\u201d, una muestra de m\u00e1s de sesenta obras cuyos autores son alumnos de \u201cEl Estudio\u201d, el emprendimiento art\u00edstico y educativo que encabeza el fot\u00f3grafo Mariano Fuaz.<\/p>\n<p>Este a\u00f1o, a diferencia de los anteriores, el ciclo se presentar\u00e1\u00a0 sobre el inicio de 2018 y all\u00ed mostrar\u00e1 las obras realizadas durante el a\u00f1o anterior en el campo de la fotograf\u00eda anal\u00f3gica y digital, adem\u00e1s de ofrecer la participaci\u00f3n de dos notables artistas provenientes de las artes pl\u00e1sticas. Ellas son Marina L\u00f3pez y Viviana Ochoa, con quienes existe la posibilidad de hacer talleres en conjunto.<\/p>\n<p>Exponen:\u00a0Alberto Reinoso,\u00a0Ayelen Alvarado,\u00a0Ayelen Barros Oviedo,\u00a0Bel\u00e9n Belloni,\u00a0Camila Pulido,\u00a0Carlos Russo,\u00a0Carolina Del Rosal,\u00a0Cristian Figueredo,\u00a0Dario Gonz\u00e1lez,\u00a0Evangelina Franchi,\u00a0F\u00e1tima Pardo,\u00a0Gabriela Schwarzach,\u00a0Gabriel Otero,\u00a0 Gilda Preiser,\u00a0Guillermo Traverso,\u00a0Jennifer L\u00f3pez,\u00a0Lucas Valdivieso,\u00a0Ludmila Bondino,\u00a0Macarena Rotelli,\u00a0Magal\u00ed Roldan,\u00a0Manuela Ramos,\u00a0Mar\u00eda J Maldonado,,\u00a0Mar\u00eda Laura Vidal,\u00a0Mar\u00eda Paula Baggio,\u00a0Melisa Siri,\u00a0M\u00f3nica Camocardi, Natalia Rivas,\u00a0 Oscar Carussi,\u00a0Romina Gagliardo,\u00a0Romina Mart\u00ednez,\u00a0Patricia Vaque,\u00a0Rosario Parodi,\u00a0Sandra Greck,\u00a0Silvina Ghigliotto,\u00a0Tobias Fuaz Gaitan,\u00a0Ulises Altieri,\u00a0Valeria Juarez,\u00a0Vanesa Castillo, y Yesica Pereda. Tambi\u00e9n expondr\u00e1n como invitados Natalia Ochoa,\u00a0Marina L\u00f3pez y\u00a0Mariano Fuaz<\/p>\n<p>La muestra se inaugurar\u00e1 el pr\u00f3ximo viernes 23 de febrero, 21 horas, y permanecer\u00e1 abierta hasta el 11 de marzo en la Sala B del Museo de Arte de la Municipalidad de Mercedes (calle 23 entre 18 y 16).<\/p>\n<p>&nbsp;<\/p>\n","protected":false},"excerpt":{"rendered":"<p>Se inicia el ciclo de exposiciones y muestras del Museo de Arte \u00abMunicipalidad de Mercedes\u00bb2018. La primera de ellas es &#8230; <a title=\"Muestra colectiva de fotograf\u00edas de autores locales\" class=\"read-more\" href=\"https:\/\/www.hoymercedes.com.ar\/principal\/2018\/02\/19\/muestra-colectiva-de-fotografias-de-autores-locales\/\" aria-label=\"Leer m\u00e1s sobre Muestra colectiva de fotograf\u00edas de autores locales\">Leer m\u00e1s<\/a><\/p>\n","protected":false},"author":1,"featured_media":72667,"comment_status":"closed","ping_status":"open","sticky":false,"template":"","format":"standard","meta":{"_monsterinsights_skip_tracking":false,"_monsterinsights_sitenote_active":false,"_monsterinsights_sitenote_note":"","_monsterinsights_sitenote_category":0,"jetpack_post_was_ever_published":false,"_jetpack_newsletter_access":"","_jetpack_dont_email_post_to_subs":false,"_jetpack_newsletter_tier_id":0,"_jetpack_memberships_contains_paywalled_content":false,"_jetpack_memberships_contains_paid_content":false,"footnotes":"","jetpack_publicize_message":"","jetpack_publicize_feature_enabled":true,"jetpack_social_post_already_shared":true,"jetpack_social_options":{"image_generator_settings":{"template":"highway","default_image_id":0,"font":"","enabled":false},"version":2},"_wpas_customize_per_network":false},"categories":[104],"tags":[7805,1034,8674,12659,10194],"class_list":["post-72666","post","type-post","status-publish","format-standard","has-post-thumbnail","hentry","category-cultura","tag-cultura","tag-fotografia","tag-mamm","tag-muestra-colectiva","tag-toda-fotografia-tiene-autor","generate-columns","tablet-grid-50","mobile-grid-100","grid-parent","grid-50"],"jetpack_publicize_connections":[],"jetpack_featured_media_url":"https:\/\/www.hoymercedes.com.ar\/principal\/wp-content\/uploads\/2018\/02\/19-fotografia-autor.jpg","wps_subtitle":"Primera exposici\u00f3n en el MAMM","jetpack_sharing_enabled":true,"_links":{"self":[{"href":"https:\/\/www.hoymercedes.com.ar\/principal\/wp-json\/wp\/v2\/posts\/72666","targetHints":{"allow":["GET"]}}],"collection":[{"href":"https:\/\/www.hoymercedes.com.ar\/principal\/wp-json\/wp\/v2\/posts"}],"about":[{"href":"https:\/\/www.hoymercedes.com.ar\/principal\/wp-json\/wp\/v2\/types\/post"}],"author":[{"embeddable":true,"href":"https:\/\/www.hoymercedes.com.ar\/principal\/wp-json\/wp\/v2\/users\/1"}],"replies":[{"embeddable":true,"href":"https:\/\/www.hoymercedes.com.ar\/principal\/wp-json\/wp\/v2\/comments?post=72666"}],"version-history":[{"count":0,"href":"https:\/\/www.hoymercedes.com.ar\/principal\/wp-json\/wp\/v2\/posts\/72666\/revisions"}],"wp:featuredmedia":[{"embeddable":true,"href":"https:\/\/www.hoymercedes.com.ar\/principal\/wp-json\/wp\/v2\/media\/72667"}],"wp:attachment":[{"href":"https:\/\/www.hoymercedes.com.ar\/principal\/wp-json\/wp\/v2\/media?parent=72666"}],"wp:term":[{"taxonomy":"category","embeddable":true,"href":"https:\/\/www.hoymercedes.com.ar\/principal\/wp-json\/wp\/v2\/categories?post=72666"},{"taxonomy":"post_tag","embeddable":true,"href":"https:\/\/www.hoymercedes.com.ar\/principal\/wp-json\/wp\/v2\/tags?post=72666"}],"curies":[{"name":"wp","href":"https:\/\/api.w.org\/{rel}","templated":true}]}}