{"id":72698,"date":"2018-02-20T17:55:19","date_gmt":"2018-02-20T20:55:19","guid":{"rendered":"http:\/\/www.hoymercedes.com.ar\/principal\/?p=72698"},"modified":"2018-02-20T18:35:30","modified_gmt":"2018-02-20T21:35:30","slug":"el-partido-obrero-se-solidariza-con-los-trabajadores-de-guilford","status":"publish","type":"post","link":"https:\/\/www.hoymercedes.com.ar\/principal\/2018\/02\/20\/el-partido-obrero-se-solidariza-con-los-trabajadores-de-guilford\/","title":{"rendered":"El Partido Obrero se solidariza con los trabajadores de Guilford"},"content":{"rendered":"<p>A trav\u00e9s de una comunicaci\u00f3n enviada a los medios de comunicaci\u00f3n de la ciudad, el Partido Obrero de Mercedes expresa su solidaridad con los empleados de la empresa Guilford que desde hace unos meses est\u00e1n reclamando el pago de sus salarios:<\/p>\n<p>\u00abDesde el Partido Obrero de Mercedes expresamos nuestra solidaridad activa con los compa\u00f1eros de la ex empresa Guilford que se ha hecho efectiva con nuestra presencia y acompa\u00f1amiento en el predio junto a los trabajadores. El intento de la antigua patronal y de la nueva, de desentenderse de la deuda que tienen con los trabajadores, demuestra la orientaci\u00f3n social de los empresarios que junto con el gobierno nacional y los gobernadores provinciales, est\u00e1n tratando de meter a sangre y fuego la reforma laboral que implica mayor flexibilidad, despidos y m\u00e1s trabajo precarizado.<\/p>\n<p>La lucha de los obreros de Guilford, empalma con la de los trabajadores del INTI, del Hospital Posadas, de los ingenios del norte, de los mineros de R\u00edo Turbio y los trabajadores de FanAzul. Va creciendo d\u00eda a d\u00eda, la necesidad de un paro nacional que derrote la pol\u00edtica de miseria del gobierno nacional y los patrones, y que asegure el trabajo para todos los obreros de Guilford y del pa\u00eds\u00bb.<\/p>\n<p>&nbsp;<\/p>\n<p>&nbsp;<\/p>\n","protected":false},"excerpt":{"rendered":"<p>A trav\u00e9s de una comunicaci\u00f3n enviada a los medios de comunicaci\u00f3n de la ciudad, el Partido Obrero de Mercedes expresa &#8230; <a title=\"El Partido Obrero se solidariza con los trabajadores de Guilford\" class=\"read-more\" href=\"https:\/\/www.hoymercedes.com.ar\/principal\/2018\/02\/20\/el-partido-obrero-se-solidariza-con-los-trabajadores-de-guilford\/\" aria-label=\"Leer m\u00e1s sobre El Partido Obrero se solidariza con los trabajadores de Guilford\">Leer m\u00e1s<\/a><\/p>\n","protected":false},"author":1,"featured_media":72699,"comment_status":"closed","ping_status":"open","sticky":false,"template":"","format":"standard","meta":{"_monsterinsights_skip_tracking":false,"_monsterinsights_sitenote_active":false,"_monsterinsights_sitenote_note":"","_monsterinsights_sitenote_category":0,"jetpack_post_was_ever_published":false,"_jetpack_newsletter_access":"","_jetpack_dont_email_post_to_subs":false,"_jetpack_newsletter_tier_id":0,"_jetpack_memberships_contains_paywalled_content":false,"_jetpack_memberships_contains_paid_content":false,"footnotes":"","jetpack_publicize_message":"","jetpack_publicize_feature_enabled":true,"jetpack_social_post_already_shared":true,"jetpack_social_options":{"image_generator_settings":{"template":"highway","default_image_id":0,"font":"","enabled":false},"version":2},"_wpas_customize_per_network":false},"categories":[5],"tags":[4458,10,1045,5319,830,7802],"class_list":["post-72698","post","type-post","status-publish","format-standard","has-post-thumbnail","hentry","category-politica","tag-guilford","tag-mercedes","tag-partido-obrero","tag-politica-2","tag-protesta","tag-sociedad","generate-columns","tablet-grid-50","mobile-grid-100","grid-parent","grid-50"],"jetpack_publicize_connections":[],"jetpack_featured_media_url":"https:\/\/www.hoymercedes.com.ar\/principal\/wp-content\/uploads\/2018\/02\/20-guilford.jpg","wps_subtitle":"Postura pol\u00edtca","jetpack_sharing_enabled":true,"_links":{"self":[{"href":"https:\/\/www.hoymercedes.com.ar\/principal\/wp-json\/wp\/v2\/posts\/72698","targetHints":{"allow":["GET"]}}],"collection":[{"href":"https:\/\/www.hoymercedes.com.ar\/principal\/wp-json\/wp\/v2\/posts"}],"about":[{"href":"https:\/\/www.hoymercedes.com.ar\/principal\/wp-json\/wp\/v2\/types\/post"}],"author":[{"embeddable":true,"href":"https:\/\/www.hoymercedes.com.ar\/principal\/wp-json\/wp\/v2\/users\/1"}],"replies":[{"embeddable":true,"href":"https:\/\/www.hoymercedes.com.ar\/principal\/wp-json\/wp\/v2\/comments?post=72698"}],"version-history":[{"count":0,"href":"https:\/\/www.hoymercedes.com.ar\/principal\/wp-json\/wp\/v2\/posts\/72698\/revisions"}],"wp:featuredmedia":[{"embeddable":true,"href":"https:\/\/www.hoymercedes.com.ar\/principal\/wp-json\/wp\/v2\/media\/72699"}],"wp:attachment":[{"href":"https:\/\/www.hoymercedes.com.ar\/principal\/wp-json\/wp\/v2\/media?parent=72698"}],"wp:term":[{"taxonomy":"category","embeddable":true,"href":"https:\/\/www.hoymercedes.com.ar\/principal\/wp-json\/wp\/v2\/categories?post=72698"},{"taxonomy":"post_tag","embeddable":true,"href":"https:\/\/www.hoymercedes.com.ar\/principal\/wp-json\/wp\/v2\/tags?post=72698"}],"curies":[{"name":"wp","href":"https:\/\/api.w.org\/{rel}","templated":true}]}}