{"id":72764,"date":"2018-02-23T07:37:41","date_gmt":"2018-02-23T10:37:41","guid":{"rendered":"http:\/\/www.hoymercedes.com.ar\/principal\/?p=72764"},"modified":"2018-02-22T21:05:17","modified_gmt":"2018-02-23T00:05:17","slug":"un-nuevo-gol-de-gonzalo-perez-para-que-lujan-siga-en-la-punta-de-la-primera-c","status":"publish","type":"post","link":"https:\/\/www.hoymercedes.com.ar\/principal\/2018\/02\/23\/un-nuevo-gol-de-gonzalo-perez-para-que-lujan-siga-en-la-punta-de-la-primera-c\/","title":{"rendered":"Un nuevo gol de Gonzalo P\u00e9rez para que Luj\u00e1n siga en la punta de la Primera C"},"content":{"rendered":"<p><strong>El Civismo.<\/strong> Fue una tarde agridulce para el Lujanero en la Barranca Quilme\u00f1a. Porque si bien es cierto que nunca logr\u00f3 encontrar su mejor versi\u00f3n y fue superado por el local, no es menos cierto que acarici\u00f3 el triunfo hasta los 45 del segundo tiempo. De haber logrado la victoria, hubiera quedado en la cima del torneo en soledad, ya que Defensores Unidos empat\u00f3 en Z\u00e1rate con Central C\u00f3rdoba.<\/p>\n<p><img loading=\"lazy\" decoding=\"async\" data-attachment-id=\"71936\" data-permalink=\"https:\/\/www.hoymercedes.com.ar\/principal\/2018\/01\/30\/dos-goles-de-gonzalo-perez-para-que-lujan-clasifique-a-la-copa-argentina-video\/gonzalo-perez-lujan-2\/#main\" data-orig-file=\"https:\/\/www.hoymercedes.com.ar\/principal\/wp-content\/uploads\/2018\/01\/Gonzalo-Perez-Lujan-2.jpg\" data-orig-size=\"398,398\" data-comments-opened=\"0\" data-image-meta=\"{&quot;aperture&quot;:&quot;0&quot;,&quot;credit&quot;:&quot;&quot;,&quot;camera&quot;:&quot;&quot;,&quot;caption&quot;:&quot;&quot;,&quot;created_timestamp&quot;:&quot;0&quot;,&quot;copyright&quot;:&quot;&quot;,&quot;focal_length&quot;:&quot;0&quot;,&quot;iso&quot;:&quot;0&quot;,&quot;shutter_speed&quot;:&quot;0&quot;,&quot;title&quot;:&quot;&quot;,&quot;orientation&quot;:&quot;0&quot;}\" data-image-title=\"Gonzalo Perez Lujan 2\" data-image-description=\"\" data-image-caption=\"\" data-large-file=\"https:\/\/www.hoymercedes.com.ar\/principal\/wp-content\/uploads\/2018\/01\/Gonzalo-Perez-Lujan-2.jpg\" class=\"aligncenter size-full wp-image-71936\" src=\"https:\/\/www.hoymercedes.com.ar\/principal\/wp-content\/uploads\/2018\/01\/Gonzalo-Perez-Lujan-2.jpg\" alt=\"\" width=\"398\" height=\"398\" srcset=\"https:\/\/www.hoymercedes.com.ar\/principal\/wp-content\/uploads\/2018\/01\/Gonzalo-Perez-Lujan-2.jpg 398w, https:\/\/www.hoymercedes.com.ar\/principal\/wp-content\/uploads\/2018\/01\/Gonzalo-Perez-Lujan-2-150x150.jpg 150w\" sizes=\"auto, (max-width: 398px) 100vw, 398px\" \/><\/p>\n<p>La m\u00e1s clara de Luj\u00e1n lleg\u00f3 a los 34, cuando Marcos pein\u00f3 hacia atr\u00e1s y Minervino no le pudo entrar bien frente al arquero Leguizam\u00f3n. Pero a los 40, como una jugada de otro partido, el \u201cChino\u201d P\u00e9rez volvi\u00f3 a vestirse de h\u00e9roe y sac\u00f3 un disparo desde mitad de cancha que se clav\u00f3 en el \u00e1ngulo del arco quilme\u00f1o. Con esta ventaja casi inesperada concluy\u00f3 la primera parte.<\/p>\n<p>Pero a los 45 del segundo tiempo, cuando todo parec\u00eda definido, Tellas sell\u00f3 el empate tras dos remates: el primero peg\u00f3 en el palo derecho, pero el delantero se rehizo r\u00e1pidamente, captur\u00f3 el rebote y bati\u00f3 a Lescano.<\/p>\n<p>Fue merecido el empate para el local, que en promedio se mostr\u00f3 superior a Luj\u00e1n -acaso disminuido en el plano creativo por las ausencias de Chambi y Vera Borda-, y un buen negocio para el conjunto de la Bas\u00edlica, que se trajo un punto que le permite seguir en la cima del torneo. El pr\u00f3ximo lunes, en el Campo Municipal, recibir\u00e1 a un Defensores de Cambaceres entonado por la victoria 3 a 0 ante Italiano.<\/p>\n<p><span class=\"embed-youtube\" style=\"text-align:center; display: block;\"><iframe loading=\"lazy\" class=\"youtube-player\" width=\"1200\" height=\"675\" src=\"https:\/\/www.youtube.com\/embed\/Vn1SL0xhohY?version=3&#038;rel=1&#038;showsearch=0&#038;showinfo=1&#038;iv_load_policy=1&#038;fs=1&#038;hl=es-ES&#038;autohide=2&#038;wmode=transparent\" allowfullscreen=\"true\" style=\"border:0;\" sandbox=\"allow-scripts allow-same-origin allow-popups allow-presentation allow-popups-to-escape-sandbox\"><\/iframe><\/span><\/p>\n","protected":false},"excerpt":{"rendered":"<p>El Civismo. Fue una tarde agridulce para el Lujanero en la Barranca Quilme\u00f1a. Porque si bien es cierto que nunca &#8230; <a title=\"Un nuevo gol de Gonzalo P\u00e9rez para que Luj\u00e1n siga en la punta de la Primera C\" class=\"read-more\" href=\"https:\/\/www.hoymercedes.com.ar\/principal\/2018\/02\/23\/un-nuevo-gol-de-gonzalo-perez-para-que-lujan-siga-en-la-punta-de-la-primera-c\/\" aria-label=\"Leer m\u00e1s sobre Un nuevo gol de Gonzalo P\u00e9rez para que Luj\u00e1n siga en la punta de la Primera C\">Leer m\u00e1s<\/a><\/p>\n","protected":false},"author":1,"featured_media":71936,"comment_status":"closed","ping_status":"open","sticky":false,"template":"","format":"standard","meta":{"_monsterinsights_skip_tracking":false,"_monsterinsights_sitenote_active":false,"_monsterinsights_sitenote_note":"","_monsterinsights_sitenote_category":0,"jetpack_post_was_ever_published":false,"_jetpack_newsletter_access":"","_jetpack_dont_email_post_to_subs":false,"_jetpack_newsletter_tier_id":0,"_jetpack_memberships_contains_paywalled_content":false,"_jetpack_memberships_contains_paid_content":false,"footnotes":"","jetpack_publicize_message":"","jetpack_publicize_feature_enabled":true,"jetpack_social_post_already_shared":true,"jetpack_social_options":{"image_generator_settings":{"template":"highway","default_image_id":0,"font":"","enabled":false},"version":2},"_wpas_customize_per_network":false},"categories":[21],"tags":[204,1003,12575,7582],"class_list":["post-72764","post","type-post","status-publish","format-standard","has-post-thumbnail","hentry","category-deportes","tag-deportes-2","tag-futbol","tag-gonzalo-perez","tag-la-legion","generate-columns","tablet-grid-50","mobile-grid-100","grid-parent","grid-50"],"jetpack_publicize_connections":[],"jetpack_featured_media_url":"https:\/\/www.hoymercedes.com.ar\/principal\/wp-content\/uploads\/2018\/01\/Gonzalo-Perez-Lujan-2.jpg","wps_subtitle":"La Legi\u00f3n","jetpack_sharing_enabled":true,"_links":{"self":[{"href":"https:\/\/www.hoymercedes.com.ar\/principal\/wp-json\/wp\/v2\/posts\/72764","targetHints":{"allow":["GET"]}}],"collection":[{"href":"https:\/\/www.hoymercedes.com.ar\/principal\/wp-json\/wp\/v2\/posts"}],"about":[{"href":"https:\/\/www.hoymercedes.com.ar\/principal\/wp-json\/wp\/v2\/types\/post"}],"author":[{"embeddable":true,"href":"https:\/\/www.hoymercedes.com.ar\/principal\/wp-json\/wp\/v2\/users\/1"}],"replies":[{"embeddable":true,"href":"https:\/\/www.hoymercedes.com.ar\/principal\/wp-json\/wp\/v2\/comments?post=72764"}],"version-history":[{"count":0,"href":"https:\/\/www.hoymercedes.com.ar\/principal\/wp-json\/wp\/v2\/posts\/72764\/revisions"}],"wp:featuredmedia":[{"embeddable":true,"href":"https:\/\/www.hoymercedes.com.ar\/principal\/wp-json\/wp\/v2\/media\/71936"}],"wp:attachment":[{"href":"https:\/\/www.hoymercedes.com.ar\/principal\/wp-json\/wp\/v2\/media?parent=72764"}],"wp:term":[{"taxonomy":"category","embeddable":true,"href":"https:\/\/www.hoymercedes.com.ar\/principal\/wp-json\/wp\/v2\/categories?post=72764"},{"taxonomy":"post_tag","embeddable":true,"href":"https:\/\/www.hoymercedes.com.ar\/principal\/wp-json\/wp\/v2\/tags?post=72764"}],"curies":[{"name":"wp","href":"https:\/\/api.w.org\/{rel}","templated":true}]}}