{"id":7279,"date":"2011-09-14T02:56:49","date_gmt":"2011-09-14T02:56:49","guid":{"rendered":"http:\/\/www.hoymercedes.com.ar\/principal\/?p=7279"},"modified":"2011-09-14T02:56:49","modified_gmt":"2011-09-14T02:56:49","slug":"la-visita-de-boudou-en-los-medios-nacionales","status":"publish","type":"post","link":"https:\/\/www.hoymercedes.com.ar\/principal\/2011\/09\/14\/la-visita-de-boudou-en-los-medios-nacionales\/","title":{"rendered":"La visita de Boudou en los medios nacionales"},"content":{"rendered":"<p><a href=\"https:\/\/www.hoymercedes.com.ar\/principal\/wp-content\/uploads\/2011\/09\/LPO-Ustarroz.jpg\"><img loading=\"lazy\" decoding=\"async\" data-attachment-id=\"7281\" data-permalink=\"https:\/\/www.hoymercedes.com.ar\/principal\/2011\/09\/14\/la-visita-de-boudou-en-los-medios-nacionales\/lpo-ustarroz\/#main\" data-orig-file=\"https:\/\/www.hoymercedes.com.ar\/principal\/wp-content\/uploads\/2011\/09\/LPO-Ustarroz.jpg\" data-orig-size=\"605,407\" data-comments-opened=\"1\" data-image-meta=\"{&quot;aperture&quot;:&quot;0&quot;,&quot;credit&quot;:&quot;&quot;,&quot;camera&quot;:&quot;&quot;,&quot;caption&quot;:&quot;&quot;,&quot;created_timestamp&quot;:&quot;0&quot;,&quot;copyright&quot;:&quot;&quot;,&quot;focal_length&quot;:&quot;0&quot;,&quot;iso&quot;:&quot;0&quot;,&quot;shutter_speed&quot;:&quot;0&quot;,&quot;title&quot;:&quot;&quot;}\" data-image-title=\"LPO-Ustarroz\" data-image-description=\"\" data-image-caption=\"\" data-large-file=\"https:\/\/www.hoymercedes.com.ar\/principal\/wp-content\/uploads\/2011\/09\/LPO-Ustarroz.jpg\" class=\"aligncenter size-full wp-image-7281\" title=\"LPO-Ustarroz\" src=\"https:\/\/www.hoymercedes.com.ar\/principal\/wp-content\/uploads\/2011\/09\/LPO-Ustarroz.jpg\" alt=\"\" width=\"605\" height=\"407\" \/><\/a><\/p>\n<p>La visita del Ministro de Econom\u00eda y actual candidato a Vice Presidente por el Frente para la Victoria ha dado que hablar y especular en varios espacios como lo es el sitio especializado en pol\u00edtica La Pol\u00edtica Online donde se trata el tema bajo el lema: <em>\u00abel intendente de La C\u00e1mpora\u00bb<\/em><\/p>\n<p>Boudou sostuvo que: Ustarroz <em>\u00abes quien interpreta el proyecto nacional y apunta a industrializar la ciudad\u00bb<\/em><\/p>\n<p>El tema sin duda es un atractivo para medios nacionales dado el apoyo que recibe en todo sentido, desde el simb\u00f3lico al econ\u00f3mico y el pol\u00edtico, el candidato de La C\u00e1mpora Juan Ustarr\u00f3z no es menor y puede convertirse en un ejemplo de la trascendencia que La C\u00e1mpora ir\u00eda construyendo.<\/p>\n<p>De esta manera, Boudou, estuvo nuevamente en la ciudad en un acto del Frente Mercedino.<\/p>\n<p>Dice la noticia:<\/p>\n<p><em><span style=\"color: #808080;\">Amado Boudou se meti\u00f3 hoy de lleno en la campa\u00f1a de Mercedes y junto a Wado de Pedro encabez\u00f3 un acto en apoyo al candidato de La C\u00e1mpora, Juan Ustarroz, que tiene grandes chances de arrebatarle el municipio al peronista Carlos Selva.<\/span><\/em><\/p>\n<p><em><span style=\"color: #808080;\">Durante el encuentro, realizado en un sal\u00f3n en el centro de Mercedes, Boudou tambi\u00e9n destac\u00f3 que Ustarroz \u00abes quien interpreta el proyecto nacional y apunta a industrializar la ciudad\u00bb, y augur\u00f3 un \u00abcrecimiento importante\u00bb.<\/span><\/em><\/p>\n<p><em><span style=\"color: #808080;\">Luego en su doble rol de ministro de Econom\u00eda y candidato a vicepresidente se\u00f1al\u00f3 que \u00abel desendeudamiento y el crecimiento sostenido del pa\u00eds abre grandes perspectivas de cara al futuro\u00bb, y agreg\u00f3 que en ese contexto desde el gobierno \u00abse espera que, esta vez, la oposici\u00f3n vote\u00bb el Presupuesto 2012.<\/span><\/em><\/p>\n<p><em><span style=\"color: #808080;\">Boudou estim\u00f3 adem\u00e1s que el triunfo de Cristina en las primarias del 14 de agosto \u00abtiene que ver con un cambio, el de recuperar la pol\u00edtica y hacerla con el coraz\u00f3n y con el cerebro\u00bb.<\/span><\/em><\/p>\n<p><em><span style=\"color: #808080;\">\u00abEste gobierno tuvo la capacidad de desapegarse de las encuestas y de tomar decisiones a partir de los grandes gur\u00faes, para mirar a los ojos a la gente\u00bb, sostuvo.<\/span><\/em><\/p>\n<p><a href=\"http:\/\/www.lapoliticaonline.com\/noticias\/val\/76435\/el-intendente-de-la-campora.html\" target=\"_blank\" rel=\"noopener\">\u00a0Ir a LPO<\/a><\/p>\n","protected":false},"excerpt":{"rendered":"<p>La visita del Ministro de Econom\u00eda y actual candidato a Vice Presidente por el Frente para la Victoria ha dado &#8230; <a title=\"La visita de Boudou en los medios nacionales\" class=\"read-more\" href=\"https:\/\/www.hoymercedes.com.ar\/principal\/2011\/09\/14\/la-visita-de-boudou-en-los-medios-nacionales\/\" aria-label=\"Leer m\u00e1s sobre La visita de Boudou en los medios nacionales\">Leer m\u00e1s<\/a><\/p>\n","protected":false},"author":1,"featured_media":0,"comment_status":"open","ping_status":"open","sticky":false,"template":"","format":"standard","meta":{"_monsterinsights_skip_tracking":false,"_monsterinsights_sitenote_active":false,"_monsterinsights_sitenote_note":"","_monsterinsights_sitenote_category":0,"jetpack_post_was_ever_published":false,"_jetpack_newsletter_access":"","_jetpack_dont_email_post_to_subs":false,"_jetpack_newsletter_tier_id":0,"_jetpack_memberships_contains_paywalled_content":false,"_jetpack_memberships_contains_paid_content":false,"footnotes":"","jetpack_publicize_message":"","jetpack_publicize_feature_enabled":true,"jetpack_social_post_already_shared":false,"jetpack_social_options":{"image_generator_settings":{"template":"highway","default_image_id":0,"font":"","enabled":false},"version":2},"_wpas_customize_per_network":false},"categories":[5],"tags":[1116,424],"class_list":["post-7279","post","type-post","status-publish","format-standard","hentry","category-politica","tag-boudou","tag-ustarroz","generate-columns","tablet-grid-50","mobile-grid-100","grid-parent","grid-50"],"jetpack_publicize_connections":[],"jetpack_featured_media_url":"","wps_subtitle":"","jetpack_sharing_enabled":true,"_links":{"self":[{"href":"https:\/\/www.hoymercedes.com.ar\/principal\/wp-json\/wp\/v2\/posts\/7279","targetHints":{"allow":["GET"]}}],"collection":[{"href":"https:\/\/www.hoymercedes.com.ar\/principal\/wp-json\/wp\/v2\/posts"}],"about":[{"href":"https:\/\/www.hoymercedes.com.ar\/principal\/wp-json\/wp\/v2\/types\/post"}],"author":[{"embeddable":true,"href":"https:\/\/www.hoymercedes.com.ar\/principal\/wp-json\/wp\/v2\/users\/1"}],"replies":[{"embeddable":true,"href":"https:\/\/www.hoymercedes.com.ar\/principal\/wp-json\/wp\/v2\/comments?post=7279"}],"version-history":[{"count":0,"href":"https:\/\/www.hoymercedes.com.ar\/principal\/wp-json\/wp\/v2\/posts\/7279\/revisions"}],"wp:attachment":[{"href":"https:\/\/www.hoymercedes.com.ar\/principal\/wp-json\/wp\/v2\/media?parent=7279"}],"wp:term":[{"taxonomy":"category","embeddable":true,"href":"https:\/\/www.hoymercedes.com.ar\/principal\/wp-json\/wp\/v2\/categories?post=7279"},{"taxonomy":"post_tag","embeddable":true,"href":"https:\/\/www.hoymercedes.com.ar\/principal\/wp-json\/wp\/v2\/tags?post=7279"}],"curies":[{"name":"wp","href":"https:\/\/api.w.org\/{rel}","templated":true}]}}