{"id":7296,"date":"2011-09-15T03:31:25","date_gmt":"2011-09-15T03:31:25","guid":{"rendered":"http:\/\/www.hoymercedes.com.ar\/principal\/?p=7296"},"modified":"2011-09-15T03:31:25","modified_gmt":"2011-09-15T03:31:25","slug":"creditos-al-15-anual-para-empresas-que-realicen-innovaciones-tecnologicas","status":"publish","type":"post","link":"https:\/\/www.hoymercedes.com.ar\/principal\/2011\/09\/15\/creditos-al-15-anual-para-empresas-que-realicen-innovaciones-tecnologicas\/","title":{"rendered":"Cr\u00e9ditos al 1,5% anual para empresas que realicen innovaciones tecnol\u00f3gicas"},"content":{"rendered":"<p><a href=\"https:\/\/www.hoymercedes.com.ar\/principal\/wp-content\/uploads\/2011\/09\/Fontar-Frente.jpg\"><img loading=\"lazy\" decoding=\"async\" data-attachment-id=\"7298\" data-permalink=\"https:\/\/www.hoymercedes.com.ar\/principal\/2011\/09\/15\/creditos-al-15-anual-para-empresas-que-realicen-innovaciones-tecnologicas\/fontar-frente\/#main\" data-orig-file=\"https:\/\/www.hoymercedes.com.ar\/principal\/wp-content\/uploads\/2011\/09\/Fontar-Frente.jpg\" data-orig-size=\"608,404\" data-comments-opened=\"1\" data-image-meta=\"{&quot;aperture&quot;:&quot;3.8&quot;,&quot;credit&quot;:&quot;Moreira Mario Hugo    FOTOGRAFIA&quot;,&quot;camera&quot;:&quot;NIKON D300&quot;,&quot;caption&quot;:&quot;&quot;,&quot;created_timestamp&quot;:&quot;1315918095&quot;,&quot;copyright&quot;:&quot;AW Fotografia   Moreira Mario Hugo&quot;,&quot;focal_length&quot;:&quot;22&quot;,&quot;iso&quot;:&quot;2500&quot;,&quot;shutter_speed&quot;:&quot;0.01&quot;,&quot;title&quot;:&quot;&quot;}\" data-image-title=\"Fontar-Frente\" data-image-description=\"\" data-image-caption=\"\" data-large-file=\"https:\/\/www.hoymercedes.com.ar\/principal\/wp-content\/uploads\/2011\/09\/Fontar-Frente.jpg\" class=\"aligncenter size-full wp-image-7298\" title=\"Fontar-Frente\" src=\"https:\/\/www.hoymercedes.com.ar\/principal\/wp-content\/uploads\/2011\/09\/Fontar-Frente.jpg\" alt=\"\" width=\"608\" height=\"404\" \/><\/a><\/p>\n<p>Con una gran concurrencia de empresarios de la ciudad se realiz\u00f3 un taller en la C\u00e1mara Econ\u00f3mica en la que disertaron funcionarios del Ministerio de Ciencia, Tecnolog\u00eda e Innovaci\u00f3n de la Naci\u00f3n, dando a conocer las diferentes formas de financiamiento que existe para los peque\u00f1os y grandes emprendimientos a trav\u00e9s del Fondo Tecnol\u00f3gico Argentino.<\/p>\n<p>Facundo Laguna, director general del FONTAR, enumer\u00f3 las interesantes propuestas que se enmarcan dentro de este Fondo, todas destinadas al sector productivo que tenga que ver con la innovaci\u00f3n tecnol\u00f3gica y la producci\u00f3n, como el INTI, CONEA y el INTA, \u201cque equiparon sus laboratorios con estos instrumentos. FONTAR ha firmado 1588 proyectos, adjudic\u00f3 650 millones de pesos y benefici\u00f3 a 3 mil empresas\u201d, dijo Laguna.<\/p>\n<p>Entre lo m\u00e1s auspicioso que mencion\u00f3 Laguna estuvo la subvenci\u00f3n dirigida a personas f\u00edsicas o jur\u00eddicas titulares de empresas productoras de bienes y servicios. Se pone en pr\u00e1ctica a trav\u00e9s de la adjudicaci\u00f3n de Certificados de Cr\u00e9dito Fiscal que pueden descontarse del Impuesto a las Ganancias. El monto del apoyo no podr\u00e1 exceder el 50% del presupuesto total del proyecto.<\/p>\n<p>Esto ocurre a trav\u00e9s de la financiaci\u00f3n de empresas grandes en cuanto a investigaci\u00f3n y desarrollo y a todo tipo de empresas en cuanto a equipamiento. Esta l\u00ednea, en particular, tiene una forma de competir diferente a las otras del FONTAR. Se compite por zona de presentaci\u00f3n y de solicitaci\u00f3n de subsidio. Es un cr\u00e9dito al 1,5% anual, fija en pesos, que se entrega como banco y que financia proyectos de modernizaci\u00f3n a PYMES, o sea, toda PYME que tenga un proceso de compra de equipamiento o necesite el dinero para la adecuaci\u00f3n de sus instalaciones o que requiera de un esfuerzo de ingenier\u00eda para mejorar el sistema de calidad, puede acceder a este tipo de cr\u00e9dito, con hasta 4 a\u00f1os de gracia, pero que, en general ser\u00e1 de 1 o 2.<\/p>\n<p>Laguna, con respecto a esto, dijo que \u201ces algo que no existe en el mercado. Se puede solicitar hasta 1 mill\u00f3n de pesos y con sistema franc\u00e9s\u201d, coment\u00f3.<\/p>\n<p>La charla se inici\u00f3 con palabras de bienvenida brindadas por el presidente de la C\u00e1mara Econ\u00f3mica, C\u00e9sar Sanmart\u00edn, quien dijo que \u201cnosotros queremos lo mejor para Mercedes y ofrecemos ser intermediarios de todo proyecto que sea factible y posible para la ciudad\u201d.<\/p>\n<p>Las gestiones para que el FONTAR est\u00e9 presente en Mercedes fueron realizadas por el candidato a Intendente Juan Ignacio Ustarroz, quien desde hace meses viene teniendo reuniones con funcionarios del Ministerio y hasta con el propio ministro Lino Bara\u00f1ao, de las cuales surgi\u00f3 la realizaci\u00f3n de un Polo Productivo Modelo en la ex Colonia Capit\u00e1n Sarmiento.<\/p>\n<p>\u201cDesde el Frente Mercedino, en nuestra conformaci\u00f3n de gobierno, transmitimos que la generaci\u00f3n de empleo es fundamental como eje de campa\u00f1a y se ha trabajado para industrializar Mercedes, llev\u00e1ndola a tener un perfil productivo y no solo administrativo\u201d, dijo en la apertura del Taller Javier Dufourquet, coordinador de los equipos t\u00e9cnicos del FMPV.<\/p>\n<p>Rodolfo Blasco, subsecretario de Coordinaci\u00f3n Administrativa del Ministerio de Ciencia, Tecnolog\u00eda e Innovaci\u00f3n de la Naci\u00f3n, realiz\u00f3 un repaso previo de lo hecho por esa cartera desde su creaci\u00f3n en 2007 y manifest\u00f3 la inversi\u00f3n realizada en materia cient\u00edfica en estos a\u00f1os.<\/p>\n<p>Adem\u00e1s, habl\u00f3 sobre la realizaci\u00f3n de proyectos tecnol\u00f3gicos asociados con los municipicos \u201ccon la idea de poder establecer polos productivos con alto contenido tecnol\u00f3gico y el de Mercedes va a estar \u00edntegramente dedicado a la biotecnolog\u00eda y comenzar\u00e1 a trabajar en 2 a\u00f1os. Los instrumentos con los que cuenta el Ministerio para el financiamiento de la innovaci\u00f3n y el desarrollo y la modernizaci\u00f3n est\u00e1n encabezados por el FONTAR que es el \u00f3rgano t\u00e9cnico de evaluaci\u00f3n y seguimiento de esos instrumentos y es el que asigna los recursos a los proyectos que se presenten. La idea es tener un contacto cotidiano con la C\u00e1mara de Mercedes para que todos los empresarios de Mercedes y la zona puedan ver facilitados el acceso al financiamiento que consideramos esencial para el crecimiento de la regi\u00f3n\u201d, cerr\u00f3 Blasco.<\/p>\n<p>Por otra parte, Laguna dijo que \u201cel objetivo del estado es acompa\u00f1ar el esfuerzo de una empresa y los riesgos que esto tiene, eso tiene un costo econ\u00f3mico que el estado subsidia hasta un 50%\u201d y agreg\u00f3 que \u201cotra cosa que se financia es el comienzo de una empresa desde cero\u201d.<\/p>\n<p>Por otra parte, el FONTAR \u201cbusca desarrollo de un producto nuevo o mejorarlo. El esfuerzo se basa en lograr que la empresa diferencie su producto desde un atributo tecnol\u00f3gico\u201d remarc\u00f3 Laguna, quien sostuvo que se eval\u00faa tecno y econ\u00f3micamente el proyecto.<\/p>\n<p>Adem\u00e1s, mencion\u00f3 que hay cr\u00e9ditos para que las empresas se animen a contratar a doctores en investigaci\u00f3n, graduados, y que quieran realizar innovaciones tecnol\u00f3gicas. Antes eran s\u00f3lo para los que pertenec\u00edan al CONICET, ahora es abierto\u201d, concluy\u00f3.<\/p>\n","protected":false},"excerpt":{"rendered":"<p>Con una gran concurrencia de empresarios de la ciudad se realiz\u00f3 un taller en la C\u00e1mara Econ\u00f3mica en la que &#8230; <a title=\"Cr\u00e9ditos al 1,5% anual para empresas que realicen innovaciones tecnol\u00f3gicas\" class=\"read-more\" href=\"https:\/\/www.hoymercedes.com.ar\/principal\/2011\/09\/15\/creditos-al-15-anual-para-empresas-que-realicen-innovaciones-tecnologicas\/\" aria-label=\"Leer m\u00e1s sobre Cr\u00e9ditos al 1,5% anual para empresas que realicen innovaciones tecnol\u00f3gicas\">Leer m\u00e1s<\/a><\/p>\n","protected":false},"author":1,"featured_media":0,"comment_status":"open","ping_status":"open","sticky":false,"template":"","format":"standard","meta":{"_monsterinsights_skip_tracking":false,"_monsterinsights_sitenote_active":false,"_monsterinsights_sitenote_note":"","_monsterinsights_sitenote_category":0,"jetpack_post_was_ever_published":false,"_jetpack_newsletter_access":"","_jetpack_dont_email_post_to_subs":false,"_jetpack_newsletter_tier_id":0,"_jetpack_memberships_contains_paywalled_content":false,"_jetpack_memberships_contains_paid_content":false,"footnotes":"","jetpack_publicize_message":"","jetpack_publicize_feature_enabled":true,"jetpack_social_post_already_shared":false,"jetpack_social_options":{"image_generator_settings":{"template":"highway","default_image_id":0,"font":"","enabled":false},"version":2},"_wpas_customize_per_network":false},"categories":[5],"tags":[1270,424],"class_list":["post-7296","post","type-post","status-publish","format-standard","hentry","category-politica","tag-fontar","tag-ustarroz","generate-columns","tablet-grid-50","mobile-grid-100","grid-parent","grid-50"],"jetpack_publicize_connections":[],"jetpack_featured_media_url":"","wps_subtitle":"","jetpack_sharing_enabled":true,"_links":{"self":[{"href":"https:\/\/www.hoymercedes.com.ar\/principal\/wp-json\/wp\/v2\/posts\/7296","targetHints":{"allow":["GET"]}}],"collection":[{"href":"https:\/\/www.hoymercedes.com.ar\/principal\/wp-json\/wp\/v2\/posts"}],"about":[{"href":"https:\/\/www.hoymercedes.com.ar\/principal\/wp-json\/wp\/v2\/types\/post"}],"author":[{"embeddable":true,"href":"https:\/\/www.hoymercedes.com.ar\/principal\/wp-json\/wp\/v2\/users\/1"}],"replies":[{"embeddable":true,"href":"https:\/\/www.hoymercedes.com.ar\/principal\/wp-json\/wp\/v2\/comments?post=7296"}],"version-history":[{"count":0,"href":"https:\/\/www.hoymercedes.com.ar\/principal\/wp-json\/wp\/v2\/posts\/7296\/revisions"}],"wp:attachment":[{"href":"https:\/\/www.hoymercedes.com.ar\/principal\/wp-json\/wp\/v2\/media?parent=7296"}],"wp:term":[{"taxonomy":"category","embeddable":true,"href":"https:\/\/www.hoymercedes.com.ar\/principal\/wp-json\/wp\/v2\/categories?post=7296"},{"taxonomy":"post_tag","embeddable":true,"href":"https:\/\/www.hoymercedes.com.ar\/principal\/wp-json\/wp\/v2\/tags?post=7296"}],"curies":[{"name":"wp","href":"https:\/\/api.w.org\/{rel}","templated":true}]}}