{"id":72983,"date":"2018-02-27T19:48:29","date_gmt":"2018-02-27T22:48:29","guid":{"rendered":"http:\/\/www.hoymercedes.com.ar\/principal\/?p=72983"},"modified":"2018-02-27T16:26:57","modified_gmt":"2018-02-27T19:26:57","slug":"juan-manuel-ortiz-y-veronica-rojas-fueron-los-ganadores-de-la-maraton-de-gowland-galeria-de-fotos","status":"publish","type":"post","link":"https:\/\/www.hoymercedes.com.ar\/principal\/2018\/02\/27\/juan-manuel-ortiz-y-veronica-rojas-fueron-los-ganadores-de-la-maraton-de-gowland-galeria-de-fotos\/","title":{"rendered":"Juan Manuel Ort\u00edz y Ver\u00f3nica Rojas fueron los ganadores de la Marat\u00f3n de Gowland (galer\u00eda de fotos)"},"content":{"rendered":"<p class=\"x_MsoNormal\">Una nueva gran edici\u00f3n de la \u201cMarat\u00f3n localidad de Gowland\u201d se llev\u00f3 a cabo durante la jornada del pasado s\u00e1bado en el marco de la gran fiesta por los 130 a\u00f1os de la localidad. All\u00ed participaron alrededor de 200 atletas y vecinos que se animaron a ser parte de la convocatoria realizada por la Direcci\u00f3n de Deportes de la Municipalidad de Mercedes.<\/p>\n<p class=\"x_MsoNormal\">Mariana Saboredo, coordinadora del \u00e1rea, coment\u00f3 que \u201chemos visto una excelente participaci\u00f3n, con muchos atletas en un gran nivel, que disfrutan el hecho de ser parte y, por supuesto, nosotros tambi\u00e9n, porque adem\u00e1s se ven vecinos que no son especialistas en esta disciplina deportiva, pero que lo viven con gran pasi\u00f3n y eso creo cumple parte de los objetivos, que es el encuentro y la valorizaci\u00f3n del acto deportivo\u201d, destac\u00f3 la funcionaria.<\/p>\n<p class=\"x_MsoNormal\">La carrera cont\u00f3 con dos instancias, la tradicional de 8 kil\u00f3metros y la de 4 kil\u00f3metros. En ambas hubo un muy buen nivel de participantes.<\/p>\n<p class=\"x_MsoNormal\">Hubo tambi\u00e9n, como es habitual desde la Direcci\u00f3n de Deportes, una veta solidaria, ya que contaba con un peque\u00f1o valor de inscripci\u00f3n que era totalmente a beneficio de las acciones locales en pos del desarrollo deportivos. Vale recordar que en Gowland y Agote pronto se vivir\u00e1 una nueva fiesta con el \u201cClub Social y Deportivo Rural\u201d sobre el cual se est\u00e1 trabajando mucho y con fuerza para que este sue\u00f1o termine siendo la realidad para la que tantos aportan tiempo, dedicaci\u00f3n y recursos.<\/p>\n<p class=\"x_MsoNormal\">Por su parte, el Director de Deportes, Mart\u00edn \u201cChino\u201d Silvestre, sostuvo que \u201cha sido muy buena competencia, tanto para los atletas como para los que no lo son y se animan a ser parte. Creo eso es algo de lo m\u00e1s valioso, que nos encontremos y nos animemos. El deporte tambi\u00e9n tiene ese lado positivo y es que cuando se lo hace con pasi\u00f3n da estos gratos momentos\u201d, cont\u00f3 el responsable del \u00e1rea de deportes municipal remarcando que \u201cquiero felicitar a todos, los que subieron al podio, los que no, los que acompa\u00f1aron alentando, y por supuesto, muchas gracias\u201d<\/p>\n<p>&nbsp;<\/p>\n<p class=\"x_MsoNormal\"><b>CLASIFICACION: Carrera Aniversario Gowland8 y 4 K<\/b><\/p>\n<p class=\"x_MsoNormal\">8 K. MASCULINO GENERAL:<\/p>\n<p class=\"x_gmail-MsoListParagraph\">1)\u00a0\u00a0Ortiz Juan Manuel 2) Ortiz, Facundo 3) M\u00e9ndez, Nicol\u00e1s<\/p>\n<p class=\"x_MsoNormal\">8 K. FEMENINO GENERAL<\/p>\n<p class=\"x_gmail-MsoListParagraph\">1)\u00a0\u00a0Rojas Ver\u00f3nica 2) Bravia, Norma 3) C\u00f3rdoba Stella<\/p>\n<p class=\"x_MsoNormal\">4 K. MASCULINO GENERAL<\/p>\n<p class=\"x_gmail-MsoListParagraph\">1)\u00a0\u00a0Monz\u00f3n, Gonzalo 2) Zuffo, Fabricio 3) L\u00f3pez, Miguel<\/p>\n<p class=\"x_MsoNormal\">4 K. FEMENINO GENERAL<\/p>\n<p class=\"x_gmail-MsoListParagraph\">1)\u00a0\u00a0Zuffo Fiorela\u00a0\u00a02) Brea, Ana\u00a0\u00a03) Darritchon Ana<\/p>\n<p class=\"x_MsoNormal\">8 K. MASCULINO (CATEG. HASTA 18 A\u00d1OS)\u00a01) Moreno Augusto<\/p>\n<p class=\"x_MsoNormal\">8 K. MASCULINO (CATEG. 19 a 29 A\u00d1OS)<\/p>\n<p class=\"x_gmail-MsoListParagraph\">1)\u00a0\u00a0\u00a0Ortiz Juan Manuel 2) Casta\u00f1eda, Ricardo 3) Reynoso Sebasti\u00e1n<\/p>\n<p class=\"x_MsoNormal\">8 K. MASCULINO (CATEG. 30 a 39 A\u00d1OS)<\/p>\n<p class=\"x_gmail-MsoListParagraph\">1)\u00a0\u00a0Ortiz Facundo 2) Casta\u00f1eda Ricardo 3) Harosteguy Diego<\/p>\n<p class=\"x_MsoNormal\">8 K. MASCULINO (CATEG. 40 a 49 A\u00d1OS)<\/p>\n<p class=\"x_gmail-MsoListParagraph\">1)\u00a0\u00a0M\u00e9ndez Nicol\u00e1s, 2) Yacoy Cristian 3) Perroud Luis<\/p>\n<p class=\"x_MsoNormal\">8 K. MASCULINO (CATEG. 50 a 59)<\/p>\n<p class=\"x_gmail-MsoListParagraph\">1)\u00a0\u00a0Ortiz Pedro 2) Torres Alejandro 3) Gallo Dar\u00edo<\/p>\n<p class=\"x_MsoNormal\">8K. MASCULINO (CATEG. + DE 60 A\u00d1OS)<\/p>\n<p class=\"x_gmail-MsoListParagraph\">1)\u00a0\u00a0Zunino H\u00e9ctor, 2) Lescano Pedro 3) Ver\u00f3n Miguel<\/p>\n<p class=\"x_MsoNormal\">8 K. FEMENINO (19 a 29 A\u00d1OS)<\/p>\n<p class=\"x_gmail-MsoListParagraph\">1)\u00a0\u00a0D\u00b4alesandro Sof\u00eda 2) G\u00f3mez Guadalupe<\/p>\n<p class=\"x_MsoNormal\">8 K. FEMENINO (30 a 39 A\u00d1OS)<\/p>\n<p class=\"x_gmail-MsoListParagraph\">1)\u00a0\u00a0Rojas Ver\u00f3nica 2) Scabar Marianela 3) Canteros Sandra<\/p>\n<p class=\"x_MsoNormal\">8 K. FEMENINO (40 A 49 A\u00d1OS)<\/p>\n<p class=\"x_gmail-MsoListParagraph\">1)\u00a0\u00a0Bravia Norma 2) C\u00f3rdoba Stella 3) Gonz\u00e1lez Margarita<\/p>\n<p class=\"x_MsoNormal\">8 K. FEM (50 A 59 A\u00d1OS)<\/p>\n<p class=\"x_gmail-MsoListParagraph\">1)\u00a0\u00a0Galli, Silvina 2) Altamirano Marta 3) Revora Mar\u00eda Mercedes<\/p>\n<p>&nbsp;<\/p>\n<p><img loading=\"lazy\" decoding=\"async\" data-attachment-id=\"72995\" data-permalink=\"https:\/\/www.hoymercedes.com.ar\/principal\/2018\/02\/27\/juan-manuel-ortiz-y-veronica-rojas-fueron-los-ganadores-de-la-maraton-de-gowland-galeria-de-fotos\/maraton-gowland-1\/#main\" data-orig-file=\"https:\/\/www.hoymercedes.com.ar\/principal\/wp-content\/uploads\/2018\/02\/maraton-gowland-1.jpg\" data-orig-size=\"881,588\" data-comments-opened=\"0\" data-image-meta=\"{&quot;aperture&quot;:&quot;0&quot;,&quot;credit&quot;:&quot;&quot;,&quot;camera&quot;:&quot;&quot;,&quot;caption&quot;:&quot;&quot;,&quot;created_timestamp&quot;:&quot;0&quot;,&quot;copyright&quot;:&quot;&quot;,&quot;focal_length&quot;:&quot;0&quot;,&quot;iso&quot;:&quot;0&quot;,&quot;shutter_speed&quot;:&quot;0&quot;,&quot;title&quot;:&quot;&quot;,&quot;orientation&quot;:&quot;0&quot;}\" data-image-title=\"maraton-gowland-1\" data-image-description=\"\" data-image-caption=\"\" data-large-file=\"https:\/\/www.hoymercedes.com.ar\/principal\/wp-content\/uploads\/2018\/02\/maraton-gowland-1.jpg\" class=\"alignnone size-medium wp-image-72995\" src=\"https:\/\/www.hoymercedes.com.ar\/principal\/wp-content\/uploads\/2018\/02\/maraton-gowland-1-630x420.jpg\" alt=\"\" width=\"630\" height=\"420\" srcset=\"https:\/\/www.hoymercedes.com.ar\/principal\/wp-content\/uploads\/2018\/02\/maraton-gowland-1-630x420.jpg 630w, https:\/\/www.hoymercedes.com.ar\/principal\/wp-content\/uploads\/2018\/02\/maraton-gowland-1-150x100.jpg 150w, https:\/\/www.hoymercedes.com.ar\/principal\/wp-content\/uploads\/2018\/02\/maraton-gowland-1.jpg 881w\" sizes=\"auto, (max-width: 630px) 100vw, 630px\" \/> <img loading=\"lazy\" decoding=\"async\" data-attachment-id=\"72994\" data-permalink=\"https:\/\/www.hoymercedes.com.ar\/principal\/2018\/02\/27\/juan-manuel-ortiz-y-veronica-rojas-fueron-los-ganadores-de-la-maraton-de-gowland-galeria-de-fotos\/maraton-gowland-2\/#main\" data-orig-file=\"https:\/\/www.hoymercedes.com.ar\/principal\/wp-content\/uploads\/2018\/02\/maraton-gowland-2.jpg\" data-orig-size=\"881,588\" data-comments-opened=\"0\" data-image-meta=\"{&quot;aperture&quot;:&quot;0&quot;,&quot;credit&quot;:&quot;&quot;,&quot;camera&quot;:&quot;&quot;,&quot;caption&quot;:&quot;&quot;,&quot;created_timestamp&quot;:&quot;0&quot;,&quot;copyright&quot;:&quot;&quot;,&quot;focal_length&quot;:&quot;0&quot;,&quot;iso&quot;:&quot;0&quot;,&quot;shutter_speed&quot;:&quot;0&quot;,&quot;title&quot;:&quot;&quot;,&quot;orientation&quot;:&quot;0&quot;}\" data-image-title=\"maraton-gowland-2\" data-image-description=\"\" data-image-caption=\"\" data-large-file=\"https:\/\/www.hoymercedes.com.ar\/principal\/wp-content\/uploads\/2018\/02\/maraton-gowland-2.jpg\" class=\"alignnone size-medium wp-image-72994\" src=\"https:\/\/www.hoymercedes.com.ar\/principal\/wp-content\/uploads\/2018\/02\/maraton-gowland-2-630x420.jpg\" alt=\"\" width=\"630\" height=\"420\" srcset=\"https:\/\/www.hoymercedes.com.ar\/principal\/wp-content\/uploads\/2018\/02\/maraton-gowland-2-630x420.jpg 630w, https:\/\/www.hoymercedes.com.ar\/principal\/wp-content\/uploads\/2018\/02\/maraton-gowland-2-150x100.jpg 150w, https:\/\/www.hoymercedes.com.ar\/principal\/wp-content\/uploads\/2018\/02\/maraton-gowland-2.jpg 881w\" sizes=\"auto, (max-width: 630px) 100vw, 630px\" \/> <img loading=\"lazy\" decoding=\"async\" data-attachment-id=\"72993\" data-permalink=\"https:\/\/www.hoymercedes.com.ar\/principal\/2018\/02\/27\/juan-manuel-ortiz-y-veronica-rojas-fueron-los-ganadores-de-la-maraton-de-gowland-galeria-de-fotos\/maraton-gowland-a\/#main\" data-orig-file=\"https:\/\/www.hoymercedes.com.ar\/principal\/wp-content\/uploads\/2018\/02\/maraton-gowland-A.jpg\" data-orig-size=\"888,636\" data-comments-opened=\"0\" data-image-meta=\"{&quot;aperture&quot;:&quot;0&quot;,&quot;credit&quot;:&quot;&quot;,&quot;camera&quot;:&quot;&quot;,&quot;caption&quot;:&quot;&quot;,&quot;created_timestamp&quot;:&quot;0&quot;,&quot;copyright&quot;:&quot;&quot;,&quot;focal_length&quot;:&quot;0&quot;,&quot;iso&quot;:&quot;0&quot;,&quot;shutter_speed&quot;:&quot;0&quot;,&quot;title&quot;:&quot;&quot;,&quot;orientation&quot;:&quot;0&quot;}\" data-image-title=\"maraton-gowland-A\" data-image-description=\"\" data-image-caption=\"\" data-large-file=\"https:\/\/www.hoymercedes.com.ar\/principal\/wp-content\/uploads\/2018\/02\/maraton-gowland-A.jpg\" class=\"alignnone size-medium wp-image-72993\" src=\"https:\/\/www.hoymercedes.com.ar\/principal\/wp-content\/uploads\/2018\/02\/maraton-gowland-A-630x451.jpg\" alt=\"\" width=\"630\" height=\"451\" srcset=\"https:\/\/www.hoymercedes.com.ar\/principal\/wp-content\/uploads\/2018\/02\/maraton-gowland-A-630x451.jpg 630w, https:\/\/www.hoymercedes.com.ar\/principal\/wp-content\/uploads\/2018\/02\/maraton-gowland-A-150x107.jpg 150w, https:\/\/www.hoymercedes.com.ar\/principal\/wp-content\/uploads\/2018\/02\/maraton-gowland-A-110x80.jpg 110w, https:\/\/www.hoymercedes.com.ar\/principal\/wp-content\/uploads\/2018\/02\/maraton-gowland-A.jpg 888w\" sizes=\"auto, (max-width: 630px) 100vw, 630px\" \/><\/p>\n<p><img loading=\"lazy\" decoding=\"async\" data-attachment-id=\"72992\" data-permalink=\"https:\/\/www.hoymercedes.com.ar\/principal\/2018\/02\/27\/juan-manuel-ortiz-y-veronica-rojas-fueron-los-ganadores-de-la-maraton-de-gowland-galeria-de-fotos\/maraton-gowland-b\/#main\" data-orig-file=\"https:\/\/www.hoymercedes.com.ar\/principal\/wp-content\/uploads\/2018\/02\/maraton-gowland-B.jpg\" data-orig-size=\"862,588\" data-comments-opened=\"0\" data-image-meta=\"{&quot;aperture&quot;:&quot;0&quot;,&quot;credit&quot;:&quot;&quot;,&quot;camera&quot;:&quot;&quot;,&quot;caption&quot;:&quot;&quot;,&quot;created_timestamp&quot;:&quot;0&quot;,&quot;copyright&quot;:&quot;&quot;,&quot;focal_length&quot;:&quot;0&quot;,&quot;iso&quot;:&quot;0&quot;,&quot;shutter_speed&quot;:&quot;0&quot;,&quot;title&quot;:&quot;&quot;,&quot;orientation&quot;:&quot;0&quot;}\" data-image-title=\"maraton-gowland-B\" data-image-description=\"\" data-image-caption=\"\" data-large-file=\"https:\/\/www.hoymercedes.com.ar\/principal\/wp-content\/uploads\/2018\/02\/maraton-gowland-B.jpg\" class=\"alignnone size-medium wp-image-72992\" src=\"https:\/\/www.hoymercedes.com.ar\/principal\/wp-content\/uploads\/2018\/02\/maraton-gowland-B-630x430.jpg\" alt=\"\" width=\"630\" height=\"430\" srcset=\"https:\/\/www.hoymercedes.com.ar\/principal\/wp-content\/uploads\/2018\/02\/maraton-gowland-B-630x430.jpg 630w, https:\/\/www.hoymercedes.com.ar\/principal\/wp-content\/uploads\/2018\/02\/maraton-gowland-B-150x102.jpg 150w, https:\/\/www.hoymercedes.com.ar\/principal\/wp-content\/uploads\/2018\/02\/maraton-gowland-B.jpg 862w\" sizes=\"auto, (max-width: 630px) 100vw, 630px\" \/> <img loading=\"lazy\" decoding=\"async\" data-attachment-id=\"72991\" data-permalink=\"https:\/\/www.hoymercedes.com.ar\/principal\/2018\/02\/27\/juan-manuel-ortiz-y-veronica-rojas-fueron-los-ganadores-de-la-maraton-de-gowland-galeria-de-fotos\/maraton-gowland-c\/#main\" data-orig-file=\"https:\/\/www.hoymercedes.com.ar\/principal\/wp-content\/uploads\/2018\/02\/maraton-gowland-C.jpg\" data-orig-size=\"881,588\" data-comments-opened=\"0\" data-image-meta=\"{&quot;aperture&quot;:&quot;0&quot;,&quot;credit&quot;:&quot;&quot;,&quot;camera&quot;:&quot;&quot;,&quot;caption&quot;:&quot;&quot;,&quot;created_timestamp&quot;:&quot;0&quot;,&quot;copyright&quot;:&quot;&quot;,&quot;focal_length&quot;:&quot;0&quot;,&quot;iso&quot;:&quot;0&quot;,&quot;shutter_speed&quot;:&quot;0&quot;,&quot;title&quot;:&quot;&quot;,&quot;orientation&quot;:&quot;0&quot;}\" data-image-title=\"maraton-gowland-C\" data-image-description=\"\" data-image-caption=\"\" data-large-file=\"https:\/\/www.hoymercedes.com.ar\/principal\/wp-content\/uploads\/2018\/02\/maraton-gowland-C.jpg\" class=\"alignnone size-medium wp-image-72991\" src=\"https:\/\/www.hoymercedes.com.ar\/principal\/wp-content\/uploads\/2018\/02\/maraton-gowland-C-630x420.jpg\" alt=\"\" width=\"630\" height=\"420\" srcset=\"https:\/\/www.hoymercedes.com.ar\/principal\/wp-content\/uploads\/2018\/02\/maraton-gowland-C-630x420.jpg 630w, https:\/\/www.hoymercedes.com.ar\/principal\/wp-content\/uploads\/2018\/02\/maraton-gowland-C-150x100.jpg 150w, https:\/\/www.hoymercedes.com.ar\/principal\/wp-content\/uploads\/2018\/02\/maraton-gowland-C.jpg 881w\" sizes=\"auto, (max-width: 630px) 100vw, 630px\" \/> <img loading=\"lazy\" decoding=\"async\" data-attachment-id=\"72990\" data-permalink=\"https:\/\/www.hoymercedes.com.ar\/principal\/2018\/02\/27\/juan-manuel-ortiz-y-veronica-rojas-fueron-los-ganadores-de-la-maraton-de-gowland-galeria-de-fotos\/maraton-gowland-d1\/#main\" data-orig-file=\"https:\/\/www.hoymercedes.com.ar\/principal\/wp-content\/uploads\/2018\/02\/maraton-gowland-D1.jpg\" data-orig-size=\"881,588\" data-comments-opened=\"0\" data-image-meta=\"{&quot;aperture&quot;:&quot;0&quot;,&quot;credit&quot;:&quot;&quot;,&quot;camera&quot;:&quot;&quot;,&quot;caption&quot;:&quot;&quot;,&quot;created_timestamp&quot;:&quot;0&quot;,&quot;copyright&quot;:&quot;&quot;,&quot;focal_length&quot;:&quot;0&quot;,&quot;iso&quot;:&quot;0&quot;,&quot;shutter_speed&quot;:&quot;0&quot;,&quot;title&quot;:&quot;&quot;,&quot;orientation&quot;:&quot;0&quot;}\" data-image-title=\"maraton-gowland-D1\" data-image-description=\"\" data-image-caption=\"\" data-large-file=\"https:\/\/www.hoymercedes.com.ar\/principal\/wp-content\/uploads\/2018\/02\/maraton-gowland-D1.jpg\" class=\"alignnone size-medium wp-image-72990\" src=\"https:\/\/www.hoymercedes.com.ar\/principal\/wp-content\/uploads\/2018\/02\/maraton-gowland-D1-630x420.jpg\" alt=\"\" width=\"630\" height=\"420\" srcset=\"https:\/\/www.hoymercedes.com.ar\/principal\/wp-content\/uploads\/2018\/02\/maraton-gowland-D1-630x420.jpg 630w, https:\/\/www.hoymercedes.com.ar\/principal\/wp-content\/uploads\/2018\/02\/maraton-gowland-D1-150x100.jpg 150w, https:\/\/www.hoymercedes.com.ar\/principal\/wp-content\/uploads\/2018\/02\/maraton-gowland-D1.jpg 881w\" sizes=\"auto, (max-width: 630px) 100vw, 630px\" \/><\/p>\n<p><img loading=\"lazy\" decoding=\"async\" data-attachment-id=\"72989\" data-permalink=\"https:\/\/www.hoymercedes.com.ar\/principal\/2018\/02\/27\/juan-manuel-ortiz-y-veronica-rojas-fueron-los-ganadores-de-la-maraton-de-gowland-galeria-de-fotos\/maraton-gowland-d2\/#main\" data-orig-file=\"https:\/\/www.hoymercedes.com.ar\/principal\/wp-content\/uploads\/2018\/02\/maraton-gowland-D2.jpg\" data-orig-size=\"1069,587\" data-comments-opened=\"0\" data-image-meta=\"{&quot;aperture&quot;:&quot;0&quot;,&quot;credit&quot;:&quot;&quot;,&quot;camera&quot;:&quot;&quot;,&quot;caption&quot;:&quot;&quot;,&quot;created_timestamp&quot;:&quot;0&quot;,&quot;copyright&quot;:&quot;&quot;,&quot;focal_length&quot;:&quot;0&quot;,&quot;iso&quot;:&quot;0&quot;,&quot;shutter_speed&quot;:&quot;0&quot;,&quot;title&quot;:&quot;&quot;,&quot;orientation&quot;:&quot;0&quot;}\" data-image-title=\"maraton-gowland-D2\" data-image-description=\"\" data-image-caption=\"\" data-large-file=\"https:\/\/www.hoymercedes.com.ar\/principal\/wp-content\/uploads\/2018\/02\/maraton-gowland-D2-1024x562.jpg\" class=\"alignnone size-medium wp-image-72989\" src=\"https:\/\/www.hoymercedes.com.ar\/principal\/wp-content\/uploads\/2018\/02\/maraton-gowland-D2-630x346.jpg\" alt=\"\" width=\"630\" height=\"346\" srcset=\"https:\/\/www.hoymercedes.com.ar\/principal\/wp-content\/uploads\/2018\/02\/maraton-gowland-D2-630x346.jpg 630w, https:\/\/www.hoymercedes.com.ar\/principal\/wp-content\/uploads\/2018\/02\/maraton-gowland-D2-150x82.jpg 150w, https:\/\/www.hoymercedes.com.ar\/principal\/wp-content\/uploads\/2018\/02\/maraton-gowland-D2-1024x562.jpg 1024w, https:\/\/www.hoymercedes.com.ar\/principal\/wp-content\/uploads\/2018\/02\/maraton-gowland-D2.jpg 1069w\" sizes=\"auto, (max-width: 630px) 100vw, 630px\" \/> <img loading=\"lazy\" decoding=\"async\" data-attachment-id=\"72988\" data-permalink=\"https:\/\/www.hoymercedes.com.ar\/principal\/2018\/02\/27\/juan-manuel-ortiz-y-veronica-rojas-fueron-los-ganadores-de-la-maraton-de-gowland-galeria-de-fotos\/maraton-gowland-e\/#main\" data-orig-file=\"https:\/\/www.hoymercedes.com.ar\/principal\/wp-content\/uploads\/2018\/02\/maraton-gowland-E.jpg\" data-orig-size=\"881,588\" data-comments-opened=\"0\" data-image-meta=\"{&quot;aperture&quot;:&quot;0&quot;,&quot;credit&quot;:&quot;&quot;,&quot;camera&quot;:&quot;&quot;,&quot;caption&quot;:&quot;&quot;,&quot;created_timestamp&quot;:&quot;0&quot;,&quot;copyright&quot;:&quot;&quot;,&quot;focal_length&quot;:&quot;0&quot;,&quot;iso&quot;:&quot;0&quot;,&quot;shutter_speed&quot;:&quot;0&quot;,&quot;title&quot;:&quot;&quot;,&quot;orientation&quot;:&quot;0&quot;}\" data-image-title=\"maraton-gowland-E\" data-image-description=\"\" data-image-caption=\"\" data-large-file=\"https:\/\/www.hoymercedes.com.ar\/principal\/wp-content\/uploads\/2018\/02\/maraton-gowland-E.jpg\" class=\"alignnone size-medium wp-image-72988\" src=\"https:\/\/www.hoymercedes.com.ar\/principal\/wp-content\/uploads\/2018\/02\/maraton-gowland-E-630x420.jpg\" alt=\"\" width=\"630\" height=\"420\" srcset=\"https:\/\/www.hoymercedes.com.ar\/principal\/wp-content\/uploads\/2018\/02\/maraton-gowland-E-630x420.jpg 630w, https:\/\/www.hoymercedes.com.ar\/principal\/wp-content\/uploads\/2018\/02\/maraton-gowland-E-150x100.jpg 150w, https:\/\/www.hoymercedes.com.ar\/principal\/wp-content\/uploads\/2018\/02\/maraton-gowland-E.jpg 881w\" sizes=\"auto, (max-width: 630px) 100vw, 630px\" \/> <img loading=\"lazy\" decoding=\"async\" data-attachment-id=\"72987\" data-permalink=\"https:\/\/www.hoymercedes.com.ar\/principal\/2018\/02\/27\/juan-manuel-ortiz-y-veronica-rojas-fueron-los-ganadores-de-la-maraton-de-gowland-galeria-de-fotos\/maraton-gowland-f\/#main\" data-orig-file=\"https:\/\/www.hoymercedes.com.ar\/principal\/wp-content\/uploads\/2018\/02\/maraton-gowland-F.jpg\" data-orig-size=\"1156,587\" data-comments-opened=\"0\" data-image-meta=\"{&quot;aperture&quot;:&quot;0&quot;,&quot;credit&quot;:&quot;&quot;,&quot;camera&quot;:&quot;&quot;,&quot;caption&quot;:&quot;&quot;,&quot;created_timestamp&quot;:&quot;0&quot;,&quot;copyright&quot;:&quot;&quot;,&quot;focal_length&quot;:&quot;0&quot;,&quot;iso&quot;:&quot;0&quot;,&quot;shutter_speed&quot;:&quot;0&quot;,&quot;title&quot;:&quot;&quot;,&quot;orientation&quot;:&quot;0&quot;}\" data-image-title=\"maraton-gowland-F\" data-image-description=\"\" data-image-caption=\"\" data-large-file=\"https:\/\/www.hoymercedes.com.ar\/principal\/wp-content\/uploads\/2018\/02\/maraton-gowland-F-1024x520.jpg\" class=\"alignnone size-medium wp-image-72987\" src=\"https:\/\/www.hoymercedes.com.ar\/principal\/wp-content\/uploads\/2018\/02\/maraton-gowland-F-630x320.jpg\" alt=\"\" width=\"630\" height=\"320\" srcset=\"https:\/\/www.hoymercedes.com.ar\/principal\/wp-content\/uploads\/2018\/02\/maraton-gowland-F-630x320.jpg 630w, https:\/\/www.hoymercedes.com.ar\/principal\/wp-content\/uploads\/2018\/02\/maraton-gowland-F-150x76.jpg 150w, https:\/\/www.hoymercedes.com.ar\/principal\/wp-content\/uploads\/2018\/02\/maraton-gowland-F-1024x520.jpg 1024w, https:\/\/www.hoymercedes.com.ar\/principal\/wp-content\/uploads\/2018\/02\/maraton-gowland-F.jpg 1156w\" sizes=\"auto, (max-width: 630px) 100vw, 630px\" \/><\/p>\n<p><img loading=\"lazy\" decoding=\"async\" data-attachment-id=\"72986\" data-permalink=\"https:\/\/www.hoymercedes.com.ar\/principal\/2018\/02\/27\/juan-manuel-ortiz-y-veronica-rojas-fueron-los-ganadores-de-la-maraton-de-gowland-galeria-de-fotos\/maraton-gowland-g\/#main\" data-orig-file=\"https:\/\/www.hoymercedes.com.ar\/principal\/wp-content\/uploads\/2018\/02\/maraton-gowland-G.jpg\" data-orig-size=\"881,588\" data-comments-opened=\"0\" data-image-meta=\"{&quot;aperture&quot;:&quot;0&quot;,&quot;credit&quot;:&quot;&quot;,&quot;camera&quot;:&quot;&quot;,&quot;caption&quot;:&quot;&quot;,&quot;created_timestamp&quot;:&quot;0&quot;,&quot;copyright&quot;:&quot;&quot;,&quot;focal_length&quot;:&quot;0&quot;,&quot;iso&quot;:&quot;0&quot;,&quot;shutter_speed&quot;:&quot;0&quot;,&quot;title&quot;:&quot;&quot;,&quot;orientation&quot;:&quot;0&quot;}\" data-image-title=\"maraton-gowland-G\" data-image-description=\"\" data-image-caption=\"\" data-large-file=\"https:\/\/www.hoymercedes.com.ar\/principal\/wp-content\/uploads\/2018\/02\/maraton-gowland-G.jpg\" class=\"alignnone size-medium wp-image-72986\" src=\"https:\/\/www.hoymercedes.com.ar\/principal\/wp-content\/uploads\/2018\/02\/maraton-gowland-G-630x420.jpg\" alt=\"\" width=\"630\" height=\"420\" srcset=\"https:\/\/www.hoymercedes.com.ar\/principal\/wp-content\/uploads\/2018\/02\/maraton-gowland-G-630x420.jpg 630w, https:\/\/www.hoymercedes.com.ar\/principal\/wp-content\/uploads\/2018\/02\/maraton-gowland-G-150x100.jpg 150w, https:\/\/www.hoymercedes.com.ar\/principal\/wp-content\/uploads\/2018\/02\/maraton-gowland-G.jpg 881w\" sizes=\"auto, (max-width: 630px) 100vw, 630px\" \/> <img loading=\"lazy\" decoding=\"async\" data-attachment-id=\"72984\" data-permalink=\"https:\/\/www.hoymercedes.com.ar\/principal\/2018\/02\/27\/juan-manuel-ortiz-y-veronica-rojas-fueron-los-ganadores-de-la-maraton-de-gowland-galeria-de-fotos\/maraton-gowland-j\/#main\" data-orig-file=\"https:\/\/www.hoymercedes.com.ar\/principal\/wp-content\/uploads\/2018\/02\/maraton-gowland-j.jpg\" data-orig-size=\"436,291\" data-comments-opened=\"0\" data-image-meta=\"{&quot;aperture&quot;:&quot;0&quot;,&quot;credit&quot;:&quot;&quot;,&quot;camera&quot;:&quot;&quot;,&quot;caption&quot;:&quot;&quot;,&quot;created_timestamp&quot;:&quot;0&quot;,&quot;copyright&quot;:&quot;&quot;,&quot;focal_length&quot;:&quot;0&quot;,&quot;iso&quot;:&quot;0&quot;,&quot;shutter_speed&quot;:&quot;0&quot;,&quot;title&quot;:&quot;&quot;,&quot;orientation&quot;:&quot;0&quot;}\" data-image-title=\"maraton-gowland-j\" data-image-description=\"\" data-image-caption=\"\" data-large-file=\"https:\/\/www.hoymercedes.com.ar\/principal\/wp-content\/uploads\/2018\/02\/maraton-gowland-j.jpg\" class=\"alignnone size-full wp-image-72984\" src=\"https:\/\/www.hoymercedes.com.ar\/principal\/wp-content\/uploads\/2018\/02\/maraton-gowland-j.jpg\" alt=\"\" width=\"436\" height=\"291\" srcset=\"https:\/\/www.hoymercedes.com.ar\/principal\/wp-content\/uploads\/2018\/02\/maraton-gowland-j.jpg 436w, https:\/\/www.hoymercedes.com.ar\/principal\/wp-content\/uploads\/2018\/02\/maraton-gowland-j-150x100.jpg 150w\" sizes=\"auto, (max-width: 436px) 100vw, 436px\" \/> <img loading=\"lazy\" decoding=\"async\" data-attachment-id=\"72985\" data-permalink=\"https:\/\/www.hoymercedes.com.ar\/principal\/2018\/02\/27\/juan-manuel-ortiz-y-veronica-rojas-fueron-los-ganadores-de-la-maraton-de-gowland-galeria-de-fotos\/maraton-gowland-h\/#main\" data-orig-file=\"https:\/\/www.hoymercedes.com.ar\/principal\/wp-content\/uploads\/2018\/02\/maraton-gowland-h.jpg\" data-orig-size=\"881,588\" data-comments-opened=\"0\" data-image-meta=\"{&quot;aperture&quot;:&quot;0&quot;,&quot;credit&quot;:&quot;&quot;,&quot;camera&quot;:&quot;&quot;,&quot;caption&quot;:&quot;&quot;,&quot;created_timestamp&quot;:&quot;0&quot;,&quot;copyright&quot;:&quot;&quot;,&quot;focal_length&quot;:&quot;0&quot;,&quot;iso&quot;:&quot;0&quot;,&quot;shutter_speed&quot;:&quot;0&quot;,&quot;title&quot;:&quot;&quot;,&quot;orientation&quot;:&quot;0&quot;}\" data-image-title=\"maraton-gowland-h\" data-image-description=\"\" data-image-caption=\"\" data-large-file=\"https:\/\/www.hoymercedes.com.ar\/principal\/wp-content\/uploads\/2018\/02\/maraton-gowland-h.jpg\" class=\"alignnone size-medium wp-image-72985\" src=\"https:\/\/www.hoymercedes.com.ar\/principal\/wp-content\/uploads\/2018\/02\/maraton-gowland-h-630x420.jpg\" alt=\"\" width=\"630\" height=\"420\" srcset=\"https:\/\/www.hoymercedes.com.ar\/principal\/wp-content\/uploads\/2018\/02\/maraton-gowland-h-630x420.jpg 630w, https:\/\/www.hoymercedes.com.ar\/principal\/wp-content\/uploads\/2018\/02\/maraton-gowland-h-150x100.jpg 150w, https:\/\/www.hoymercedes.com.ar\/principal\/wp-content\/uploads\/2018\/02\/maraton-gowland-h.jpg 881w\" sizes=\"auto, (max-width: 630px) 100vw, 630px\" \/><\/p>\n","protected":false},"excerpt":{"rendered":"<p>Una nueva gran edici\u00f3n de la \u201cMarat\u00f3n localidad de Gowland\u201d se llev\u00f3 a cabo durante la jornada del pasado s\u00e1bado &#8230; <a title=\"Juan Manuel Ort\u00edz y Ver\u00f3nica Rojas fueron los ganadores de la Marat\u00f3n de Gowland (galer\u00eda de fotos)\" class=\"read-more\" href=\"https:\/\/www.hoymercedes.com.ar\/principal\/2018\/02\/27\/juan-manuel-ortiz-y-veronica-rojas-fueron-los-ganadores-de-la-maraton-de-gowland-galeria-de-fotos\/\" aria-label=\"Leer m\u00e1s sobre Juan Manuel Ort\u00edz y Ver\u00f3nica Rojas fueron los ganadores de la Marat\u00f3n de Gowland (galer\u00eda de fotos)\">Leer m\u00e1s<\/a><\/p>\n","protected":false},"author":1,"featured_media":72992,"comment_status":"closed","ping_status":"open","sticky":false,"template":"","format":"standard","meta":{"_monsterinsights_skip_tracking":false,"_monsterinsights_sitenote_active":false,"_monsterinsights_sitenote_note":"","_monsterinsights_sitenote_category":0,"jetpack_post_was_ever_published":false,"_jetpack_newsletter_access":"","_jetpack_dont_email_post_to_subs":false,"_jetpack_newsletter_tier_id":0,"_jetpack_memberships_contains_paywalled_content":false,"_jetpack_memberships_contains_paid_content":false,"footnotes":"","jetpack_publicize_message":"","jetpack_publicize_feature_enabled":true,"jetpack_social_post_already_shared":true,"jetpack_social_options":{"image_generator_settings":{"template":"highway","default_image_id":0,"font":"","enabled":false},"version":2},"_wpas_customize_per_network":false},"categories":[21],"tags":[803,204,12704,10,12705],"class_list":["post-72983","post","type-post","status-publish","format-standard","has-post-thumbnail","hentry","category-deportes","tag-atletismo","tag-deportes-2","tag-juan-manuel-ortiz","tag-mercedes","tag-veronica-rojas","generate-columns","tablet-grid-50","mobile-grid-100","grid-parent","grid-50"],"jetpack_publicize_connections":[],"jetpack_featured_media_url":"https:\/\/www.hoymercedes.com.ar\/principal\/wp-content\/uploads\/2018\/02\/maraton-gowland-B.jpg","wps_subtitle":"Atletismo","jetpack_sharing_enabled":true,"_links":{"self":[{"href":"https:\/\/www.hoymercedes.com.ar\/principal\/wp-json\/wp\/v2\/posts\/72983","targetHints":{"allow":["GET"]}}],"collection":[{"href":"https:\/\/www.hoymercedes.com.ar\/principal\/wp-json\/wp\/v2\/posts"}],"about":[{"href":"https:\/\/www.hoymercedes.com.ar\/principal\/wp-json\/wp\/v2\/types\/post"}],"author":[{"embeddable":true,"href":"https:\/\/www.hoymercedes.com.ar\/principal\/wp-json\/wp\/v2\/users\/1"}],"replies":[{"embeddable":true,"href":"https:\/\/www.hoymercedes.com.ar\/principal\/wp-json\/wp\/v2\/comments?post=72983"}],"version-history":[{"count":0,"href":"https:\/\/www.hoymercedes.com.ar\/principal\/wp-json\/wp\/v2\/posts\/72983\/revisions"}],"wp:featuredmedia":[{"embeddable":true,"href":"https:\/\/www.hoymercedes.com.ar\/principal\/wp-json\/wp\/v2\/media\/72992"}],"wp:attachment":[{"href":"https:\/\/www.hoymercedes.com.ar\/principal\/wp-json\/wp\/v2\/media?parent=72983"}],"wp:term":[{"taxonomy":"category","embeddable":true,"href":"https:\/\/www.hoymercedes.com.ar\/principal\/wp-json\/wp\/v2\/categories?post=72983"},{"taxonomy":"post_tag","embeddable":true,"href":"https:\/\/www.hoymercedes.com.ar\/principal\/wp-json\/wp\/v2\/tags?post=72983"}],"curies":[{"name":"wp","href":"https:\/\/api.w.org\/{rel}","templated":true}]}}