{"id":73042,"date":"2018-02-28T10:06:36","date_gmt":"2018-02-28T13:06:36","guid":{"rendered":"http:\/\/www.hoymercedes.com.ar\/principal\/?p=73042"},"modified":"2018-02-28T13:37:56","modified_gmt":"2018-02-28T16:37:56","slug":"multitudinario-encuentro-de-vecinos-en-gowland-en-reclamo-por-inseguridad","status":"publish","type":"post","link":"https:\/\/www.hoymercedes.com.ar\/principal\/2018\/02\/28\/multitudinario-encuentro-de-vecinos-en-gowland-en-reclamo-por-inseguridad\/","title":{"rendered":"Multitudinario encuentro de vecinos en Gowland en reclamo por inseguridad"},"content":{"rendered":"<p><img loading=\"lazy\" decoding=\"async\" data-attachment-id=\"73045\" data-permalink=\"https:\/\/www.hoymercedes.com.ar\/principal\/2018\/02\/28\/multitudinario-encuentro-de-vecinos-en-gowland-en-reclamo-por-inseguridad\/movidagow-3\/#main\" data-orig-file=\"https:\/\/www.hoymercedes.com.ar\/principal\/wp-content\/uploads\/2018\/02\/movidagow-3.jpg\" data-orig-size=\"800,450\" data-comments-opened=\"0\" data-image-meta=\"{&quot;aperture&quot;:&quot;1.9&quot;,&quot;credit&quot;:&quot;&quot;,&quot;camera&quot;:&quot;SM-G610M&quot;,&quot;caption&quot;:&quot;&quot;,&quot;created_timestamp&quot;:&quot;1519759700&quot;,&quot;copyright&quot;:&quot;&quot;,&quot;focal_length&quot;:&quot;3.6&quot;,&quot;iso&quot;:&quot;320&quot;,&quot;shutter_speed&quot;:&quot;0.058823529411765&quot;,&quot;title&quot;:&quot;&quot;,&quot;orientation&quot;:&quot;1&quot;}\" data-image-title=\"movidagow (3)\" data-image-description=\"\" data-image-caption=\"\" data-large-file=\"https:\/\/www.hoymercedes.com.ar\/principal\/wp-content\/uploads\/2018\/02\/movidagow-3.jpg\" class=\"aligncenter size-medium wp-image-73045\" src=\"https:\/\/www.hoymercedes.com.ar\/principal\/wp-content\/uploads\/2018\/02\/movidagow-3-630x354.jpg\" alt=\"\" width=\"630\" height=\"354\" srcset=\"https:\/\/www.hoymercedes.com.ar\/principal\/wp-content\/uploads\/2018\/02\/movidagow-3-630x354.jpg 630w, https:\/\/www.hoymercedes.com.ar\/principal\/wp-content\/uploads\/2018\/02\/movidagow-3-150x84.jpg 150w, https:\/\/www.hoymercedes.com.ar\/principal\/wp-content\/uploads\/2018\/02\/movidagow-3.jpg 800w\" sizes=\"auto, (max-width: 630px) 100vw, 630px\" \/>Un significativo grupo de vecinos de las localidades de Gowland, Agote y Altamira se movilizaron el d\u00eda lunes ante un grave hecho de inseguridad en la zona: un robo y ataque a un vecino octagenario que conmovi\u00f3 a todos. Se organiz\u00f3 una pueblada en reclamo de la presencia de autoridades para que den respuesta en materia de seguridad en la zona.<\/p>\n<p>Es as\u00ed que el d\u00eda de ayer se logr\u00f3 el cometido y se realiz\u00f3 una reuni\u00f3n en la sede de la Sociedad de Fomento de Gowland &#8211; Agote, en calle 511 entre 504 y 506. All\u00ed concurrieron el intendente interino, Mat\u00edas Dematei, la subsecretaria de Seguridad, Clara Zunino, el director de Seguridad Esteban Rossi, el jefe de la polic\u00eda comunal, Sergio Macedo, el subcomisario Del Porto y dem\u00e1s funcionarios policiales de la zona. Ellos debieron hacer frente a los reclamos presentados por m\u00e1s de 200 vecinos que se hicieron presentes en el lugar, y que en muchos casos quedaron fuera de las instalaciones pero atentos a lo que se trataba en el lugar.<\/p>\n<p>Se plante\u00f3 la problem\u00e1tica de la inseguridad, se solicit\u00f3 m\u00e1s presencia policial y se reclam\u00f3 por los hechos de seguridad ocurridos en las localidades en el \u00faltimo tiempo.<\/p>\n<p>Desde la comuna, se inform\u00f3 que en la jornada de hoy comenzar\u00e1n las actividades para la instalaci\u00f3n de dos c\u00e1maras de seguridad en los ingresos a Gowland desde la ruta nacional N\u00b0 5 y que las mismas podr\u00edan ampliarse a otros sectores seg\u00fan la demanda vecinal. Tambi\u00e9n se dispuso un patrullero m\u00e1s y dos motos para los agentes de la Polic\u00eda Local que se encuentran trabajando en las localidades. Tambi\u00e9n se inform\u00f3 que se est\u00e1 trabajando para elevar el rango del Destacamento Policial a Subcomisar\u00eda y otras series de medidas. Las mismas son parte de un plan de acci\u00f3n previsto para la zona, cuyos detalles se dar\u00e1n a conocer &#8211; sumado a otras acciones ante la demanda vecinal &#8211; que se dar\u00e1 a conocer completo a los vecinos en un nuevo encuentro pautado para dentro de veinte d\u00edas.<br \/>\nLos vecinos se retiraron del lugar expectantes y manifestaron que aguardan una efectiva y real respuesta, como as\u00ed tambi\u00e9n el esclarecimiento del hecho delictivo ocurrido al vecino Balmaceda.<\/p>\n<p><img loading=\"lazy\" decoding=\"async\" data-attachment-id=\"73044\" data-permalink=\"https:\/\/www.hoymercedes.com.ar\/principal\/2018\/02\/28\/multitudinario-encuentro-de-vecinos-en-gowland-en-reclamo-por-inseguridad\/movidagow-2\/#main\" data-orig-file=\"https:\/\/www.hoymercedes.com.ar\/principal\/wp-content\/uploads\/2018\/02\/movidagow-2.jpg\" data-orig-size=\"800,450\" data-comments-opened=\"0\" data-image-meta=\"{&quot;aperture&quot;:&quot;1.9&quot;,&quot;credit&quot;:&quot;&quot;,&quot;camera&quot;:&quot;SM-G610M&quot;,&quot;caption&quot;:&quot;&quot;,&quot;created_timestamp&quot;:&quot;1519759646&quot;,&quot;copyright&quot;:&quot;&quot;,&quot;focal_length&quot;:&quot;3.6&quot;,&quot;iso&quot;:&quot;400&quot;,&quot;shutter_speed&quot;:&quot;0.058823529411765&quot;,&quot;title&quot;:&quot;&quot;,&quot;orientation&quot;:&quot;1&quot;}\" data-image-title=\"movidagow (2)\" data-image-description=\"\" data-image-caption=\"\" data-large-file=\"https:\/\/www.hoymercedes.com.ar\/principal\/wp-content\/uploads\/2018\/02\/movidagow-2.jpg\" class=\"aligncenter size-medium wp-image-73044\" src=\"https:\/\/www.hoymercedes.com.ar\/principal\/wp-content\/uploads\/2018\/02\/movidagow-2-630x354.jpg\" alt=\"\" width=\"630\" height=\"354\" srcset=\"https:\/\/www.hoymercedes.com.ar\/principal\/wp-content\/uploads\/2018\/02\/movidagow-2-630x354.jpg 630w, https:\/\/www.hoymercedes.com.ar\/principal\/wp-content\/uploads\/2018\/02\/movidagow-2-150x84.jpg 150w, https:\/\/www.hoymercedes.com.ar\/principal\/wp-content\/uploads\/2018\/02\/movidagow-2.jpg 800w\" sizes=\"auto, (max-width: 630px) 100vw, 630px\" \/><\/p>\n","protected":false},"excerpt":{"rendered":"<p>Un significativo grupo de vecinos de las localidades de Gowland, Agote y Altamira se movilizaron el d\u00eda lunes ante un &#8230; <a title=\"Multitudinario encuentro de vecinos en Gowland en reclamo por inseguridad\" class=\"read-more\" href=\"https:\/\/www.hoymercedes.com.ar\/principal\/2018\/02\/28\/multitudinario-encuentro-de-vecinos-en-gowland-en-reclamo-por-inseguridad\/\" aria-label=\"Leer m\u00e1s sobre Multitudinario encuentro de vecinos en Gowland en reclamo por inseguridad\">Leer m\u00e1s<\/a><\/p>\n","protected":false},"author":1,"featured_media":73043,"comment_status":"closed","ping_status":"open","sticky":false,"template":"","format":"standard","meta":{"_monsterinsights_skip_tracking":false,"_monsterinsights_sitenote_active":false,"_monsterinsights_sitenote_note":"","_monsterinsights_sitenote_category":0,"jetpack_post_was_ever_published":false,"_jetpack_newsletter_access":"","_jetpack_dont_email_post_to_subs":false,"_jetpack_newsletter_tier_id":0,"_jetpack_memberships_contains_paywalled_content":false,"_jetpack_memberships_contains_paid_content":false,"footnotes":"","jetpack_publicize_message":"","jetpack_publicize_feature_enabled":true,"jetpack_social_post_already_shared":true,"jetpack_social_options":{"image_generator_settings":{"template":"highway","default_image_id":0,"font":"","enabled":false},"version":2},"_wpas_customize_per_network":false},"categories":[85],"tags":[875,10,802,10502,9036],"class_list":["post-73042","post","type-post","status-publish","format-standard","has-post-thumbnail","hentry","category-policial","tag-gowland","tag-mercedes","tag-seguridad","tag-social","tag-vecinos","generate-columns","tablet-grid-50","mobile-grid-100","grid-parent","grid-50"],"jetpack_publicize_connections":[],"jetpack_featured_media_url":"https:\/\/www.hoymercedes.com.ar\/principal\/wp-content\/uploads\/2018\/02\/movidagow-1.jpg","wps_subtitle":"Ayer por la tarde","jetpack_sharing_enabled":true,"_links":{"self":[{"href":"https:\/\/www.hoymercedes.com.ar\/principal\/wp-json\/wp\/v2\/posts\/73042","targetHints":{"allow":["GET"]}}],"collection":[{"href":"https:\/\/www.hoymercedes.com.ar\/principal\/wp-json\/wp\/v2\/posts"}],"about":[{"href":"https:\/\/www.hoymercedes.com.ar\/principal\/wp-json\/wp\/v2\/types\/post"}],"author":[{"embeddable":true,"href":"https:\/\/www.hoymercedes.com.ar\/principal\/wp-json\/wp\/v2\/users\/1"}],"replies":[{"embeddable":true,"href":"https:\/\/www.hoymercedes.com.ar\/principal\/wp-json\/wp\/v2\/comments?post=73042"}],"version-history":[{"count":0,"href":"https:\/\/www.hoymercedes.com.ar\/principal\/wp-json\/wp\/v2\/posts\/73042\/revisions"}],"wp:featuredmedia":[{"embeddable":true,"href":"https:\/\/www.hoymercedes.com.ar\/principal\/wp-json\/wp\/v2\/media\/73043"}],"wp:attachment":[{"href":"https:\/\/www.hoymercedes.com.ar\/principal\/wp-json\/wp\/v2\/media?parent=73042"}],"wp:term":[{"taxonomy":"category","embeddable":true,"href":"https:\/\/www.hoymercedes.com.ar\/principal\/wp-json\/wp\/v2\/categories?post=73042"},{"taxonomy":"post_tag","embeddable":true,"href":"https:\/\/www.hoymercedes.com.ar\/principal\/wp-json\/wp\/v2\/tags?post=73042"}],"curies":[{"name":"wp","href":"https:\/\/api.w.org\/{rel}","templated":true}]}}