{"id":73075,"date":"2018-02-28T21:20:17","date_gmt":"2018-03-01T00:20:17","guid":{"rendered":"http:\/\/www.hoymercedes.com.ar\/principal\/?p=73075"},"modified":"2018-03-01T09:15:40","modified_gmt":"2018-03-01T12:15:40","slug":"intervencion-del-cpr-mercedes-ante-la-emergencia-por-la-tormenta","status":"publish","type":"post","link":"https:\/\/www.hoymercedes.com.ar\/principal\/2018\/02\/28\/intervencion-del-cpr-mercedes-ante-la-emergencia-por-la-tormenta\/","title":{"rendered":"Intervenci\u00f3n del CPR Mercedes ante la emergencia por la tormenta"},"content":{"rendered":"<figure id=\"attachment_73078\" aria-describedby=\"caption-attachment-73078\" style=\"width: 620px\" class=\"wp-caption aligncenter\"><img loading=\"lazy\" decoding=\"async\" data-attachment-id=\"73078\" data-permalink=\"https:\/\/www.hoymercedes.com.ar\/principal\/2018\/02\/28\/intervencion-del-cpr-mercedes-ante-la-emergencia-por-la-tormenta\/cpr-apoyo\/#main\" data-orig-file=\"https:\/\/www.hoymercedes.com.ar\/principal\/wp-content\/uploads\/2018\/02\/cpr-apoyo.jpg\" data-orig-size=\"640,480\" data-comments-opened=\"0\" data-image-meta=\"{&quot;aperture&quot;:&quot;0&quot;,&quot;credit&quot;:&quot;&quot;,&quot;camera&quot;:&quot;&quot;,&quot;caption&quot;:&quot;&quot;,&quot;created_timestamp&quot;:&quot;0&quot;,&quot;copyright&quot;:&quot;&quot;,&quot;focal_length&quot;:&quot;0&quot;,&quot;iso&quot;:&quot;0&quot;,&quot;shutter_speed&quot;:&quot;0&quot;,&quot;title&quot;:&quot;&quot;,&quot;orientation&quot;:&quot;0&quot;}\" data-image-title=\"cpr-apoyo\" data-image-description=\"\" data-image-caption=\"&lt;p&gt;Comando de la Patrulla Local&lt;\/p&gt;\n\" data-large-file=\"https:\/\/www.hoymercedes.com.ar\/principal\/wp-content\/uploads\/2018\/02\/cpr-apoyo.jpg\" class=\"size-medium wp-image-73078\" src=\"https:\/\/www.hoymercedes.com.ar\/principal\/wp-content\/uploads\/2018\/02\/cpr-apoyo-630x473.jpg\" alt=\"\" width=\"630\" height=\"473\" srcset=\"https:\/\/www.hoymercedes.com.ar\/principal\/wp-content\/uploads\/2018\/02\/cpr-apoyo-630x473.jpg 630w, https:\/\/www.hoymercedes.com.ar\/principal\/wp-content\/uploads\/2018\/02\/cpr-apoyo-150x113.jpg 150w, https:\/\/www.hoymercedes.com.ar\/principal\/wp-content\/uploads\/2018\/02\/cpr-apoyo.jpg 640w\" sizes=\"auto, (max-width: 630px) 100vw, 630px\" \/><figcaption id=\"caption-attachment-73078\" class=\"wp-caption-text\">Comando de la Patrulla Rural<\/figcaption><\/figure>\n<p>En la jornada de hoy, debido a las inclemencias clim\u00e1ticas (lluvia y fuertes r\u00e1fagas de vientos) personal del CPR Mercedes acudi\u00f3 a calle 47 entre 116 y 118 donde se produjo la voladura de techos de viviendas y tapiales, con el fin de colaborar\u00e1 con los vecinos del lugar. No se registraron personas heridas, solo da\u00f1os materiales.<\/p>\n<p>Tambi\u00e9n se dio cuenta de que se hizo presente en el lugar personal de acci\u00f3n social municipal.<\/p>\n<p>&nbsp;<\/p>\n<p>&nbsp;<\/p>\n","protected":false},"excerpt":{"rendered":"<p>En la jornada de hoy, debido a las inclemencias clim\u00e1ticas (lluvia y fuertes r\u00e1fagas de vientos) personal del CPR Mercedes &#8230; <a title=\"Intervenci\u00f3n del CPR Mercedes ante la emergencia por la tormenta\" class=\"read-more\" href=\"https:\/\/www.hoymercedes.com.ar\/principal\/2018\/02\/28\/intervencion-del-cpr-mercedes-ante-la-emergencia-por-la-tormenta\/\" aria-label=\"Leer m\u00e1s sobre Intervenci\u00f3n del CPR Mercedes ante la emergencia por la tormenta\">Leer m\u00e1s<\/a><\/p>\n","protected":false},"author":1,"featured_media":0,"comment_status":"closed","ping_status":"open","sticky":false,"template":"","format":"standard","meta":{"_monsterinsights_skip_tracking":false,"_monsterinsights_sitenote_active":false,"_monsterinsights_sitenote_note":"","_monsterinsights_sitenote_category":0,"jetpack_post_was_ever_published":false,"_jetpack_newsletter_access":"","_jetpack_dont_email_post_to_subs":false,"_jetpack_newsletter_tier_id":0,"_jetpack_memberships_contains_paywalled_content":false,"_jetpack_memberships_contains_paid_content":false,"footnotes":"","jetpack_publicize_message":"","jetpack_publicize_feature_enabled":true,"jetpack_social_post_already_shared":true,"jetpack_social_options":{"image_generator_settings":{"template":"highway","default_image_id":0,"font":"","enabled":false},"version":2},"_wpas_customize_per_network":false},"categories":[85],"tags":[10,12557,96],"class_list":["post-73075","post","type-post","status-publish","format-standard","hentry","category-policial","tag-mercedes","tag-patrulla-rural","tag-policial-2","generate-columns","tablet-grid-50","mobile-grid-100","grid-parent","grid-50"],"jetpack_publicize_connections":[],"jetpack_featured_media_url":"","wps_subtitle":"Esta tarde","jetpack_sharing_enabled":true,"_links":{"self":[{"href":"https:\/\/www.hoymercedes.com.ar\/principal\/wp-json\/wp\/v2\/posts\/73075","targetHints":{"allow":["GET"]}}],"collection":[{"href":"https:\/\/www.hoymercedes.com.ar\/principal\/wp-json\/wp\/v2\/posts"}],"about":[{"href":"https:\/\/www.hoymercedes.com.ar\/principal\/wp-json\/wp\/v2\/types\/post"}],"author":[{"embeddable":true,"href":"https:\/\/www.hoymercedes.com.ar\/principal\/wp-json\/wp\/v2\/users\/1"}],"replies":[{"embeddable":true,"href":"https:\/\/www.hoymercedes.com.ar\/principal\/wp-json\/wp\/v2\/comments?post=73075"}],"version-history":[{"count":0,"href":"https:\/\/www.hoymercedes.com.ar\/principal\/wp-json\/wp\/v2\/posts\/73075\/revisions"}],"wp:attachment":[{"href":"https:\/\/www.hoymercedes.com.ar\/principal\/wp-json\/wp\/v2\/media?parent=73075"}],"wp:term":[{"taxonomy":"category","embeddable":true,"href":"https:\/\/www.hoymercedes.com.ar\/principal\/wp-json\/wp\/v2\/categories?post=73075"},{"taxonomy":"post_tag","embeddable":true,"href":"https:\/\/www.hoymercedes.com.ar\/principal\/wp-json\/wp\/v2\/tags?post=73075"}],"curies":[{"name":"wp","href":"https:\/\/api.w.org\/{rel}","templated":true}]}}