{"id":73148,"date":"2018-03-04T20:11:42","date_gmt":"2018-03-04T23:11:42","guid":{"rendered":"http:\/\/www.hoymercedes.com.ar\/principal\/?p=73148"},"modified":"2018-03-04T20:11:42","modified_gmt":"2018-03-04T23:11:42","slug":"homenajearan-con-arte-y-musica-a-las-mujeres","status":"publish","type":"post","link":"https:\/\/www.hoymercedes.com.ar\/principal\/2018\/03\/04\/homenajearan-con-arte-y-musica-a-las-mujeres\/","title":{"rendered":"Homenajear\u00e1n con arte y m\u00fasica a las mujeres"},"content":{"rendered":"<p>En el Museo de Arte \u00abMunicipalidad de Mercedes\u00bb se llevar\u00e1 a cabo una exposici\u00f3n y actividades dedicadas a las mujeres. Es con entrada libre y gratuita y ser\u00e1 en homenaje a grandes referentes. Luciana Aguilar realizar\u00e1 la puesta en escena y tendr\u00e1 la propuesta un cierre musical con el Tr\u00edo \u201cLas Malnove\u201d<\/p>\n<p>\u00abDicen que este ser\u00e1 recordado como el siglo de las mujeres. Que si hay una revoluci\u00f3n es esta. La de las mujeres saliendo a las calles, uni\u00e9ndose en las diferencias, reclamando, visibilizando problem\u00e1ticas ocultas o naturalizadas. Pero no se llega aqu\u00ed desde la nada. Hay una historia. Hay pioneras\u00bb, expresan desde el \u00e1rea de Cultura.<\/p>\n<p>\u00abMuchas. Muchas reconocidas, excepcionales. Otras que solo quedaron para un circuito peque\u00f1o. Julieta Lanteri, Carolina Muzzilli, Salvadora Medina Onrubia y Alfonsina Storni son parte de este c\u00edrculo.\u00a0A ellas, a conocerlas y reconocerlas, est\u00e1 dedicada la muestra que el viernes 9 a la hora 21 quedar\u00e1 inaugurada en el MAMM\u00bb, agregan.<\/p>\n<p>\u00abEllas comparten tambi\u00e9n una \u00e9poca: principios del siglo XX; una preocupaci\u00f3n: la situaci\u00f3n de las mujeres; y una manera de poner el cuerpo y las palabras y la creatividad para darse a conocer. Y con diferencias se respetan, se admiran, se acompa\u00f1an.\u00a0Mujeres apasionadas, mujeres descentradas, mujeres de urnas tomar.\u00a0Personalidades de la cultura mercedina se pondr\u00e1n en la piel de estas mujeres\u00bb, destacan.<\/p>\n<p>Luciana Aguiar realizar\u00e1 la puesta en escena. Y cierran \u201cLas Malvone\u201d (tr\u00edo integrado por Mar\u00eda Eva Regueiro, Celina Di Paolo y Amarilis D\u00edaz) esta noche de mujeres, por mujeres. Para todos. Calle 21 entre 16 y 18.<\/p>\n<p>&nbsp;<\/p>\n<p>Fuente: Prensa Mercedes<\/p>\n","protected":false},"excerpt":{"rendered":"<p>En el Museo de Arte \u00abMunicipalidad de Mercedes\u00bb se llevar\u00e1 a cabo una exposici\u00f3n y actividades dedicadas a las mujeres. &#8230; <a title=\"Homenajear\u00e1n con arte y m\u00fasica a las mujeres\" class=\"read-more\" href=\"https:\/\/www.hoymercedes.com.ar\/principal\/2018\/03\/04\/homenajearan-con-arte-y-musica-a-las-mujeres\/\" aria-label=\"Leer m\u00e1s sobre Homenajear\u00e1n con arte y m\u00fasica a las mujeres\">Leer m\u00e1s<\/a><\/p>\n","protected":false},"author":1,"featured_media":64671,"comment_status":"closed","ping_status":"open","sticky":false,"template":"","format":"standard","meta":{"_monsterinsights_skip_tracking":false,"_monsterinsights_sitenote_active":false,"_monsterinsights_sitenote_note":"","_monsterinsights_sitenote_category":0,"jetpack_post_was_ever_published":false,"_jetpack_newsletter_access":"","_jetpack_dont_email_post_to_subs":false,"_jetpack_newsletter_tier_id":0,"_jetpack_memberships_contains_paywalled_content":false,"_jetpack_memberships_contains_paid_content":false,"footnotes":"","jetpack_publicize_message":"","jetpack_publicize_feature_enabled":true,"jetpack_social_post_already_shared":true,"jetpack_social_options":{"image_generator_settings":{"template":"highway","default_image_id":0,"font":"","enabled":false},"version":2},"_wpas_customize_per_network":false},"categories":[104],"tags":[7805,525,8674,10,10869],"class_list":["post-73148","post","type-post","status-publish","format-standard","has-post-thumbnail","hentry","category-cultura","tag-cultura","tag-dia-de-la-mujer","tag-mamm","tag-mercedes","tag-museo-de-arte","generate-columns","tablet-grid-50","mobile-grid-100","grid-parent","grid-50"],"jetpack_publicize_connections":[],"jetpack_featured_media_url":"https:\/\/www.hoymercedes.com.ar\/principal\/wp-content\/uploads\/2017\/07\/10-MAMM.jpg","wps_subtitle":"En el Museo de Arte","jetpack_sharing_enabled":true,"_links":{"self":[{"href":"https:\/\/www.hoymercedes.com.ar\/principal\/wp-json\/wp\/v2\/posts\/73148","targetHints":{"allow":["GET"]}}],"collection":[{"href":"https:\/\/www.hoymercedes.com.ar\/principal\/wp-json\/wp\/v2\/posts"}],"about":[{"href":"https:\/\/www.hoymercedes.com.ar\/principal\/wp-json\/wp\/v2\/types\/post"}],"author":[{"embeddable":true,"href":"https:\/\/www.hoymercedes.com.ar\/principal\/wp-json\/wp\/v2\/users\/1"}],"replies":[{"embeddable":true,"href":"https:\/\/www.hoymercedes.com.ar\/principal\/wp-json\/wp\/v2\/comments?post=73148"}],"version-history":[{"count":0,"href":"https:\/\/www.hoymercedes.com.ar\/principal\/wp-json\/wp\/v2\/posts\/73148\/revisions"}],"wp:featuredmedia":[{"embeddable":true,"href":"https:\/\/www.hoymercedes.com.ar\/principal\/wp-json\/wp\/v2\/media\/64671"}],"wp:attachment":[{"href":"https:\/\/www.hoymercedes.com.ar\/principal\/wp-json\/wp\/v2\/media?parent=73148"}],"wp:term":[{"taxonomy":"category","embeddable":true,"href":"https:\/\/www.hoymercedes.com.ar\/principal\/wp-json\/wp\/v2\/categories?post=73148"},{"taxonomy":"post_tag","embeddable":true,"href":"https:\/\/www.hoymercedes.com.ar\/principal\/wp-json\/wp\/v2\/tags?post=73148"}],"curies":[{"name":"wp","href":"https:\/\/api.w.org\/{rel}","templated":true}]}}