{"id":73173,"date":"2018-03-05T19:45:49","date_gmt":"2018-03-05T22:45:49","guid":{"rendered":"http:\/\/www.hoymercedes.com.ar\/principal\/?p=73173"},"modified":"2018-03-05T21:25:58","modified_gmt":"2018-03-06T00:25:58","slug":"barrio-san-martin-vs-velez-y-defensores-vs-social-obrero-de-zarate-los-cruces","status":"publish","type":"post","link":"https:\/\/www.hoymercedes.com.ar\/principal\/2018\/03\/05\/barrio-san-martin-vs-velez-y-defensores-vs-social-obrero-de-zarate-los-cruces\/","title":{"rendered":"Barrio San Mart\u00edn Vs. V\u00e9lez y Defensores Vs. Social Obrero de Z\u00e1rate, los crucesx"},"content":{"rendered":"<p>Una vez finalizada la etapa de grupos del Torneo Federaci\u00f3n Norte, tras un fin de semana sin actividad debido a que se analiz\u00f3 un partido protestado, que modific\u00f3 la tabla de los clasificados, se dio a conocer c\u00f3mo son los cruces de los octavos de final y el destino indic\u00f3 que nuevamente se vean las caras AMEFIP &#8211; Barrio San Mart\u00edn y V\u00e9lez, mientras que Defensores, que fue el \u00faltimo equipo en clasificar, se medir\u00e1 ante Social Obrero de Z\u00e1rate.<\/p>\n<p><img loading=\"lazy\" decoding=\"async\" data-attachment-id=\"73174\" data-permalink=\"https:\/\/www.hoymercedes.com.ar\/principal\/2018\/03\/05\/barrio-san-martin-vs-velez-y-defensores-vs-social-obrero-de-zarate-los-cruces\/defensores-foto-archivo-2\/#main\" data-orig-file=\"https:\/\/www.hoymercedes.com.ar\/principal\/wp-content\/uploads\/2018\/03\/Defensores-foto-archivo.jpg\" data-orig-size=\"630,473\" data-comments-opened=\"0\" data-image-meta=\"{&quot;aperture&quot;:&quot;0&quot;,&quot;credit&quot;:&quot;&quot;,&quot;camera&quot;:&quot;&quot;,&quot;caption&quot;:&quot;&quot;,&quot;created_timestamp&quot;:&quot;0&quot;,&quot;copyright&quot;:&quot;&quot;,&quot;focal_length&quot;:&quot;0&quot;,&quot;iso&quot;:&quot;0&quot;,&quot;shutter_speed&quot;:&quot;0&quot;,&quot;title&quot;:&quot;&quot;,&quot;orientation&quot;:&quot;0&quot;}\" data-image-title=\"Defensores-foto-archivo\" data-image-description=\"\" data-image-caption=\"\" data-large-file=\"https:\/\/www.hoymercedes.com.ar\/principal\/wp-content\/uploads\/2018\/03\/Defensores-foto-archivo.jpg\" class=\"aligncenter size-medium wp-image-73174\" src=\"https:\/\/www.hoymercedes.com.ar\/principal\/wp-content\/uploads\/2018\/03\/Defensores-foto-archivo-630x473.jpg\" alt=\"\" width=\"630\" height=\"473\" srcset=\"https:\/\/www.hoymercedes.com.ar\/principal\/wp-content\/uploads\/2018\/03\/Defensores-foto-archivo.jpg 630w, https:\/\/www.hoymercedes.com.ar\/principal\/wp-content\/uploads\/2018\/03\/Defensores-foto-archivo-150x113.jpg 150w\" sizes=\"auto, (max-width: 630px) 100vw, 630px\" \/><\/p>\n<p>Los de Camargo tienen saldo positivo ante los de Rementer\u00eda, ya que en la Zona en la que se enfrentaron, que dejaron eliminado a Rivadavia de Chacabuco, el partido de ida termin\u00f3 2 a 2, yendo las dos veces arriba V\u00e9lez, mientras que en la vuelta, fue victoria para los del barrio El Molino por 4 a 1. Los dos partidos se jugar\u00e1n en los pr\u00f3ximos dos fines de semana, en cancha de la Liga Mercedina, siendo local primero AMEFIP y luego la v azulada.<\/p>\n<p>En cuanto a Defensores, que en la \u00faltima fecha despach\u00f3 del segundo puesto a Palometas y termin\u00f3 clasificando al vencer a San Lorenzo de Rawson, deber\u00e1 medirse ante Social Obrero de Z\u00e1rate, que fue el segundo clasificado de la zona en la que qued\u00f3 eliminado Pabell\u00f3n Argentino de Marcos Paz.<\/p>\n<p>Los cruces confirmados<\/p>\n<p>Deportivo Alsina (Baradero) vs. Sarmiento (Z\u00e1rate).<br \/>\nArgentino Oeste (San Nicol\u00e1s) vs. River Plate (Chacabuco).<br \/>\nFlecha Azul (Pilar) vs. San Mart\u00edn (Chacabuco).<br \/>\nAMEFIP San Mart\u00edn vs. V\u00e9lez Sarsfield.<br \/>\nDefensores Juniors vs. Social Obrero (Z\u00e1rate).<br \/>\nSan Patricio (San Antonio de Areco) vs. CADU (Z\u00e1rate).<br \/>\nObras Sanitaria (Arrecifes) vs. Maip\u00fa (Z\u00e1rate).<br \/>\nLas Campanas (Campana) vs. 12 de Octubre (San Nicol\u00e1s).<\/p>\n","protected":false},"excerpt":{"rendered":"<p>Una vez finalizada la etapa de grupos del Torneo Federaci\u00f3n Norte, tras un fin de semana sin actividad debido a &#8230; <a title=\"Barrio San Mart\u00edn Vs. V\u00e9lez y Defensores Vs. Social Obrero de Z\u00e1rate, los crucesx\" class=\"read-more\" href=\"https:\/\/www.hoymercedes.com.ar\/principal\/2018\/03\/05\/barrio-san-martin-vs-velez-y-defensores-vs-social-obrero-de-zarate-los-cruces\/\" aria-label=\"Leer m\u00e1s sobre Barrio San Mart\u00edn Vs. V\u00e9lez y Defensores Vs. Social Obrero de Z\u00e1rate, los crucesx\">Leer m\u00e1s<\/a><\/p>\n","protected":false},"author":1,"featured_media":73174,"comment_status":"closed","ping_status":"open","sticky":false,"template":"","format":"standard","meta":{"_monsterinsights_skip_tracking":false,"_monsterinsights_sitenote_active":false,"_monsterinsights_sitenote_note":"","_monsterinsights_sitenote_category":0,"jetpack_post_was_ever_published":false,"_jetpack_newsletter_access":"","_jetpack_dont_email_post_to_subs":false,"_jetpack_newsletter_tier_id":0,"_jetpack_memberships_contains_paywalled_content":false,"_jetpack_memberships_contains_paid_content":false,"footnotes":"","jetpack_publicize_message":"","jetpack_publicize_feature_enabled":true,"jetpack_social_post_already_shared":true,"jetpack_social_options":{"image_generator_settings":{"template":"highway","default_image_id":0,"font":"","enabled":false},"version":2},"_wpas_customize_per_network":false},"categories":[21],"tags":[1041,10892,204,8426,1003,12732,445],"class_list":["post-73173","post","type-post","status-publish","format-standard","has-post-thumbnail","hentry","category-deportes","tag-barrio-san-martin","tag-defensores","tag-deportes-2","tag-federacion-norte","tag-futbol","tag-social-obrero","tag-velez","generate-columns","tablet-grid-50","mobile-grid-100","grid-parent","grid-50"],"jetpack_publicize_connections":[],"jetpack_featured_media_url":"https:\/\/www.hoymercedes.com.ar\/principal\/wp-content\/uploads\/2018\/03\/Defensores-foto-archivo.jpg","wps_subtitle":"Federaci\u00f3n Norte","jetpack_sharing_enabled":true,"_links":{"self":[{"href":"https:\/\/www.hoymercedes.com.ar\/principal\/wp-json\/wp\/v2\/posts\/73173","targetHints":{"allow":["GET"]}}],"collection":[{"href":"https:\/\/www.hoymercedes.com.ar\/principal\/wp-json\/wp\/v2\/posts"}],"about":[{"href":"https:\/\/www.hoymercedes.com.ar\/principal\/wp-json\/wp\/v2\/types\/post"}],"author":[{"embeddable":true,"href":"https:\/\/www.hoymercedes.com.ar\/principal\/wp-json\/wp\/v2\/users\/1"}],"replies":[{"embeddable":true,"href":"https:\/\/www.hoymercedes.com.ar\/principal\/wp-json\/wp\/v2\/comments?post=73173"}],"version-history":[{"count":0,"href":"https:\/\/www.hoymercedes.com.ar\/principal\/wp-json\/wp\/v2\/posts\/73173\/revisions"}],"wp:featuredmedia":[{"embeddable":true,"href":"https:\/\/www.hoymercedes.com.ar\/principal\/wp-json\/wp\/v2\/media\/73174"}],"wp:attachment":[{"href":"https:\/\/www.hoymercedes.com.ar\/principal\/wp-json\/wp\/v2\/media?parent=73173"}],"wp:term":[{"taxonomy":"category","embeddable":true,"href":"https:\/\/www.hoymercedes.com.ar\/principal\/wp-json\/wp\/v2\/categories?post=73173"},{"taxonomy":"post_tag","embeddable":true,"href":"https:\/\/www.hoymercedes.com.ar\/principal\/wp-json\/wp\/v2\/tags?post=73173"}],"curies":[{"name":"wp","href":"https:\/\/api.w.org\/{rel}","templated":true}]}}