{"id":73207,"date":"2018-03-07T08:56:04","date_gmt":"2018-03-07T11:56:04","guid":{"rendered":"http:\/\/www.hoymercedes.com.ar\/principal\/?p=73207"},"modified":"2018-03-07T16:58:08","modified_gmt":"2018-03-07T19:58:08","slug":"confirman-prision-a-dos-menores","status":"publish","type":"post","link":"https:\/\/www.hoymercedes.com.ar\/principal\/2018\/03\/07\/confirman-prision-a-dos-menores\/","title":{"rendered":"Confirman prisi\u00f3n a dos menores"},"content":{"rendered":"<p>Son tres los detenidos por el hecho del brutal asalto a un octogenario en Agote, ocurrido el pasado lunes 26: un mayor de edad y dos menores. En tanto, un menor no punible est\u00e1 tambi\u00e9n sindicado en el caso y se estar\u00eda evaluando si se aplicar\u00e1n medidas sobre el mismo por su participaci\u00f3n en el hecho.<\/p>\n<p>En la jornada de este lunes se llev\u00f3 a cabo una audiencia en el Juzgado de Garant\u00edas del Menor N\u00b0 2 donde se confirm\u00f3 la prisi\u00f3n preventiva de los dos menores que se encuentran privados de su libertad en Centros de Menores por el brutal asalto al vecino Balmaceda.<\/p>\n<p>Respecto del estado de salud de Elido Balmaceda, se conoci\u00f3 que tambi\u00e9n ayer se le practic\u00f3 una intervenci\u00f3n quir\u00fargica tras la cual fue llevado a terapia intensiva para su estricto control. Fuentes allegadas a la familia dieron cuenta de que evoluciona favorablemente y que la operaci\u00f3n result\u00f3 exitosa.<\/p>\n","protected":false},"excerpt":{"rendered":"<p>Son tres los detenidos por el hecho del brutal asalto a un octogenario en Agote, ocurrido el pasado lunes 26: &#8230; <a title=\"Confirman prisi\u00f3n a dos menores\" class=\"read-more\" href=\"https:\/\/www.hoymercedes.com.ar\/principal\/2018\/03\/07\/confirman-prision-a-dos-menores\/\" aria-label=\"Leer m\u00e1s sobre Confirman prisi\u00f3n a dos menores\">Leer m\u00e1s<\/a><\/p>\n","protected":false},"author":1,"featured_media":40738,"comment_status":"closed","ping_status":"open","sticky":false,"template":"","format":"standard","meta":{"_monsterinsights_skip_tracking":false,"_monsterinsights_sitenote_active":false,"_monsterinsights_sitenote_note":"","_monsterinsights_sitenote_category":0,"jetpack_post_was_ever_published":false,"_jetpack_newsletter_access":"","_jetpack_dont_email_post_to_subs":false,"_jetpack_newsletter_tier_id":0,"_jetpack_memberships_contains_paywalled_content":false,"_jetpack_memberships_contains_paid_content":false,"footnotes":"","jetpack_publicize_message":"","jetpack_publicize_feature_enabled":true,"jetpack_social_post_already_shared":false,"jetpack_social_options":{"image_generator_settings":{"template":"highway","default_image_id":0,"font":"","enabled":false},"version":2},"_wpas_customize_per_network":false},"categories":[85],"tags":[1981,10352,96],"class_list":["post-73207","post","type-post","status-publish","format-standard","has-post-thumbnail","hentry","category-policial","tag-agote","tag-detencion","tag-policial-2","generate-columns","tablet-grid-50","mobile-grid-100","grid-parent","grid-50"],"jetpack_publicize_connections":[],"jetpack_featured_media_url":"https:\/\/www.hoymercedes.com.ar\/principal\/wp-content\/uploads\/2015\/04\/policiabonaerense1.jpg","wps_subtitle":"Caso de anciano de Agote","jetpack_sharing_enabled":true,"_links":{"self":[{"href":"https:\/\/www.hoymercedes.com.ar\/principal\/wp-json\/wp\/v2\/posts\/73207","targetHints":{"allow":["GET"]}}],"collection":[{"href":"https:\/\/www.hoymercedes.com.ar\/principal\/wp-json\/wp\/v2\/posts"}],"about":[{"href":"https:\/\/www.hoymercedes.com.ar\/principal\/wp-json\/wp\/v2\/types\/post"}],"author":[{"embeddable":true,"href":"https:\/\/www.hoymercedes.com.ar\/principal\/wp-json\/wp\/v2\/users\/1"}],"replies":[{"embeddable":true,"href":"https:\/\/www.hoymercedes.com.ar\/principal\/wp-json\/wp\/v2\/comments?post=73207"}],"version-history":[{"count":0,"href":"https:\/\/www.hoymercedes.com.ar\/principal\/wp-json\/wp\/v2\/posts\/73207\/revisions"}],"wp:featuredmedia":[{"embeddable":true,"href":"https:\/\/www.hoymercedes.com.ar\/principal\/wp-json\/wp\/v2\/media\/40738"}],"wp:attachment":[{"href":"https:\/\/www.hoymercedes.com.ar\/principal\/wp-json\/wp\/v2\/media?parent=73207"}],"wp:term":[{"taxonomy":"category","embeddable":true,"href":"https:\/\/www.hoymercedes.com.ar\/principal\/wp-json\/wp\/v2\/categories?post=73207"},{"taxonomy":"post_tag","embeddable":true,"href":"https:\/\/www.hoymercedes.com.ar\/principal\/wp-json\/wp\/v2\/tags?post=73207"}],"curies":[{"name":"wp","href":"https:\/\/api.w.org\/{rel}","templated":true}]}}