{"id":73292,"date":"2018-03-09T00:27:14","date_gmt":"2018-03-09T03:27:14","guid":{"rendered":"http:\/\/www.hoymercedes.com.ar\/principal\/?p=73292"},"modified":"2018-03-09T00:27:14","modified_gmt":"2018-03-09T03:27:14","slug":"se-reactiva-el-programa-mercedes-sustentable-para-las-escuelas","status":"publish","type":"post","link":"https:\/\/www.hoymercedes.com.ar\/principal\/2018\/03\/09\/se-reactiva-el-programa-mercedes-sustentable-para-las-escuelas\/","title":{"rendered":"Se reactiva el programa \u201cMercedes Sustentable\u201d para las escuelas"},"content":{"rendered":"<p>En el Marco del Programa \u201cMercedes Sustentable\u201d, el Departamento de Ambiente de la Municipalidad de Mercedes retir\u00f3 bolsones con de envases pl\u00e1sticos (PET) en la Escuela Parroquial Padre Ansaldo y en el Jard\u00edn de Infantes N\u00b0 908 de Agote.<\/p>\n<p><img loading=\"lazy\" decoding=\"async\" data-attachment-id=\"73293\" data-permalink=\"https:\/\/www.hoymercedes.com.ar\/principal\/2018\/03\/09\/se-reactiva-el-programa-mercedes-sustentable-para-las-escuelas\/09-recoleccion-pet-2\/#main\" data-orig-file=\"https:\/\/www.hoymercedes.com.ar\/principal\/wp-content\/uploads\/2018\/03\/09-recoleccion-pet.2.jpg\" data-orig-size=\"750,563\" data-comments-opened=\"0\" data-image-meta=\"{&quot;aperture&quot;:&quot;0&quot;,&quot;credit&quot;:&quot;&quot;,&quot;camera&quot;:&quot;&quot;,&quot;caption&quot;:&quot;&quot;,&quot;created_timestamp&quot;:&quot;0&quot;,&quot;copyright&quot;:&quot;&quot;,&quot;focal_length&quot;:&quot;0&quot;,&quot;iso&quot;:&quot;0&quot;,&quot;shutter_speed&quot;:&quot;0&quot;,&quot;title&quot;:&quot;&quot;,&quot;orientation&quot;:&quot;0&quot;}\" data-image-title=\"09 recoleccion-pet.2\" data-image-description=\"\" data-image-caption=\"\" data-large-file=\"https:\/\/www.hoymercedes.com.ar\/principal\/wp-content\/uploads\/2018\/03\/09-recoleccion-pet.2.jpg\" class=\"aligncenter size-medium wp-image-73293\" src=\"https:\/\/www.hoymercedes.com.ar\/principal\/wp-content\/uploads\/2018\/03\/09-recoleccion-pet.2-630x473.jpg\" alt=\"\" width=\"630\" height=\"473\" srcset=\"https:\/\/www.hoymercedes.com.ar\/principal\/wp-content\/uploads\/2018\/03\/09-recoleccion-pet.2-630x473.jpg 630w, https:\/\/www.hoymercedes.com.ar\/principal\/wp-content\/uploads\/2018\/03\/09-recoleccion-pet.2-150x113.jpg 150w, https:\/\/www.hoymercedes.com.ar\/principal\/wp-content\/uploads\/2018\/03\/09-recoleccion-pet.2.jpg 750w\" sizes=\"auto, (max-width: 630px) 100vw, 630px\" \/><\/p>\n<p>El Programa de educaci\u00f3n y gesti\u00f3n ambiental tiene como finalidad promover la separaci\u00f3n en origen de los RSU producidos por la comunidad educativa.<\/p>\n<p>Para tal fin, se promociona la separaci\u00f3n y acopio de envases pl\u00e1sticos (PET), de Residuos de Aparatos El\u00e9ctricos y Electr\u00f3nicos (RAAE) y otros residuos de inter\u00e9s de la comunidad educativa.<\/p>\n<p>En el caso de los pl\u00e1sticos, la Municipalidad provee a las escuelas de un set de estaciones ambientales para la separaci\u00f3n de los residuos y un bols\u00f3n para el acopio de pl\u00e1sticos (PET).<\/p>\n<p>Una vez completado el bols\u00f3n, el municipio lo retira y lo lleva a la Empresa Reciclado Argentino de PETS S.R.L (en Gowland) donde se pesa y se confecciona un remito para el posterior pago de la empresa a la cooperadora de la Escuela.<\/p>\n<p>Vale recordar que el primer mandatario local, Dr. Juan Ignacio Ustarroz, ha efectuado en varias ocasiones expresiones sobre el asunto, remarcando la importancia \u201cde la separaci\u00f3n y reciclaje en origen\u201d que \u201ces algo muy educativo y protector del medio ambiente\u201d y que \u201ces un programa que nos enorgullece, que avanza, y con el cual hemos firmado convenio con muchas instituciones educativas, siendo de gran beneficio tambi\u00e9n para ellas\u201d, sostuvo el Jefe Comunal. Otro aspecto que tambi\u00e9n se record\u00f3 es el importante saneamiento del basural de La Florida, algo que hac\u00eda d\u00e9cadas los vecinos esperaban y hoy es una realidad.<\/p>\n<p>&nbsp;<\/p>\n<p>Fuente: Prensa Municipal<\/p>\n","protected":false},"excerpt":{"rendered":"<p>En el Marco del Programa \u201cMercedes Sustentable\u201d, el Departamento de Ambiente de la Municipalidad de Mercedes retir\u00f3 bolsones con de &#8230; <a title=\"Se reactiva el programa \u201cMercedes Sustentable\u201d para las escuelas\" class=\"read-more\" href=\"https:\/\/www.hoymercedes.com.ar\/principal\/2018\/03\/09\/se-reactiva-el-programa-mercedes-sustentable-para-las-escuelas\/\" aria-label=\"Leer m\u00e1s sobre Se reactiva el programa \u201cMercedes Sustentable\u201d para las escuelas\">Leer m\u00e1s<\/a><\/p>\n","protected":false},"author":1,"featured_media":73293,"comment_status":"closed","ping_status":"open","sticky":false,"template":"","format":"standard","meta":{"_monsterinsights_skip_tracking":false,"_monsterinsights_sitenote_active":false,"_monsterinsights_sitenote_note":"","_monsterinsights_sitenote_category":0,"jetpack_post_was_ever_published":false,"_jetpack_newsletter_access":"","_jetpack_dont_email_post_to_subs":false,"_jetpack_newsletter_tier_id":0,"_jetpack_memberships_contains_paywalled_content":false,"_jetpack_memberships_contains_paid_content":false,"footnotes":"","jetpack_publicize_message":"","jetpack_publicize_feature_enabled":true,"jetpack_social_post_already_shared":true,"jetpack_social_options":{"image_generator_settings":{"template":"highway","default_image_id":0,"font":"","enabled":false},"version":2},"_wpas_customize_per_network":false},"categories":[30],"tags":[43,10,244],"class_list":["post-73292","post","type-post","status-publish","format-standard","has-post-thumbnail","hentry","category-municipio","tag-medio-ambiente","tag-mercedes","tag-municipio-2","generate-columns","tablet-grid-50","mobile-grid-100","grid-parent","grid-50"],"jetpack_publicize_connections":[],"jetpack_featured_media_url":"https:\/\/www.hoymercedes.com.ar\/principal\/wp-content\/uploads\/2018\/03\/09-recoleccion-pet.2.jpg","wps_subtitle":"Medio ambiente","jetpack_sharing_enabled":true,"_links":{"self":[{"href":"https:\/\/www.hoymercedes.com.ar\/principal\/wp-json\/wp\/v2\/posts\/73292","targetHints":{"allow":["GET"]}}],"collection":[{"href":"https:\/\/www.hoymercedes.com.ar\/principal\/wp-json\/wp\/v2\/posts"}],"about":[{"href":"https:\/\/www.hoymercedes.com.ar\/principal\/wp-json\/wp\/v2\/types\/post"}],"author":[{"embeddable":true,"href":"https:\/\/www.hoymercedes.com.ar\/principal\/wp-json\/wp\/v2\/users\/1"}],"replies":[{"embeddable":true,"href":"https:\/\/www.hoymercedes.com.ar\/principal\/wp-json\/wp\/v2\/comments?post=73292"}],"version-history":[{"count":0,"href":"https:\/\/www.hoymercedes.com.ar\/principal\/wp-json\/wp\/v2\/posts\/73292\/revisions"}],"wp:featuredmedia":[{"embeddable":true,"href":"https:\/\/www.hoymercedes.com.ar\/principal\/wp-json\/wp\/v2\/media\/73293"}],"wp:attachment":[{"href":"https:\/\/www.hoymercedes.com.ar\/principal\/wp-json\/wp\/v2\/media?parent=73292"}],"wp:term":[{"taxonomy":"category","embeddable":true,"href":"https:\/\/www.hoymercedes.com.ar\/principal\/wp-json\/wp\/v2\/categories?post=73292"},{"taxonomy":"post_tag","embeddable":true,"href":"https:\/\/www.hoymercedes.com.ar\/principal\/wp-json\/wp\/v2\/tags?post=73292"}],"curies":[{"name":"wp","href":"https:\/\/api.w.org\/{rel}","templated":true}]}}